{"id":3609,"date":"2012-09-26T21:57:57","date_gmt":"2012-09-26T21:57:57","guid":{"rendered":"http:\/\/pcb.org.br\/portal2\/?p=3609"},"modified":"2012-09-26T21:57:57","modified_gmt":"2012-09-26T21:57:57","slug":"trabalhadores-gregos-retomam-as-ruas","status":"publish","type":"post","link":"https:\/\/pcb.org.br\/portal2\/3609","title":{"rendered":"Trabalhadores gregos retomam as ruas"},"content":{"rendered":"<br \/>\n<hr \/>\n<p>A m\u00e1scara do novo governo \u2013 uma coliga\u00e7\u00e3o formada em torno da proposta de negociar-se, com os credores do pa\u00eds, a \u201csuaviza\u00e7\u00e3o\u201d das condi\u00e7\u00f5es impostas ao pa\u00eds para o pagamento de suas d\u00edvidas com os pa\u00edses e bancos europeus \u2013, come\u00e7ou a cair. Os tranbalhadores gregos sentem, na sua pele, os efeitos do desemprego, dos aumentos dos importos, das redu\u00e7\u00f5es salariais e dos cortes no or\u00e7amento p\u00fablico, como apontam as novas medidas anunciadas. Caem por terra as ilus\u00f5es vendidas aos trabalhadores, no processo eleitoral, de que seria poss\u00edvel uma sa\u00edda para a crise grega sem a quebra do Euro, das regras da Uni\u00e3o Europ\u00e9ia, sem o enfrentamento do sistema capitalista.<\/p>\n","protected":false},"excerpt":{"rendered":"A Gr\u00e9cia parou: greve-geral de 24 horas, convocada por confedera\u00e7\u00f5es sindicais do setor p\u00fablico e privado, foi deflagrada em todo o pa\u00eds contra as novas medidas de austeridade anunciadas pelo governo. Em Atenas, mais de 50 mil manifestantes ocuparam as ruas e enfrentaram a pol\u00edlia. Esse \u00e9 o destaque do Olhar Comunista dessa quarta.\n<a class=\"moretag\" href=\"https:\/\/pcb.org.br\/portal2\/3609\"> <\/a>","protected":false},"author":1,"featured_media":0,"comment_status":"open","ping_status":"open","sticky":false,"template":"","format":"standard","meta":{"jetpack_post_was_ever_published":false,"_jetpack_newsletter_access":"","_jetpack_dont_email_post_to_subs":false,"_jetpack_newsletter_tier_id":0,"_jetpack_memberships_contains_paywalled_content":false,"_jetpack_memberships_contains_paid_content":false,"footnotes":"","jetpack_publicize_message":"","jetpack_publicize_feature_enabled":true,"jetpack_social_post_already_shared":false,"jetpack_social_options":{"image_generator_settings":{"template":"highway","default_image_id":0,"font":"","enabled":false},"version":2}},"categories":[100],"tags":[],"class_list":["post-3609","post","type-post","status-publish","format-standard","hentry","category-c113-a-semana-no-olhar-comunista"],"jetpack_publicize_connections":[],"jetpack_featured_media_url":"","jetpack_shortlink":"https:\/\/wp.me\/p659gw-Wd","jetpack-related-posts":[],"jetpack_likes_enabled":true,"jetpack_sharing_enabled":true,"_links":{"self":[{"href":"https:\/\/pcb.org.br\/portal2\/wp-json\/wp\/v2\/posts\/3609","targetHints":{"allow":["GET"]}}],"collection":[{"href":"https:\/\/pcb.org.br\/portal2\/wp-json\/wp\/v2\/posts"}],"about":[{"href":"https:\/\/pcb.org.br\/portal2\/wp-json\/wp\/v2\/types\/post"}],"author":[{"embeddable":true,"href":"https:\/\/pcb.org.br\/portal2\/wp-json\/wp\/v2\/users\/1"}],"replies":[{"embeddable":true,"href":"https:\/\/pcb.org.br\/portal2\/wp-json\/wp\/v2\/comments?post=3609"}],"version-history":[{"count":0,"href":"https:\/\/pcb.org.br\/portal2\/wp-json\/wp\/v2\/posts\/3609\/revisions"}],"wp:attachment":[{"href":"https:\/\/pcb.org.br\/portal2\/wp-json\/wp\/v2\/media?parent=3609"}],"wp:term":[{"taxonomy":"category","embeddable":true,"href":"https:\/\/pcb.org.br\/portal2\/wp-json\/wp\/v2\/categories?post=3609"},{"taxonomy":"post_tag","embeddable":true,"href":"https:\/\/pcb.org.br\/portal2\/wp-json\/wp\/v2\/tags?post=3609"}],"curies":[{"name":"wp","href":"https:\/\/api.w.org\/{rel}","templated":true}]}}