{"id":3668,"date":"2012-10-07T16:30:20","date_gmt":"2012-10-07T16:30:20","guid":{"rendered":"http:\/\/pcb.org.br\/portal2\/?p=3668"},"modified":"2012-10-07T16:30:20","modified_gmt":"2012-10-07T16:30:20","slug":"passa-mais-uma-eleicao-a-exploracao-e-a-luta-de-classes-continuam","status":"publish","type":"post","link":"https:\/\/pcb.org.br\/portal2\/3668","title":{"rendered":"Passa mais uma elei\u00e7\u00e3o; a explora\u00e7\u00e3o e a luta de classes continuam!"},"content":{"rendered":"\n<p>Hoje \u00e9\u00a0um dia que a m\u00eddia hegem\u00f4nica euforicamente saudar\u00e1\u00a0 como uma\u00a0\u201cfesta da democracia\u201d, mais um espet\u00e1culo para iludir o povo com a impress\u00e3o de que ele decide o seu destino, escolhendo representantes.<\/p>\n<p>Os opressores, que fazem pol\u00edtica cotidianamente, valorizam as elei\u00e7\u00f5es para passar aos oprimidos a impress\u00e3o de que pol\u00edtica \u00e9 poder votar livremente num candidato, na maioria das vezes um opressor! Daqui a dois anos, chegar\u00e1 novamente a\u00a0\u201chora da pol\u00edtica\u201d.<\/p>\n<p>Este teatro &#8211; farsa, drama e com\u00e9dia &#8211; n\u00e3o tem nada de democr\u00e1tico. Democracia \u00e9 igualdade de condi\u00e7\u00f5es para se travar qualquer disputa. A desigualdade est\u00e1 nas fortunas gastas nas campanhas, no financiamento de empresas, na corrup\u00e7\u00e3o, na manipula\u00e7\u00e3o midi\u00e1tica, na maquiagem demag\u00f3gica de candidatos.<\/p>\n<p>Os verdadeiros temas pol\u00edticos e ideol\u00f3gicos s\u00e3o colocados em segundo plano, imperando a demagogia e o debate t\u00e9cnico sobre como resolver problemas em geral insol\u00faveis no capitalismo.<\/p>\n<p>Mas os comunistas n\u00e3o renunciam a lutar em qualquer terreno. Mesmo conhecendo suas desvantagens, enfrentam a burguesia em seu pr\u00f3prio campo, desmascarando-a, denunciando o sistema pol\u00edtico, econ\u00f4mico e social.<\/p>\n<p>O PCB mais uma vez enfrentou este desafio; mais uma vez, milhares de verdadeiros militantes comunistas foram \u00e0s ruas, aos bairros, \u00e0s escolas e aos trabalhadores, levando a mensagem do socialismo, denunciando o capitalismo, o imperialismo.<\/p>\n<p>Os nossos resultados pol\u00edticos foram positivos; os resultados eleitorais ser\u00e3o modestos, pois o PCB se recusa a participar de coliga\u00e7\u00f5es com partidos da ordem, que poderiam nos assegurar mandatos, mas que custariam caro \u00e0 nossa coer\u00eancia pol\u00edtica, ao nosso projeto de ruptura com o capital.<\/p>\n<p>O PCB avan\u00e7ou tamb\u00e9m em seu processo de reconstru\u00e7\u00e3o revolucion\u00e1ria. Nas elei\u00e7\u00f5es burguesas os militantes se revelam, para o bem ou para o mal. A regra foi a milit\u00e2ncia aguerrida, a disciplina consciente, a defesa da linha pol\u00edtica do Partido. As dire\u00e7\u00f5es do PCB n\u00e3o vacilaram em anular coliga\u00e7\u00f5es esp\u00farias, retirar candidaturas, dissolver inst\u00e2ncias partid\u00e1rias, expulsar os que se degeneraram. O Partido sai depurado dessas elei\u00e7\u00f5es.<\/p>\n<p>Assim mesmo, contra a nossa vontade, ainda disputar\u00e3o essas elei\u00e7\u00f5es alguns candidatos que, apesar de impugnados e expulsos pelo PCB, conseguiram manter a candidatura por for\u00e7a de decis\u00f5es judiciais. N\u00e3o s\u00e3o candidatos do PCB, mas de ju\u00edzes e grupos olig\u00e1rquicos locais. S\u00e3o produtos residuais de filia\u00e7\u00f5es indiscriminadas feitas antes de nossa decis\u00e3o de s\u00f3 admitir militantes (e n\u00e3o apenas filiados) por recrutamento (e n\u00e3o por filia\u00e7\u00e3o). Servem de li\u00e7\u00e3o para redobrarmos nossa vigil\u00e2ncia revolucion\u00e1ria.<\/p>\n<p>Mas as elei\u00e7\u00f5es passam e a luta continua. N\u00e3o ser\u00e1 atrav\u00e9s delas que construiremos o socialismo, nem diminuiremos a explora\u00e7\u00e3o capitalista.<\/p>\n<p>V\u00eam a\u00ed o Congresso da Unidade Classista, as lutas contra as reformas regressivas dos direitos trabalhistas e previdenci\u00e1rios, o trabalho entre a juventude, as mulheres, os trabalhadores e o proletariado em geral; vem a\u00ed o cotidiano da luta de classes, o exerc\u00edcio do internacionalismo prolet\u00e1rio, a constru\u00e7\u00e3o do Partido, os debates do XV Congresso.<\/p>\n<p>E n\u00e3o podemos deixar de nos dirigir aos aliados da Frente de Esquerda, com os quais lutamos nesta batalha eleitoral. N\u00e3o queremos mais meras coliga\u00e7\u00f5es eleitorais. O PCB espera que a generosa demonstra\u00e7\u00e3o de unidade que deu nessas elei\u00e7\u00f5es contribua para a constru\u00e7\u00e3o de uma frente permanente, para a luta cotidiana contra o capital e o imperialismo, na perspectiva do socialismo.<\/p>\n<p>Ivan Pinheiro<\/p>\n<p>Secret\u00e1rio Geral do PCB<\/p>\n<p>7 de outubro de 2012 \u2013 11:00 h<\/p>\n","protected":false},"excerpt":{"rendered":"\n\n\nCr\u00e9dito: PCB\n\n\n\n\n\n\n\n\nIvan Pinheiro\n<a class=\"moretag\" href=\"https:\/\/pcb.org.br\/portal2\/3668\"> <\/a>","protected":false},"author":1,"featured_media":0,"comment_status":"open","ping_status":"open","sticky":false,"template":"","format":"standard","meta":{"jetpack_post_was_ever_published":false,"_jetpack_newsletter_access":"","_jetpack_dont_email_post_to_subs":false,"_jetpack_newsletter_tier_id":0,"_jetpack_memberships_contains_paywalled_content":false,"_jetpack_memberships_contains_paid_content":false,"footnotes":"","jetpack_publicize_message":"","jetpack_publicize_feature_enabled":true,"jetpack_social_post_already_shared":false,"jetpack_social_options":{"image_generator_settings":{"template":"highway","default_image_id":0,"font":"","enabled":false},"version":2}},"categories":[110],"tags":[],"class_list":["post-3668","post","type-post","status-publish","format-standard","hentry","category-c123-eleicoes-2012"],"jetpack_publicize_connections":[],"jetpack_featured_media_url":"","jetpack_shortlink":"https:\/\/wp.me\/p659gw-Xa","jetpack-related-posts":[],"jetpack_likes_enabled":true,"jetpack_sharing_enabled":true,"_links":{"self":[{"href":"https:\/\/pcb.org.br\/portal2\/wp-json\/wp\/v2\/posts\/3668","targetHints":{"allow":["GET"]}}],"collection":[{"href":"https:\/\/pcb.org.br\/portal2\/wp-json\/wp\/v2\/posts"}],"about":[{"href":"https:\/\/pcb.org.br\/portal2\/wp-json\/wp\/v2\/types\/post"}],"author":[{"embeddable":true,"href":"https:\/\/pcb.org.br\/portal2\/wp-json\/wp\/v2\/users\/1"}],"replies":[{"embeddable":true,"href":"https:\/\/pcb.org.br\/portal2\/wp-json\/wp\/v2\/comments?post=3668"}],"version-history":[{"count":0,"href":"https:\/\/pcb.org.br\/portal2\/wp-json\/wp\/v2\/posts\/3668\/revisions"}],"wp:attachment":[{"href":"https:\/\/pcb.org.br\/portal2\/wp-json\/wp\/v2\/media?parent=3668"}],"wp:term":[{"taxonomy":"category","embeddable":true,"href":"https:\/\/pcb.org.br\/portal2\/wp-json\/wp\/v2\/categories?post=3668"},{"taxonomy":"post_tag","embeddable":true,"href":"https:\/\/pcb.org.br\/portal2\/wp-json\/wp\/v2\/tags?post=3668"}],"curies":[{"name":"wp","href":"https:\/\/api.w.org\/{rel}","templated":true}]}}