{"id":3678,"date":"2012-10-08T20:56:45","date_gmt":"2012-10-08T20:56:45","guid":{"rendered":"http:\/\/pcb.org.br\/portal2\/?p=3678"},"modified":"2012-10-08T20:56:45","modified_gmt":"2012-10-08T20:56:45","slug":"as-eleicoes-e-seus-verdadeiros-resultados","status":"publish","type":"post","link":"https:\/\/pcb.org.br\/portal2\/3678","title":{"rendered":"As elei\u00e7\u00f5es e seus verdadeiros resultados"},"content":{"rendered":"<br \/>\n<hr \/>\n<p>O caso mais emblem\u00e1tico, nesse pleito de 2012, talvez seja o do Rio de Janeiro &#8211; cidade escolhida como sede das Olimp\u00edadas de 2016 e cujo maior est\u00e1dio, o Maracan\u00e3, ser\u00e1 final da Copa de 2014. Os dois fatos, ali\u00e1s, serviram de propaganda pol\u00edtica ao candidato vencedor &#8211; financiada principalmente por empreiteiras&#8230; &#8211; durante a campanha eleitoral.<\/p>\n<p>Com a vit\u00f3ria no primeiro turno, e numa tentativa de legitimar o prefeito reeleito atrav\u00e9s de uma suposta vit\u00f3ria acachapante, todos os ve\u00edculos de comunica\u00e7\u00e3o estampam em suas manchetes que ele obteve 64,6% dos votos v\u00e1lidos.<\/p>\n<p>O embuste est\u00e1 justamente a\u00ed: citam um percentual verdadeiro, por\u00e9m de dif\u00edcil compreens\u00e3o para a maioria da popula\u00e7\u00e3o, desconhecedora da matem\u00e1tica eleitoral e de temas como &#8220;sobra de coliga\u00e7\u00e3o&#8221;, &#8220;coeficiente eleitoral&#8221;, etc. Desconhecimento, ali\u00e1s, que \u00e9 marca inequ\u00edvoca de nossa &#8220;democracia&#8221; burguesa&#8230;<\/p>\n<p>A verdade, por\u00e9m, \u00e9 que Paes foi eleito em primeiro turno apesar de n\u00e3o ter nem chegado perto da metade do eleitorado carioca. Como? Observe o eleitorado total (4.719.607), que inclui os que se abstiveram de votar (965.214), e compare com a soma de votos do vencedor (2.097.733), chegando \u00e0 conclus\u00e3o de que a verdadeira manchete deveria ser: &#8220;Mesmo sendo a escolha de apenas 44% dos eleitores, Paes \u00e9 reeleito. E ainda querem chamar a isto de democracia?&#8221;<\/p>\n","protected":false},"excerpt":{"rendered":"O Olhar Comunista dessa segunda destaca o tratamento midi\u00e1tico dado aos resultados eleitorais, verdadeiras propagandas enganosas para legitimar os candidatos da burguesia.\n<a class=\"moretag\" href=\"https:\/\/pcb.org.br\/portal2\/3678\"> <\/a>","protected":false},"author":1,"featured_media":0,"comment_status":"open","ping_status":"open","sticky":false,"template":"","format":"standard","meta":{"jetpack_post_was_ever_published":false,"_jetpack_newsletter_access":"","_jetpack_dont_email_post_to_subs":false,"_jetpack_newsletter_tier_id":0,"_jetpack_memberships_contains_paywalled_content":false,"_jetpack_memberships_contains_paid_content":false,"footnotes":"","jetpack_publicize_message":"","jetpack_publicize_feature_enabled":true,"jetpack_social_post_already_shared":false,"jetpack_social_options":{"image_generator_settings":{"template":"highway","default_image_id":0,"font":"","enabled":false},"version":2}},"categories":[100],"tags":[],"class_list":["post-3678","post","type-post","status-publish","format-standard","hentry","category-c113-a-semana-no-olhar-comunista"],"jetpack_publicize_connections":[],"jetpack_featured_media_url":"","jetpack_shortlink":"https:\/\/wp.me\/p659gw-Xk","jetpack-related-posts":[],"jetpack_likes_enabled":true,"jetpack_sharing_enabled":true,"_links":{"self":[{"href":"https:\/\/pcb.org.br\/portal2\/wp-json\/wp\/v2\/posts\/3678","targetHints":{"allow":["GET"]}}],"collection":[{"href":"https:\/\/pcb.org.br\/portal2\/wp-json\/wp\/v2\/posts"}],"about":[{"href":"https:\/\/pcb.org.br\/portal2\/wp-json\/wp\/v2\/types\/post"}],"author":[{"embeddable":true,"href":"https:\/\/pcb.org.br\/portal2\/wp-json\/wp\/v2\/users\/1"}],"replies":[{"embeddable":true,"href":"https:\/\/pcb.org.br\/portal2\/wp-json\/wp\/v2\/comments?post=3678"}],"version-history":[{"count":0,"href":"https:\/\/pcb.org.br\/portal2\/wp-json\/wp\/v2\/posts\/3678\/revisions"}],"wp:attachment":[{"href":"https:\/\/pcb.org.br\/portal2\/wp-json\/wp\/v2\/media?parent=3678"}],"wp:term":[{"taxonomy":"category","embeddable":true,"href":"https:\/\/pcb.org.br\/portal2\/wp-json\/wp\/v2\/categories?post=3678"},{"taxonomy":"post_tag","embeddable":true,"href":"https:\/\/pcb.org.br\/portal2\/wp-json\/wp\/v2\/tags?post=3678"}],"curies":[{"name":"wp","href":"https:\/\/api.w.org\/{rel}","templated":true}]}}