{"id":368,"date":"2010-03-30T18:43:17","date_gmt":"2010-03-30T18:43:17","guid":{"rendered":"http:\/\/pcb.org.br\/portal2\/?p=368"},"modified":"2010-03-30T18:43:17","modified_gmt":"2010-03-30T18:43:17","slug":"30-de-marco-o-dia-da-terra-palestina","status":"publish","type":"post","link":"https:\/\/pcb.org.br\/portal2\/368","title":{"rendered":"30 DE MAR\u00c7O \u2013 O DIA DA TERRA PALESTINA"},"content":{"rendered":"\n<p>Desde ent\u00e3o, os internacionalistas comemoram o dia 30 de mar\u00e7o como o <strong>Dia da Terra<\/strong>, uma forma de celebrar todos os anos a resist\u00eancia e a luta desse sofrido e combativo povo em defesa de suas terras e de sua cultura.<\/p>\n<p>De l\u00e1 para c\u00e1, pouca coisa mudou. Os palestinos continuam diariamente sendo assassinados, presos e humilhados pelo ex\u00e9rcito de Israel; seu territ\u00f3rio continua sendo diariamente apropriado pelos sionistas, suas casas derrubadas; continua a constru\u00e7\u00e3o e amplia\u00e7\u00e3o de col\u00f4nias, nas terras palestinas, para assentar judeus europeus.<\/p>\n<p>A amea\u00e7a de transformar lugares sagrados para a religi\u00e3o dos mul\u00e7umanos &#8211; especialmente a explanada das Mesquitas, onde se encontra a importante Mesquita de Al Aqsa &#8211; em s\u00edtios para a religi\u00e3o judaica est\u00e1 sendo levada a cabo pelas autoridades israelitas.<\/p>\n<p>Em Gaza, a popula\u00e7\u00e3o sitiada, que sofre os horrores do Bloqueio Econ\u00f4mico que impede a entrada de alimentos, rem\u00e9dios, combust\u00edvel e toda sorte de produtos para necessidades b\u00e1sicas, est\u00e1 sendo frequentemente bombardeada pelo ex\u00e9rcito invasor, que impiedosamente mata sem discrimina\u00e7\u00e3o homens, mulheres e crian\u00e7as palestinas.<\/p>\n<p>Neste dia 30 de mar\u00e7o, cujo s\u00edmbolo \u00e9 uma oliveira, aproveitamos para refor\u00e7ar nosso irrestrito apoio \u00e0 resist\u00eancia do povo palestino, nossa solidariedade \u00e0 sua luta contra o sionismo e mais uma vez afirmar a defesa intransigente por uma Palestina Laica e Democr\u00e1tica para todos, com o retorno dos refugiados e tendo Jerusal\u00e9m como capital.<\/p>\n<p><strong><em>Viva a intifada; viva a resist\u00eancia do povo palestino!<\/em><\/strong><\/p>\n<p>PCB \u2013 Partido Comunista Brasileiro<\/p>\n<p>Secretariado Nacional<\/p>\n<p>30 de mar\u00e7o de 2010<\/p>\n","protected":false},"excerpt":{"rendered":"\n\n\nCr\u00e9dito: somostodospalestinos.blogspot.com\n\n\n\n\n(Nota Pol\u00edtica do PCB) \n\nNo mundo inteiro, o dia 30 de mar\u00e7o tem um significado especial para os internacionalistas. Neste dia, em 1976, na Galil\u00e9ia, uma poderosa greve geral organizada pelos trabalhadores palestinos, contra o confisco de suas terras pelo ex\u00e9rcito sionista, \u00e9 reprimida violentamente pela for\u00e7a de ocupa\u00e7\u00e3o.\n<a class=\"moretag\" href=\"https:\/\/pcb.org.br\/portal2\/368\"> <\/a>","protected":false},"author":1,"featured_media":0,"comment_status":"open","ping_status":"open","sticky":false,"template":"","format":"standard","meta":{"jetpack_post_was_ever_published":false,"_jetpack_newsletter_access":"","_jetpack_dont_email_post_to_subs":false,"_jetpack_newsletter_tier_id":0,"_jetpack_memberships_contains_paywalled_content":false,"_jetpack_memberships_contains_paid_content":false,"footnotes":"","jetpack_publicize_message":"","jetpack_publicize_feature_enabled":true,"jetpack_social_post_already_shared":false,"jetpack_social_options":{"image_generator_settings":{"template":"highway","default_image_id":0,"font":"","enabled":false},"version":2}},"categories":[26],"tags":[],"class_list":["post-368","post","type-post","status-publish","format-standard","hentry","category-c25-notas-politicas-do-pcb"],"jetpack_publicize_connections":[],"jetpack_featured_media_url":"","jetpack_shortlink":"https:\/\/wp.me\/p659gw-5W","jetpack-related-posts":[],"jetpack_likes_enabled":true,"jetpack_sharing_enabled":true,"_links":{"self":[{"href":"https:\/\/pcb.org.br\/portal2\/wp-json\/wp\/v2\/posts\/368","targetHints":{"allow":["GET"]}}],"collection":[{"href":"https:\/\/pcb.org.br\/portal2\/wp-json\/wp\/v2\/posts"}],"about":[{"href":"https:\/\/pcb.org.br\/portal2\/wp-json\/wp\/v2\/types\/post"}],"author":[{"embeddable":true,"href":"https:\/\/pcb.org.br\/portal2\/wp-json\/wp\/v2\/users\/1"}],"replies":[{"embeddable":true,"href":"https:\/\/pcb.org.br\/portal2\/wp-json\/wp\/v2\/comments?post=368"}],"version-history":[{"count":0,"href":"https:\/\/pcb.org.br\/portal2\/wp-json\/wp\/v2\/posts\/368\/revisions"}],"wp:attachment":[{"href":"https:\/\/pcb.org.br\/portal2\/wp-json\/wp\/v2\/media?parent=368"}],"wp:term":[{"taxonomy":"category","embeddable":true,"href":"https:\/\/pcb.org.br\/portal2\/wp-json\/wp\/v2\/categories?post=368"},{"taxonomy":"post_tag","embeddable":true,"href":"https:\/\/pcb.org.br\/portal2\/wp-json\/wp\/v2\/tags?post=368"}],"curies":[{"name":"wp","href":"https:\/\/api.w.org\/{rel}","templated":true}]}}