{"id":373,"date":"2010-04-01T18:35:30","date_gmt":"2010-04-01T18:35:30","guid":{"rendered":"http:\/\/pcb.org.br\/portal2\/?p=373"},"modified":"2010-04-01T18:35:30","modified_gmt":"2010-04-01T18:35:30","slug":"paraguai-manifesto-politico-fundacional-da-frente-guasu","status":"publish","type":"post","link":"https:\/\/pcb.org.br\/portal2\/373","title":{"rendered":"PARAGUAI: Manifesto pol\u00edtico fundacional da Frente Guasu"},"content":{"rendered":"\n<p>\u00c0 prop\u00f3sito, trata-se de uma tarefa que requer todas as energias pol\u00edticas, sociais e culturais, nas v\u00e9speras \u2013 justamente \u2013 do bicenten\u00e1rio da fa\u00e7anha de 1811. Em nosso tempo e no das atuais gera\u00e7\u00f5es, toca a responsabilidade de reassumir as tarefas independentistas.<\/p>\n<p>Neste longo caminho, nosso povo vem transitando. Buscando a utopia maravilhosa da terra sem mal, milhares e milhares de compatriotas foram v\u00edtimas de saques, de persegui\u00e7\u00f5es; foram enviados ao ex\u00edlio, aos c\u00e1rceres e \u00e0s covardes torturas. Outros morreram assassinados. Outros permanecem desaparecidos. Foi a trag\u00e9dia e o duro pre\u00e7o que pagaram por enfrentar a injusti\u00e7a, a explora\u00e7\u00e3o e a humilha\u00e7\u00e3o.<\/p>\n<p>Em nome deles, n\u00e3o devemos esquecer a ditadura stronista, nem os 60 anos de atraso e a corrup\u00e7\u00e3o desenfreada!<\/p>\n<p>N\u00e3o devemos esquecer para que nossa mem\u00f3ria hist\u00f3rica seja transmitida com dignidade \u00e0s pr\u00f3ximas gera\u00e7\u00f5es!<\/p>\n<p>Seguros desse passado de lutas, assistimos a estes momentos com o af\u00e3 de seguir avan\u00e7ando para um maior bem-estar para todos os paraguaios e paraguaias. Essas foram as raz\u00f5es daquelas lutas e s\u00e3o as mesmas pelas quais hoje diversos setores pol\u00edticos e sociais convocam para concretizar esta unidade: a unidade das for\u00e7as que est\u00e3o dispostas a condensar a vontade de todo um povo e transform\u00e1-la em propostas pol\u00edticas de uma nova transforma\u00e7\u00e3o que inclua as grandes maiorias postergadas.<\/p>\n<p><em>Uma verdadeira Frente Guasu<\/em>, cujo horizonte hist\u00f3rico \u00e9 a formula\u00e7\u00e3o de um novo Estado que enterre, definitivamente, o atual Estado, que, historicamente, vem funcionando como uma sociedade an\u00f4nima (S.A.) a servi\u00e7o das camarilhas delinquentes que usurparam as dire\u00e7\u00f5es dos partidos tradicionais, com clara hegemonia militar-colorada, e se confabularam para encher seus bolsos \u00e0 custa da falta de trabalho, habita\u00e7\u00e3o, sa\u00fade e educa\u00e7\u00e3o de todo um povo marginalizado e exclu\u00eddo.<\/p>\n<p>O horizonte hist\u00f3rico desta unidade tem esse sentido e o objetivo da constru\u00e7\u00e3o do novo Estado com conte\u00fado <em>democr\u00e1tico, inclusivo, soberano, independente e solid\u00e1rio<\/em>.<\/p>\n<p>Esta Frente Guasu \u00e9 a express\u00e3o organizada de nosso momento presente, em que os paraguaios e paraguaias est\u00e3o em um novo caminho, \u00e0 luz de nossos av\u00f4s e av\u00f3s, que plantaram profundas ra\u00edzes de patriotismo, honestidade e combatividade na hist\u00f3ria do Paraguai que queremos. \u00c9 por isso mesmo que nos consideramos parte desta tradi\u00e7\u00e3o de luta heroica do povo paraguaio. Este povo, que desde a conquista at\u00e9 a Guerra Imperial da Tr\u00edplice Alian\u00e7a, resistiu \u00e0 submiss\u00e3o cultural, econ\u00f4mica e militar; que desde a ocupa\u00e7\u00e3o estrangeira de 1870 at\u00e9 a ditadura stronista lutou para romper as amarras da opress\u00e3o; e que hoje, como ontem, se mant\u00e9m firme em suas aspira\u00e7\u00f5es libert\u00e1rias e independentistas.<\/p>\n<p>A \u00cdndia Juliana, Ober\u00e1, Paytar\u00e1 e Arecay\u00e1, os camponeses rebeldes, os jovens pr\u00f3ceres da independ\u00eancia, o Doutor Francia y los L\u00f3pez, a luta estudantil, trabalhadora e camponesa contra a ditadura, as alian\u00e7as democr\u00e1ticas, a luta organizada contra o neoliberalismo: cada pessoa, cada organiza\u00e7\u00e3o, cada movimento democratizante e emancipat\u00f3rio \u00e9 parte constitutiva de nosso projeto, como mem\u00f3ria e como utopia para a a\u00e7\u00e3o.<\/p>\n<p>A Frente Guasu que hoje constitu\u00edmos com a presen\u00e7a maci\u00e7a de cidad\u00e3os e cidad\u00e3s de todos os lugares do pa\u00eds, conta com uma ampla e diversa base social composta por trabalhadores, pequenos e m\u00e9dios produtores, pequenos e m\u00e9dios empres\u00e1rios, industriais do capital nacional, camponeses, ind\u00edgenas, intelectuais, estudantes, profissionais, donas de casa, gente sem casa, desempregados, em todos os casos mencionados, composta por homens e mulheres jovens, adultos e idosos.<\/p>\n<p>Esta diversidade de for\u00e7as, que antes estavam dispersas e separadas por divis\u00f5es superficiais, agora se integram numa plataforma unit\u00e1ria, com objetivos comuns e claros escritos neste documento program\u00e1tico. A constru\u00e7\u00e3o dessa grande frente pol\u00edtica tem o prop\u00f3sito de manter e aprofundar a tend\u00eancia marcada no evento democr\u00e1tico e popular de 20 de abril de 2008.<\/p>\n<p>Tal tend\u00eancia se orienta em transformar um pa\u00eds, onde as grosseiras e imorais diferen\u00e7as entre ricos e pobres est\u00e3o presentes. O objetivo \u00e9 que essas diferen\u00e7as desapare\u00e7am e que esse pa\u00eds se integre ao mundo baseado nos princ\u00edpios de soberania, justi\u00e7a social, independ\u00eancia, autodetermina\u00e7\u00e3o e solidariedade. Que esse pa\u00eds possa desenvolver suas for\u00e7as produtivas em harmonia com o meio ambiente, que tenha a liberdade de se relacionar com outras economias em condi\u00e7\u00f5es de justi\u00e7a e igualdade. Um pa\u00eds cujas riquezas produzidas pelo trabalho de homens e mulheres sejam distribu\u00eddas de maneira equitativa e justa: em s\u00edntese, <em>uma verdadeira pot\u00eancia latino-americana <\/em>como era antes da criminosa guerra de 70.<\/p>\n<p>Assim como recha\u00e7amos o totalitarismo e a ditadura, \u00e9 totalmente distante de nossos fins a pseudo-democracia de uns poucos privilegiados, que \u00e9 a forma hip\u00f3crita da domina\u00e7\u00e3o olig\u00e1rquica terratenente. Para a mudan\u00e7a, propomos uma democracia real, participativa e protagonista, que libertar\u00e1 os cidad\u00e3os e cidad\u00e3s deste sistema de injusti\u00e7as que nos \u00e9 legado por d\u00e9cadas de submiss\u00e3o.<\/p>\n<p>Esta grande frente \u00e9, por tudo isso, uma plataforma para construir uma <em>nova pol\u00edtica, que seja filha da organiza\u00e7\u00e3o popular <\/em>e, portanto, do povo, pelo povo e para o povo. Este n\u00edvel de sinceridade, amplitude de apoio em solo patri\u00f3tico e solid\u00e1rio \u00e9 necess\u00e1rio para deixar atada essa minoria que vem se comportando como rob\u00f4 durante tanto tempo e que segue tramando planos anti-patri\u00f3ticos. Esses planos v\u00e3o desde a desestabiliza\u00e7\u00e3o e paralisa\u00e7\u00e3o do processo de mudan\u00e7as at\u00e9 o ju\u00edzo pol\u00edtico ou o golpe de Estado. A Frente Guasu se constitui em oposi\u00e7\u00e3o a essa sociedade que contamina de morte a pol\u00edtica.<\/p>\n<p>Assim, entendemos ser necess\u00e1ria a uni\u00e3o dos esfor\u00e7os do povo com os chefes e oficiais militares honrados e patriotas. S\u00e3o militares que constituem a imensa maioria das For\u00e7as Armadas de nosso pa\u00eds. A uni\u00e3o possui o intuito de garantir a estabilidade e a institucionalidade da rep\u00fablica, dentro do processo de mudan\u00e7a, e a luta contra os conspiradores, autorit\u00e1rios e corruptos que pretendem o regresso ao passado.<\/p>\n<p>A Frente Guasu \u00e9, em si mesma, um convite ao ingresso. A amplitude e a abertura s\u00e3o elementos inegoci\u00e1veis da filosofia democr\u00e1tica e progressista que a orienta. Por isso mesmo, suas portas est\u00e3o abertas a todas aquelas organiza\u00e7\u00f5es de base, indiv\u00edduos, grupos, movimentos sociais e partidos pol\u00edticos que compartilhem das convic\u00e7\u00f5es contidas neste manifesto.<\/p>\n<p>O Paraguai vive tempos de mudan\u00e7a. Nos encontramos num momento hist\u00f3rico crucial, em que as formas econ\u00f4micas, sociais e pol\u00edticas que nos s\u00e3o impostas h\u00e1 muito tempo, est\u00e3o mostrando sua incapacidade de garantir o progresso da vida humana e do planeta em seu conjunto. Em todo o continente latino-americano se d\u00e3o experi\u00eancias pol\u00edticas que buscam uma forma distinta de desenvolvimento econ\u00f4mico, de organiza\u00e7\u00e3o pol\u00edtica e de relacionamento entre seres humanos e com a natureza. No Paraguai tamb\u00e9m transitamos neste caminho.<\/p>\n<p>O Paraguai vive tempo de mudan\u00e7a. Assim vem sendo confirmado pelo povo o 20 de abril de 2008. Da mesma maneira, esses tempos de mudan\u00e7a s\u00e3o confirmados pelo povo hoje, com sua experi\u00eancia, na antiga Plaza Mayor, onde Carlos Antonio L\u00f3pez chamou pra\u00e7a 14 de Maio, invocando a data da Independ\u00eancia P\u00e1tria.<\/p>\n<p>Assim, \u00e9 confirmada a constru\u00e7\u00e3o desta Frente Guasu que hoje inauguramos, com a convic\u00e7\u00e3o de que seremos, junto com outros movimentos, pilares fundamentais para a consolida\u00e7\u00e3o da p\u00e1tria sonhada que j\u00e1 come\u00e7ou a nascer.<\/p>\n<p><strong>BASES PROGRAM\u00c1TICAS <\/strong><\/p>\n<p><strong>\u201cA FRENTE GUASU\u201d &#8211; SUAS PROPOSTAS E SEU COMPROMISSO DE MUDAN\u00c7A:<\/strong><\/p>\n<p><strong>PRINC\u00cdPIOS FUNDAMENTAIS <\/strong><\/p>\n<p>Na FRENTE GUASU, nos comprometemos a trabalhar para a instaura\u00e7\u00e3o e vig\u00eancia de um Estado soberano social e democr\u00e1tico de direito; o desenvolvimento econ\u00f4mico, social e cultural da popula\u00e7\u00e3o paraguaia em seu conjunto, a partir de uma perspectiva de g\u00eanero; a implementa\u00e7\u00e3o e vig\u00eancia de uma verdadeira justi\u00e7a social que garanta o bem-estar de seus habitantes; a promo\u00e7\u00e3o e defesa dos direitos humanos, do meio ambiente e o protagonismo da juventude; e a participa\u00e7\u00e3o organizada e democr\u00e1tica da cidadania na forma\u00e7\u00e3o de sua vontade pol\u00edtica baseada nos mais nobres princ\u00edpios da democracia, da solidariedade, da liberdade, da justi\u00e7a, da igualdade e da participa\u00e7\u00e3o.<\/p>\n<p><strong>MODELO ECON\u00d4MICO <\/strong><\/p>\n<p>Propomos a mudan\u00e7a do modelo econ\u00f4mico que impera em nosso pa\u00eds, porque estamos convencidos da necessidade de fomentar ind\u00fastrias, empreender a reforma agr\u00e1ria com uma produ\u00e7\u00e3o diversificada, que nos permita alcan\u00e7ar uma justa distribui\u00e7\u00e3o de riquezas e o bem-estar para todos. N\u00e3o permitiremos que continue imperando em nosso pa\u00eds o sistema hegem\u00f4nico capitalista neoliberal, caracterizado pela explora\u00e7\u00e3o do homem pelo homem, a pobreza crescente, a devasta\u00e7\u00e3o e destrui\u00e7\u00e3o da natureza, o aumento da desocupa\u00e7\u00e3o e o incremento da marginaliza\u00e7\u00e3o social.<\/p>\n<p><strong>APROFUNDAMENTO DA DEMOCRACIA <\/strong><\/p>\n<p>Aprofundaremos a democracia participativa, fortalecendo e ampliando espa\u00e7os de participa\u00e7\u00e3o popular que nos permitam debater sobre temas transcendentais, como o or\u00e7amento participativo; a reforma do Poder Judici\u00e1rio; a reforma constitucional; a necessidade de modificar o C\u00f3digo Eleitoral, sobretudo, no que se refere \u00e0s famosas listas feitas e \u00e0 formula\u00e7\u00e3o de um novo modelo de seguran\u00e7a. O Estado deve garantir as liberdades pol\u00edticas e assegurar \u2013 ao mesmo tempo \u2013 a igualdade e a justi\u00e7a social.<\/p>\n<p><strong>SOBERANIA NACIONAL <\/strong><\/p>\n<p>Defenderemos a soberania nacional, entendida em seu amplo sentido, territorial, energ\u00e9tico, alimentar, cultural, pol\u00edtico e econ\u00f4mico, baseados nos princ\u00edpios de igualdade e respeito a nossa independ\u00eancia. Por isso, recha\u00e7amos qualquer tipo ou modalidade de penetra\u00e7\u00e3o ou de inger\u00eancia estrangeira que atente contra a soberania. Assim mesmo, ratificamos nosso apoio \u00e0 gest\u00e3o que vem desenvolvendo o Governo de Fernando Lugo, tendente a buscar a recupera\u00e7\u00e3o de nossa soberania energ\u00e9tica em Itaipu e Yacyret\u00e1.<\/p>\n<p><strong>REFORMA AGR\u00c1RIA <\/strong><\/p>\n<p>Com o protagonismo campon\u00eas e ind\u00edgena, impulsionaremos uma Reforma Agr\u00e1ria planificada, a partir de uma perspectiva nacional e integral, como principal reativador econ\u00f4mico, partindo da defini\u00e7\u00e3o de um modelo produtivo e de uma pol\u00edtica agr\u00e1ria.<\/p>\n<p><strong>TRABALHO <\/strong><\/p>\n<p>Com a ativa participa\u00e7\u00e3o da classe trabalhadora, impulsionaremos a recupera\u00e7\u00e3o das conquistas trabalhistas, o respeito \u00e0 liberdade sindical, a formula\u00e7\u00e3o de uma nova pol\u00edtica salarial que equipare o valor do sal\u00e1rio ao custo de vida real da cidadania e a promulga\u00e7\u00e3o de uma lei de primeiro emprego em conjunto com as organiza\u00e7\u00f5es sindicais e sociais. Com o protagonismo da classe trabalhadora e dos industriais honestos, impulsionaremos a reativa\u00e7\u00e3o produtiva e o desenvolvimento econ\u00f4mico nacional, de modo a superar o atraso e a mis\u00e9ria, gerando empregos decentes, em conformidade com as leis trabalhistas e com respeito \u00e0s disposi\u00e7\u00f5es da previd\u00eancia social.<\/p>\n<p><strong>LUTA CONTRA A CORRUP\u00c7\u00c3O <\/strong><\/p>\n<p>Luta frontal contra as atividades mafiosas do setor privado e contra os atos de corrup\u00e7\u00e3o cometidos em depend\u00eancias p\u00fablicas e governamentais. Nossa luta pelo respeito ser\u00e1 sempre clara e determinante: Castigo exemplar para os delinquentes!<\/p>\n<p><strong>IGUALDADE DE OPORTUNIDADES <\/strong><\/p>\n<p>Propomos a defesa da igualdade de oportunidades como princ\u00edpio fundamental, o que implica a promo\u00e7\u00e3o de medidas tendentes a superar as hist\u00f3ricas desigualdades imperantes, como as de g\u00eanero, ra\u00e7a, nacionalidade e classes sociais.<\/p>\n<p>Nossa luta solid\u00e1ria \u00e9 a favor dos ind\u00edgenas, marginalizados e despojados de suas terras por governos olig\u00e1rquicos auto-denominados \u201cagraristas\u201d. Poremos o melhor de nosso empenho para que no futuro n\u00e3o existam comunidades ind\u00edgenas sem terra pr\u00f3pria.<\/p>\n<p><strong>RESPEITO \u00c0 VONTADE POPULAR <\/strong><\/p>\n<p>Somos contr\u00e1rios a todas as quebras institucionais que atentem contra a vontade popular. Por isso, manifestaremos nossa en\u00e9rgica oposi\u00e7\u00e3o \u00e0 qualquer tentativa de golpe de estado \u2013 mascarada da forma como foi \u2013 contra o governo democr\u00e1tico e constitucional do companheiro Fernando Lugo. Um pr\u00e9-fabricado ju\u00edzo pol\u00edtico ou \u201cgolpe parlamentar\u201d ter\u00e1, sem d\u00favida, deriva\u00e7\u00f5es graves e imprevis\u00edveis, cuja responsabilidade direta recair\u00e1 sobre aqueles que pretendam burlar a vontade soberana de quase um milh\u00e3o de paraguaios que consagraram Fernando Lugo \u2013 at\u00e9 2013 \u2013 como Presidente da Rep\u00fablica do Paraguai.<\/p>\n<p><strong>RECUPERA\u00c7\u00c3O DE TERRAS DESABITADAS <\/strong><\/p>\n<p>Aos organismos competentes do Estado aconselhamos acelerar as gest\u00f5es tendentes a concretizar a recupera\u00e7\u00e3o de terras desabitadas para que, com rapidez, sejam entregues aos respons\u00e1veis pela reforma agr\u00e1ria para serem distribu\u00eddas aos trabalhadores do campo, aos ind\u00edgenas e aos camponeses sem terra.<\/p>\n<p><strong>JUSTI\u00c7A TRIBUT\u00c1RIA <\/strong><\/p>\n<p>Entendemos Justi\u00e7a Tribut\u00e1ria como a distribui\u00e7\u00e3o equitativa dos impostos e tributos, para os quais fomentamos a discuss\u00e3o sobre os mecanismos a serem utilizados para alcan\u00e7ar uma plena justi\u00e7a tribut\u00e1ria como, por exemplo, a implementa\u00e7\u00e3o do Imposto da Renda Pessoal, impostos sobre a soja, sobre a produ\u00e7\u00e3o extrativista e sobre o latif\u00fandio.<\/p>\n<p>Consideramos como primeira medida para alcan\u00e7ar este objetivo a implementa\u00e7\u00e3o do Imposto de Renda Pessoal (IRP), como ferramenta necess\u00e1ria para uma melhor distribui\u00e7\u00e3o das riquezas e a transpar\u00eancia do sistema econ\u00f4mico e financeiro. Assim, ser\u00e1 poss\u00edvel detectar os ingressos ilegais ou ileg\u00edtimos dos mafiosos, contrabandistas e invasores. Respaldando a exist\u00eancia do Imposto de Renda Pessoal, apoiamos as reivindica\u00e7\u00f5es formuladas pelos cidad\u00e3os, pelos industriais, pelos comerciantes honestos, pelos trabalhadores que exigem a vig\u00eancia do citado imposto, em busca de um pa\u00eds mais s\u00e9rio, mais justo, transparente e solid\u00e1rio.<\/p>\n<p><strong>DEFESA DO MEIO AMBIENTE <\/strong><\/p>\n<p>Repudiamos os atentados contra a natureza e a devasta\u00e7\u00e3o indiscriminada de bosques perpetrados em sua maior parte por empres\u00e1rios inescrupulosos protegidos durante mais de sessenta anos por governantes \u201cagraristas\u201d.<\/p>\n<p>Nosso compromisso de luta e nossa indigna\u00e7\u00e3o pela utiliza\u00e7\u00e3o irrespons\u00e1vel de agrot\u00f3xicos que contaminam nossos rios e riachos, causando danos \u00e0 sa\u00fade da popula\u00e7\u00e3o urbana e rural.<\/p>\n<p>Empreenderemos medidas en\u00e9rgicas e urgentes para a prote\u00e7\u00e3o do meio ambiente, a flora e a fauna de nosso pa\u00eds.<\/p>\n<p><strong>POL\u00cdTICAS CULTURAIS <\/strong><\/p>\n<p>Entendemos que a cultura atravessa todas as problem\u00e1ticas nacionais em seus \u00e2mbitos pol\u00edtico, econ\u00f4mico e social. A luta por uma cultura que nos represente e nos eleve como povo, ser\u00e1 (como sempre foi e \u00e9) uma das quest\u00f5es centrais de nossa a\u00e7\u00e3o pol\u00edtica. A partir desta perspectiva, reivindicamos como primeira medida, a efetiva difus\u00e3o e aplica\u00e7\u00e3o da Lei Nacional de Cultura, assim como o fomento de express\u00f5es com car\u00e1ter hist\u00f3rico, dentro de uma perspectiva de inclus\u00e3o no conjunto cultural da humanidade.<\/p>\n<p><strong>POL\u00cdTICAS DE BEM-ESTAR PARA AS MAIORIAS <\/strong><\/p>\n<p>Promoveremos pol\u00edticas p\u00fablicas sociais de forte impacto, que incidam materialmente no combate \u00e0 pobreza e a favor da redistribui\u00e7\u00e3o de riquezas, a partir de uma perspectiva de direitos que deixe para tr\u00e1s o assistencialismo. Nesse sentido, uma das pol\u00edticas urgentes radica em assegurar o acesso \u00e0 habita\u00e7\u00e3o digna.<\/p>\n<p>No atual momento hist\u00f3rico, se faz importante lembrar que tanto o manifesto quanto as bases program\u00e1ticas da Frente Guasu surgiram como resultado das reivindica\u00e7\u00f5es hist\u00f3ricas do povo paraguaio e do apontamento dos militantes de cada uma das organiza\u00e7\u00f5es que formam esta nova alian\u00e7a pol\u00edtica. Portanto, conforme avance o tempo, as posi\u00e7\u00f5es pol\u00edticas e o programa ir\u00e3o se ajustando, obedecendo o mandato de todo um povo que, em sua experi\u00eancia de luta, seguir\u00e1 criando e recriando o projeto hist\u00f3rico que permita a liberta\u00e7\u00e3o integral de todo o povo paraguaio.<\/p>\n<p><strong>A mudan\u00e7a est\u00e1 em marcha e n\u00e3o se det\u00e9m! <\/strong><\/p>\n<p><strong>Somente juntos construiremos o Paraguai diferente que todos queremos! <\/strong><\/p>\n<p>20 de mar\u00e7o de 2010<\/p>\n<p>Assinam este documento:<\/p>\n<p>Partido do Movimento Patri\u00f3tico e Popular, Partido Comunista Paraguaio, Partido Popular Tekojoja, Partido Pa\u00eds Solid\u00e1rio, Bloco Social e Popular, Partido Frente Ampla, Partido Revolucion\u00e1rio Febrerista, Partido Democrata, Movimento Avancemos, Movimento Poder Cidad\u00e3o em A\u00e7\u00e3o, Movimento Participa\u00e7\u00e3o Cidad\u00e3, Partido Converg\u00eancia Popular Socialista, Frente Social e Popular, Frente Patri\u00f3tica y Popular, Partido do Movimento ao Socialismo, Partido Encontro Nacional, Partido do Movimento Popular Tekojoja, Partido Social Democrata<\/p>\n","protected":false},"excerpt":{"rendered":"\n\n\nCr\u00e9dito: PCP\n\n\n\n\nA frente pol\u00edtica de partidos e movimentos democr\u00e1ticos, progressistas e socialistas.\nO Paraguai vive tempos de mudan\u00e7a. O povo vem se manifestando contra o autoritarismo, o saque, a corrup\u00e7\u00e3o, a injusti\u00e7a, a pobreza, a marginaliza\u00e7\u00e3o pol\u00edtica e econ\u00f4mica, reflexos de um sistema pol\u00edtico excludente que, por sua vez, favoreceu uma minoria que obteve muitas de suas riquezas ilegal e ilegitimamente. Hoje, este mesmo povo se mostra decidido a n\u00e3o retornar ao passado e seguir adiante nas conquistas hist\u00f3ricas que nos conduzir\u00e3o \u00e0 segunda e definitiva Independ\u00eancia do Paraguai.\n<a class=\"moretag\" href=\"https:\/\/pcb.org.br\/portal2\/373\"> <\/a>","protected":false},"author":1,"featured_media":0,"comment_status":"open","ping_status":"open","sticky":false,"template":"","format":"standard","meta":{"jetpack_post_was_ever_published":false,"_jetpack_newsletter_access":"","_jetpack_dont_email_post_to_subs":false,"_jetpack_newsletter_tier_id":0,"_jetpack_memberships_contains_paywalled_content":false,"_jetpack_memberships_contains_paid_content":false,"footnotes":"","jetpack_publicize_message":"","jetpack_publicize_feature_enabled":true,"jetpack_social_post_already_shared":false,"jetpack_social_options":{"image_generator_settings":{"template":"highway","default_image_id":0,"font":"","enabled":false},"version":2}},"categories":[35],"tags":[],"class_list":["post-373","post","type-post","status-publish","format-standard","hentry","category-c40-paraguai"],"jetpack_publicize_connections":[],"jetpack_featured_media_url":"","jetpack_shortlink":"https:\/\/wp.me\/p659gw-61","jetpack-related-posts":[],"jetpack_likes_enabled":true,"jetpack_sharing_enabled":true,"_links":{"self":[{"href":"https:\/\/pcb.org.br\/portal2\/wp-json\/wp\/v2\/posts\/373","targetHints":{"allow":["GET"]}}],"collection":[{"href":"https:\/\/pcb.org.br\/portal2\/wp-json\/wp\/v2\/posts"}],"about":[{"href":"https:\/\/pcb.org.br\/portal2\/wp-json\/wp\/v2\/types\/post"}],"author":[{"embeddable":true,"href":"https:\/\/pcb.org.br\/portal2\/wp-json\/wp\/v2\/users\/1"}],"replies":[{"embeddable":true,"href":"https:\/\/pcb.org.br\/portal2\/wp-json\/wp\/v2\/comments?post=373"}],"version-history":[{"count":0,"href":"https:\/\/pcb.org.br\/portal2\/wp-json\/wp\/v2\/posts\/373\/revisions"}],"wp:attachment":[{"href":"https:\/\/pcb.org.br\/portal2\/wp-json\/wp\/v2\/media?parent=373"}],"wp:term":[{"taxonomy":"category","embeddable":true,"href":"https:\/\/pcb.org.br\/portal2\/wp-json\/wp\/v2\/categories?post=373"},{"taxonomy":"post_tag","embeddable":true,"href":"https:\/\/pcb.org.br\/portal2\/wp-json\/wp\/v2\/tags?post=373"}],"curies":[{"name":"wp","href":"https:\/\/api.w.org\/{rel}","templated":true}]}}