{"id":3738,"date":"2012-10-22T22:19:41","date_gmt":"2012-10-22T22:19:41","guid":{"rendered":"http:\/\/pcb.org.br\/portal2\/?p=3738"},"modified":"2012-10-22T22:19:41","modified_gmt":"2012-10-22T22:19:41","slug":"piedad-cordoba-a-paz-deve-impedir-uma-nova-geografia-da-guerra","status":"publish","type":"post","link":"https:\/\/pcb.org.br\/portal2\/3738","title":{"rendered":"Piedad C\u00f3rdoba: a paz deve impedir uma \u201cnova geografia da guerra\u201d"},"content":{"rendered":"\n<p>19 de outubro de 2012<\/p>\n<p>A ex-senadora colombiana defendeu que os di\u00e1logos de paz entre o governo e a guerrilha devem colocar em debate o atual modelo de desenvolvimento. Al\u00e9m disso, solicitou que meios de comunica\u00e7\u00e3o assumam o papel de porta-vozes da sociedade.<\/p>\n<p>Nos di\u00e1logos de paz entre o governo colombiano e as For\u00e7as Armadas Revolucion\u00e1rias da Col\u00f4mbia (FARC) se deve p\u00f4r em debate qual o modelo de desenvolvimento que impera no pa\u00eds, a fim de que n\u00e3o se instale \u201cuma nova geografia de guerra\u201d, opinou hoje a ex-senadora Piedad C\u00f3rdoba.<\/p>\n<p>Durante uma coletiva de imprensa do Colombianos e Colombianas pela Paz (CCP), organizada pela Ag\u00eancia Venezuelana de Not\u00edcias (AVN), a l\u00edder de direitos humanos assinalou que a sociedade civil e os movimentos populares devem participar das conversa\u00e7\u00f5es que se iniciaram na cidade norueguesa de Oslo.<\/p>\n<p>C\u00f3rdoba indicou que na na\u00e7\u00e3o sul-americana existe \u201cum modelo de desenvolvimento esmagador, que permite o saque dos recursos naturais e da minera\u00e7\u00e3o extrativa, entre outros&#8221;.<\/p>\n<p>Para a ex-senadora, se n\u00e3o existe vontade de buscar uma mudan\u00e7a profunda do modelo pol\u00edtico e econ\u00f4mico na Col\u00f4mbia, o resultado gerar\u00e1 \u201cuma nova geografia da guerra\u201d.<\/p>\n<p>Mais al\u00e9m dos cinco pontos base a serem discutidos na mesa de negocia\u00e7\u00f5es pelo governo do presidente Juan Manuel Santos e as FARC, \u201ca sociedade civil possui suas inquietudes e preocupa\u00e7\u00f5es que precisam ser consideradas\u201d, destacou C\u00f3rdoba.<\/p>\n<p>Lembrou que nas \u00faltimas d\u00e9cadas, na Col\u00f4mbia, \u201cocorreram cerca de 60 mil desparecimentos de pessoas, oito milh\u00f5es de hectares foram arrebatados dos camponeses e mais de 100 mil execu\u00e7\u00f5es extrajudiciais\u201d.<\/p>\n<p>C\u00f3rdoba observou que os acordos entre ambas as partes devem ser \u201cduradouros e n\u00e3o ef\u00eameros\u201d e expressou que os meios de comunica\u00e7\u00e3o necessitam se transformar em \u201cporta-vozes da sociedade civil\u201d.<\/p>\n<p>Acrescentou que as pr\u00f3ximas jornadas dos di\u00e1logos de paz, que ocorrer\u00e3o em La Habana, Cuba, \u201cdevem ser transmitidas diretamente para que o povo tenha ci\u00eancia do desenvolvimento das negocia\u00e7\u00f5es\u201d.<\/p>\n<p>Fonte:\u00a0<a href=\"http:\/\/www.resumenlatinoamericano.org\/index.php?option=com_content&amp;task=view&amp;id=3279&amp;Itemid=1&amp;lang=en\" target=\"_blank\">http:\/\/www.resumenlatinoamericano.org\/index.php?option=com_content&amp;task=view&amp;id=3279<\/a><\/p>\n<p>Tradu\u00e7\u00e3o: Partido Comunista Brasileiro (PCB)<\/p>\n","protected":false},"excerpt":{"rendered":"\n\n\nCr\u00e9dito: RLA\n\n\n\n\n\n\n\n\nPiedad C\u00f3rdoba: &#8220;se n\u00e3o existe a vontade de buscar uma mudan\u00e7a profunda do modelo pol\u00edtico e econ\u00f4mico na Col\u00f4mbia, o resultado gerar\u00e1 uma nova geografia da guerra&#8221;.\n<a class=\"moretag\" href=\"https:\/\/pcb.org.br\/portal2\/3738\"> <\/a>","protected":false},"author":1,"featured_media":0,"comment_status":"open","ping_status":"open","sticky":false,"template":"","format":"standard","meta":{"jetpack_post_was_ever_published":false,"_jetpack_newsletter_access":"","_jetpack_dont_email_post_to_subs":false,"_jetpack_newsletter_tier_id":0,"_jetpack_memberships_contains_paywalled_content":false,"_jetpack_memberships_contains_paid_content":false,"footnotes":"","jetpack_publicize_message":"","jetpack_publicize_feature_enabled":true,"jetpack_social_post_already_shared":false,"jetpack_social_options":{"image_generator_settings":{"template":"highway","default_image_id":0,"font":"","enabled":false},"version":2}},"categories":[34],"tags":[],"class_list":["post-3738","post","type-post","status-publish","format-standard","hentry","category-c39-colombia"],"jetpack_publicize_connections":[],"jetpack_featured_media_url":"","jetpack_shortlink":"https:\/\/wp.me\/p659gw-Yi","jetpack-related-posts":[],"jetpack_likes_enabled":true,"jetpack_sharing_enabled":true,"_links":{"self":[{"href":"https:\/\/pcb.org.br\/portal2\/wp-json\/wp\/v2\/posts\/3738","targetHints":{"allow":["GET"]}}],"collection":[{"href":"https:\/\/pcb.org.br\/portal2\/wp-json\/wp\/v2\/posts"}],"about":[{"href":"https:\/\/pcb.org.br\/portal2\/wp-json\/wp\/v2\/types\/post"}],"author":[{"embeddable":true,"href":"https:\/\/pcb.org.br\/portal2\/wp-json\/wp\/v2\/users\/1"}],"replies":[{"embeddable":true,"href":"https:\/\/pcb.org.br\/portal2\/wp-json\/wp\/v2\/comments?post=3738"}],"version-history":[{"count":0,"href":"https:\/\/pcb.org.br\/portal2\/wp-json\/wp\/v2\/posts\/3738\/revisions"}],"wp:attachment":[{"href":"https:\/\/pcb.org.br\/portal2\/wp-json\/wp\/v2\/media?parent=3738"}],"wp:term":[{"taxonomy":"category","embeddable":true,"href":"https:\/\/pcb.org.br\/portal2\/wp-json\/wp\/v2\/categories?post=3738"},{"taxonomy":"post_tag","embeddable":true,"href":"https:\/\/pcb.org.br\/portal2\/wp-json\/wp\/v2\/tags?post=3738"}],"curies":[{"name":"wp","href":"https:\/\/api.w.org\/{rel}","templated":true}]}}