{"id":374,"date":"2010-04-01T18:38:31","date_gmt":"2010-04-01T18:38:31","guid":{"rendered":"http:\/\/pcb.org.br\/portal2\/?p=374"},"modified":"2010-04-01T18:38:31","modified_gmt":"2010-04-01T18:38:31","slug":"pela-paz-nao-a-otan","status":"publish","type":"post","link":"https:\/\/pcb.org.br\/portal2\/374","title":{"rendered":"Pela paz! N\u00e3o \u00e0 OTAN!"},"content":{"rendered":"\n<p>A ofensiva militarista protagonizada pelas pot\u00eancias imperialistas e pela OTAN tem um car\u00e1cter global e multifacetado.<\/p>\n<p>Intensifica-se a guerra imperialista a n\u00edvel global sob o pretexto do combate ao terrorismo. Consolidam-se os blocos imperialistas, como a OTAN. Acelera-se a militariza\u00e7\u00e3o da Uni\u00e3o Europeia com a adop\u00e7\u00e3o fraudulenta do Tratado de Lisboa no qual \u00e9 plasmada a concep\u00e7\u00e3o da Uni\u00e3o Europeia como pilar europeu da OTAN. Prossegue a corrida aos armamentos e o investimento em novas e mais mort\u00edferas armas. As despesas militares atingem valores recorde, nomeadamente nos EUA e Uni\u00e3o Europeia. Avan\u00e7a o alargamento das zonas de influ\u00eancia da OTAN e das alian\u00e7as estrat\u00e9gico-militares imperialistas, nomeadamente atrav\u00e9s das denominadas \u201cparcerias para a paz\u201d, na \u00c1sia, nos territ\u00f3rios da Ex-Uni\u00e3o Sovi\u00e9tica, assim como em \u00c1frica.<\/p>\n<p>Expande-se a rede mundial de bases militares dos EUA e dos pa\u00edses da OTAN e projectam-se for\u00e7as militares da Am\u00e9rica Latina a \u00c1frica; do M\u00e9dio Oriente, Oceano \u00cdndico e \u00c1sia Central ao Leste europeu ao C\u00e1ucaso e Mar Negro.<\/p>\n<p>Prosseguem as ocupa\u00e7\u00f5es do Afeganist\u00e3o e Iraque e lan\u00e7am-se agress\u00f5es militares contra variados pa\u00edses. Sucedem-se as conspira\u00e7\u00f5es e manobras de inger\u00eancia na Am\u00e9rica Latina e em v\u00e1rios pa\u00edses do continente africano e multiplicam-se as provoca\u00e7\u00f5es, como no L\u00edbano. A quest\u00e3o palestiniana continua por resolver, assim como a do Sahara Ocidental, enquanto continuam impunes os crimes imperialistas. Intensificam-se as provoca\u00e7\u00f5es \u00e0 Rep\u00fablica Popular da China, de que a venda de armamento a Taiwan pelos EUA \u00e9 um exemplo particularmente grave, e as amea\u00e7as a pa\u00edses como o Ir\u00e3o e a S\u00edria<strong><em>.<\/em><\/strong><\/p>\n<p>Intensificam-se os ataques \u00e0 soberania dos Estados, nomeadamente atrav\u00e9s de altera\u00e7\u00f5es de fronteiras, de que a auto-proclamada independ\u00eancia da prov\u00edncia s\u00e9rvia do Kosovo \u00e9 um grave exemplo. O Direito Internacional, produto da correla\u00e7\u00e3o de for\u00e7as resultante da derrota do Nazi-fascismo na Segunda Guerra Mundial, \u00e9 seriamente posto em causa e alvo de um processo que visa a sua destrui\u00e7\u00e3o.<\/p>\n<p>Em nome da \u201cseguran\u00e7a\u201d e do \u201ccombate ao terrorismo\u201d reavivam-se derivas securit\u00e1rias, instigam-se o nacionalismo xen\u00f3fobo e a intoler\u00e2ncia religiosa e cultural, cometem-se crimes contra os direitos humanos, como os econ\u00f3micos, sociais, democr\u00e1ticos e de participa\u00e7\u00e3o e organiza\u00e7\u00e3o pol\u00edtica e social; desenvolvem-se campanhas anti-comunistas e perseguem-se as for\u00e7as que resistem \u00e0 ofensiva do imperialismo e defendem os direitos sociais e nacionais dos povos.<\/p>\n<p>A realidade mundial no in\u00edcio do S\u00e9culo XXI desmente as campanhas de reabilita\u00e7\u00e3o da imagem do imperialismo norte-americano desencadeadas em torno da elei\u00e7\u00e3o de Barack Obama. A natureza e objectivos da pol\u00edtica dos EUA e da OTAN s\u00e3o hoje claros: dom\u00ednio dos recursos naturais e energ\u00e9ticos, controlo das tecnologias, expans\u00e3o de mercados, dom\u00ednio militar e geoestrat\u00e9gico. Ou seja, uma resposta de for\u00e7a ao enfraquecimento da posi\u00e7\u00e3o relativa dos EUA no plano internacional.<\/p>\n<p>A ret\u00f3rica do \u201cmultilateralismo\u201d e do \u201cdi\u00e1logo\u201d \u00e9 desmascarada pela pol\u00edtica belicista e intervencionista dos EUA, Uni\u00e3o Europeia e OTAN, pela ofensiva imperialista em curso e pelo risco real de novos conflitos militares desde o M\u00e9dio Oriente e \u00c1sia Central \u00e0 Am\u00e9rica Latina. Apesar dos antagonismos entre os EUA e a Uni\u00e3o Europeia, ambos convergem na ofensiva contra os direitos sociais e nacionais dos povos.<\/p>\n<p>A guerra e a agress\u00e3o s\u00e3o a outra face da globaliza\u00e7\u00e3o econ\u00f3mica imperialista e a OTAN \u00e9 uma pe\u00e7a central da sua estrat\u00e9gia de domina\u00e7\u00e3o hegem\u00f3nica e de persegui\u00e7\u00e3o \u00e0s for\u00e7as e pa\u00edses que se lhe oponham. A OTAN desempenha um papel central na militariza\u00e7\u00e3o das rela\u00e7\u00f5es internacionais e na corrida aos armamentos, sendo o principal motor dos conflitos e tens\u00e3o que marcam a actualidade. Sob a alus\u00e3o a \u00abnovas amea\u00e7as globais\u00bb &#8211; conceito que substitui o velho pretexto do \u201cperigo comunista\u201d &#8211; a OTAN imp\u00f5e uma escalada b\u00e9lica e armamentista de grandes dimens\u00f5es &#8211; de que a guerra no Afeganist\u00e3o \u00e9 um elemento fulcral.<\/p>\n<p>A OTAN realizar\u00e1 em Novembro em Portugal uma Cimeira na qual pretende renovar o seu conceito estrat\u00e9gico o que representar\u00e1 um novo e extremamente perigoso salto qualitativo no papel, miss\u00e3o e objectivos da Organiza\u00e7\u00e3o.<\/p>\n<p>Com o seu novo conceito estrat\u00e9gico a OTAN pretende verter para a sua doutrina aquilo que \u00e9 j\u00e1 a sua pr\u00e1tica: alargar o dom\u00ednio territorial da sua interven\u00e7\u00e3o e projec\u00e7\u00e3o de for\u00e7as a todo o globo; ampliar o \u00e2mbito das suas miss\u00f5es a quest\u00f5es como a energia, o ambiente, as migra\u00e7\u00f5es e a quest\u00f5es de seguran\u00e7a interna dos Estados; reafirmar-se como bloco militar nuclear apesar da ret\u00f3rica do desarmamento nuclear, prevendo o uso da arma nuclear em ataques militares; desenvolver ainda mais o complexo industrial militar e a investiga\u00e7\u00e3o militar e exigir de todos os seus membros um aumento das despesas militares; incluir nas suas miss\u00f5es ac\u00e7\u00f5es de inger\u00eancia directa e ocupa\u00e7\u00e3o sob a capa de miss\u00f5es de interposi\u00e7\u00e3o e manuten\u00e7\u00e3o da paz; levar mais longe a instrumentaliza\u00e7\u00e3o da ONU para prosseguir os seus prop\u00f3sitos e aprofundar o seu papel como bra\u00e7o armado do imperialismo.<\/p>\n<p>O imperialismo parece ser todo-poderoso, mas n\u00e3o o \u00e9. Como a realidade est\u00e1 a comprovar, os grandes perigos resultantes da resposta de for\u00e7a do imperialismo \u00e0 crise do capitalismo confrontam-se com a luta progressista e revolucion\u00e1ria dos povos. Em v\u00e1rios pontos do mundo os povos tomam nas suas m\u00e3os a defesa dos seus direitos e da soberania e independ\u00eancia dos seus pa\u00edses, resistem das mais variadas formas e imp\u00f5em revezes \u00e0 estrat\u00e9gia de domina\u00e7\u00e3o imperialista.<\/p>\n<p>Neste sentido, e expressando a nossa profunda convic\u00e7\u00e3o de que, por via da luta, \u00e9 poss\u00edvel derrotar a OTAN e os seus prop\u00f3sitos belicistas e militaristas, \u00e9 poss\u00edvel construir um futuro de paz, progresso e justi\u00e7a social, onde cada povo possa decidir livremente do seu destino, insepar\u00e1vel da luta pelo socialismo, n\u00f3s, os Partidos Comunistas e Oper\u00e1rios signat\u00e1rios desta declara\u00e7\u00e3o:<\/p>\n<ul>\n<p align=\"justify\">\u00b7 Exigimos o fim da corrida aos armamentos, o desarmamento nuclear come\u00e7ando pelas maiores pot\u00eancias nucleares do Mundo como os EUA, a completa destrui\u00e7\u00e3o das armas qu\u00edmicas e biol\u00f3gicas, o fim das bases militares estrangeiras.<\/p>\n<\/ul>\n<ul>\n<p align=\"justify\">\u00b7 Apelamos aos trabalhadores e aos povos de todo o mundo, \u00e0s for\u00e7as progressistas e de esquerda, ao movimento oper\u00e1rio e outras organiza\u00e7\u00f5es sociais que se mobilizem e reforcem a luta pela paz, contra a guerra e a OTAN. Reafirmamos o nosso apoio de sempre ao movimento pela paz. Felicitamos o Conselho Mundial da Paz pelo seu 60\u00ba anivers\u00e1rio e pela sua campanha contra a OTAN.<\/p>\n<\/ul>\n<ul>\n<p align=\"justify\">\u00b7 Declaramos a nossa inten\u00e7\u00e3o de assinalar os 65 anos da vit\u00f3ria sobre o nazi-fascismo como uma importante jornada de luta pela paz e contra a monumental distor\u00e7\u00e3o da Hist\u00f3ria que tenta apagar o papel central dos comunistas na liberta\u00e7\u00e3o dos povos do jugo nazi-fascista e equiparar nazismo com comunismo.<\/p>\n<\/ul>\n<ul>\n<p align=\"justify\">\u00b7 Reafirmamos a nossa solidariedade aos povos que resistem \u00e0s ocupa\u00e7\u00f5es, agress\u00f5es e inger\u00eancias do imperialismo e que prosseguem duras batalhas pela sua autodetermina\u00e7\u00e3o e independ\u00eancia, nomeadamente aos povos do M\u00e9dio Oriente, como os povos palestiniano, liban\u00eas e s\u00edrio, e \u00c1sia Central. Exigimos a retirada imediata de todas as tropas do Iraque e do Afeganist\u00e3o e de todas as outras interven\u00e7\u00f5es imperialistas no Mundo.<\/p>\n<\/ul>\n<ul>\n<p align=\"justify\">\u00b7 Exigimos a dissolu\u00e7\u00e3o da OTAN e apoiamos o direito soberano dos povos de decidir da desvincula\u00e7\u00e3o dos seus pa\u00edses desta alian\u00e7a agressiva. Reafirmamos a nossa frontal oposi\u00e7\u00e3o \u00e0 militariza\u00e7\u00e3o da Uni\u00e3o Europeia e \u00e0 sua pol\u00edtica militarista e intervencionista, ao alargamento da OTAN e \u00e0 instala\u00e7\u00e3o do novo \u201csistema anti-m\u00edssil\u201d dos EUA e da OTAN na Rom\u00e9nia e Bulg\u00e1ria. Expressamos a nossa solidariedade para com o povo do Chipre (Greco-Cipriotas e Turco-Cipriotas) e \u00e0 sua luta contra a ocupa\u00e7\u00e3o turca e pela reunifica\u00e7\u00e3o da sua p\u00e1tria, por uma solu\u00e7\u00e3o justa do problema cipriota.<\/p>\n<\/ul>\n<ul>\n<p align=\"justify\">\u00b7 Exigimos o fim das provoca\u00e7\u00f5es e inger\u00eancias na Am\u00e9rica Latina e Caribe. Expressamos a nossa solidariedade com Cuba Socialista e com os povos, as for\u00e7as pol\u00edticas e os governos nacionais de car\u00e1cter democr\u00e1tico, progressista, popular e anti-imperialista da regi\u00e3o como os da Venezuela Bolivariana, a Bol\u00edvia, o Equador e a Nicar\u00e1gua. Exigimos a liberta\u00e7\u00e3o dos cinco patriotas cubanos injustamente presos nos EUA. Reiteramos o nosso apoio \u00e0 luta do povo hondurenho pela democracia e contra o regime golpista e pelo direito de decidir do seu futuro. Exigimos a retirada da IV Esquadra norte-americana direccionada contra a Am\u00e9rica Central e do Sul, o encerramento das bases militares dos EUA na regi\u00e3o, nomeadamente a de Guantanamo e as bases na Col\u00f4mbia. Denunciamos a interven\u00e7\u00e3o militar dos EUA no Haiti e reclamamos das Na\u00e7\u00f5es Unidas o car\u00e1cter civil da sua miss\u00e3o neste Pa\u00eds. Reivindicamos que as ac\u00e7\u00f5es de solidariedade e coopera\u00e7\u00e3o com o povo haitiano contribuam para o fortalecimento do Estado nacional independente e para o desenvolvimento econ\u00f3mico e social do Pa\u00eds.<\/p>\n<\/ul>\n<ul>\n<p align=\"justify\">\u00b7 Expressamos a nossa solidariedade aos povos de \u00c1frica na sua luta pelo direito ao desenvolvimento e ao povo do Sahara Ocidental pelo direito \u00e0 sua auto-determina\u00e7\u00e3o. Exigimos o fim da militariza\u00e7\u00e3o e inger\u00eancia imperialista no continente, nomeadamente nas costas da Som\u00e1lia, toda a regi\u00e3o do corno de \u00c1frica, na Rep\u00fablica Democr\u00e1tica do Congo e no Sud\u00e3o. Reafirmamos o nosso compromisso de prosseguir a luta contra o comando militar norte-americano no continente (AFRICOM).<\/p>\n<\/ul>\n<ul>\n<p align=\"justify\">\u00b7 Expressamos o nosso apoio ao movimento da paz, ao movimento sindical de classe, da juventude, das mulheres e a v\u00e1rias outras organiza\u00e7\u00f5es que em Portugal dinamizam a Campanha pela Paz e contra a OTAN. Assumimos o compromisso de fazer tudo o que estiver ao nosso alcance para apoiar e mobilizar para as ac\u00e7\u00f5es de luta contra a OTAN e o seu novo conceito estrat\u00e9gico previstas para Novembro deste ano em Portugal.<\/p>\n<\/ul>\n<p>Os Partidos:<\/p>\n<ul>\n<p>\u00b7 Partido Comunista Portugu\u00eas<\/p>\n<\/ul>\n<ul>\n<p>\u00b7 Partido Comunista Sul-Africano<\/p>\n<\/ul>\n<ul>\n<p>\u00b7 Partido dos Trabalhadores da B\u00e9lgica<\/p>\n<\/ul>\n<ul>\n<p>\u00b7 Partido Comunista do Brasil<\/p>\n<\/ul>\n<ul>\n<p>\u00b7 Partido Comunista Brasileiro<\/p>\n<\/ul>\n<ul>\n<p>\u00b7 Partido Comunista da Bo\u00e9mia e Mor\u00e1via<\/p>\n<\/ul>\n<ul>\n<p>\u00b7 Partido Progressista do Povo Trabalhador de Chipre<\/p>\n<\/ul>\n<ul>\n<p>\u00b7 Partido Comunista de Cuba<\/p>\n<\/ul>\n<ul>\n<p>\u00b7 Partido Comunista de Espanha<\/p>\n<\/ul>\n<ul>\n<p>\u00b7 Partido Comunista da Gr\u00e9cia<\/p>\n<\/ul>\n<ul>\n<p>\u00b7 Partido Comunista da \u00cdndia (Marxista)<\/p>\n<\/ul>\n<ul>\n<p>\u00b7 Partido Comunista da \u00cdndia<\/p>\n<\/ul>\n<ul>\n<p>\u00b7 Partido Comunista Liban\u00eas<\/p>\n<\/ul>\n<ul>\n<p>\u00b7 Partido Comunista da Federa\u00e7\u00e3o Russa<\/p>\n<\/ul>\n<ul>\n<p>\u00b7 PADS Arg\u00e9lia<\/p>\n<\/ul>\n<ul>\n<p>\u00b7 Partido Comunista da Austr\u00e1lia<\/p>\n<\/ul>\n<ul>\n<p>\u00b7 Partido dos Trabalhadores do Bangladesh<\/p>\n<\/ul>\n<ul>\n<p>\u00b7 Partido Comunista da Bol\u00edvia<\/p>\n<\/ul>\n<ul>\n<p>\u00b7 Partido Comunista Brit\u00e2nico<\/p>\n<\/ul>\n<ul>\n<p>\u00b7 Novo Partido Comunista Brit\u00e2nico<\/p>\n<\/ul>\n<ul>\n<p>\u00b7 Partido Comunista na Dinamarca<\/p>\n<\/ul>\n<ul>\n<p>\u00b7 Partido Comunista Alem\u00e3o<\/p>\n<\/ul>\n<ul>\n<p>\u00b7 Partido Comunista dos Trabalhadores H\u00fangaro<\/p>\n<\/ul>\n<ul>\n<p>\u00b7 Partido Tudeh do Ir\u00e3o<\/p>\n<\/ul>\n<ul>\n<p>\u00b7 Partido Comunista Iraquiano<\/p>\n<\/ul>\n<ul>\n<p>\u00b7 Refunda\u00e7\u00e3o Comunista &#8211; It\u00e1lia<\/p>\n<\/ul>\n<ul>\n<p>\u00b7 Partido dos Comunistas Italianos<\/p>\n<\/ul>\n<ul>\n<p>\u00b7 Partido Comunista do Luxemburgo<\/p>\n<\/ul>\n<ul>\n<p>\u00b7 Partido dos Comunistas &#8211; M\u00e9xico<\/p>\n<\/ul>\n<ul>\n<p>\u00b7 Partido Popular Socialista &#8211; M\u00e9xico<\/p>\n<\/ul>\n<ul>\n<p>\u00b7 Partido Comunista da Noruega<\/p>\n<\/ul>\n<ul>\n<p>\u00b7 Partido Comunista Peruano<\/p>\n<\/ul>\n<ul>\n<p>\u00b7 Partido Comunista dos Povos de Espanha<\/p>\n<\/ul>\n","protected":false},"excerpt":{"rendered":"\n\n\nCr\u00e9dito: www.iscagz.org\n\n\n\n\nNum quadro marcado pelo aprofundamento da crise estrutural do capitalismo, pelo aprofundamento da explora\u00e7\u00e3o dos trabalhadores e dos povos, por rivalidades inter-imperialistas e por complexos processos de rearruma\u00e7\u00e3o de for\u00e7as no plano internacional, o imperialismo lan\u00e7a-se em novas derivas anti-democr\u00e1ticas e interven\u00e7\u00f5es militaristas e avan\u00e7a com solu\u00e7\u00f5es de for\u00e7a para tentar perpetuar-se e defender os seus interesses de classe.\n<a class=\"moretag\" href=\"https:\/\/pcb.org.br\/portal2\/374\"> <\/a>","protected":false},"author":1,"featured_media":0,"comment_status":"open","ping_status":"open","sticky":false,"template":"","format":"standard","meta":{"jetpack_post_was_ever_published":false,"_jetpack_newsletter_access":"","_jetpack_dont_email_post_to_subs":false,"_jetpack_newsletter_tier_id":0,"_jetpack_memberships_contains_paywalled_content":false,"_jetpack_memberships_contains_paid_content":false,"footnotes":"","jetpack_publicize_message":"","jetpack_publicize_feature_enabled":true,"jetpack_social_post_already_shared":false,"jetpack_social_options":{"image_generator_settings":{"template":"highway","default_image_id":0,"font":"","enabled":false},"version":2}},"categories":[38],"tags":[],"class_list":["post-374","post","type-post","status-publish","format-standard","hentry","category-c43-imperialismo"],"jetpack_publicize_connections":[],"jetpack_featured_media_url":"","jetpack_shortlink":"https:\/\/wp.me\/p659gw-62","jetpack-related-posts":[],"jetpack_likes_enabled":true,"jetpack_sharing_enabled":true,"_links":{"self":[{"href":"https:\/\/pcb.org.br\/portal2\/wp-json\/wp\/v2\/posts\/374","targetHints":{"allow":["GET"]}}],"collection":[{"href":"https:\/\/pcb.org.br\/portal2\/wp-json\/wp\/v2\/posts"}],"about":[{"href":"https:\/\/pcb.org.br\/portal2\/wp-json\/wp\/v2\/types\/post"}],"author":[{"embeddable":true,"href":"https:\/\/pcb.org.br\/portal2\/wp-json\/wp\/v2\/users\/1"}],"replies":[{"embeddable":true,"href":"https:\/\/pcb.org.br\/portal2\/wp-json\/wp\/v2\/comments?post=374"}],"version-history":[{"count":0,"href":"https:\/\/pcb.org.br\/portal2\/wp-json\/wp\/v2\/posts\/374\/revisions"}],"wp:attachment":[{"href":"https:\/\/pcb.org.br\/portal2\/wp-json\/wp\/v2\/media?parent=374"}],"wp:term":[{"taxonomy":"category","embeddable":true,"href":"https:\/\/pcb.org.br\/portal2\/wp-json\/wp\/v2\/categories?post=374"},{"taxonomy":"post_tag","embeddable":true,"href":"https:\/\/pcb.org.br\/portal2\/wp-json\/wp\/v2\/tags?post=374"}],"curies":[{"name":"wp","href":"https:\/\/api.w.org\/{rel}","templated":true}]}}