{"id":3744,"date":"2012-10-23T19:59:14","date_gmt":"2012-10-23T19:59:14","guid":{"rendered":"http:\/\/pcb.org.br\/portal2\/?p=3744"},"modified":"2012-10-23T19:59:14","modified_gmt":"2012-10-23T19:59:14","slug":"divida-publica-deve-atingir-r-2-trilhoes-ainda-em-2012","status":"publish","type":"post","link":"https:\/\/pcb.org.br\/portal2\/3744","title":{"rendered":"D\u00edvida p\u00fablica deve atingir R$ 2 trilh\u00f5es ainda em 2012"},"content":{"rendered":"<br \/>\n<hr \/>\n<p>A d\u00edvida cresce apesar de, em 2011, segundo dados do Or\u00e7amento da Uni\u00e3o, os gastos com ela terem consumido R$ 708 bilh\u00f5es (45,05% de todas as destina\u00e7\u00f5es realizadas durante o ano). Para 2012, o pagamento de seus juros e amortiza\u00e7\u00f5es correspondia a 47,19% de todo o or\u00e7amento (R$ 1,014 trilh\u00e3o) do ano.<\/p>\n<p>Resta claro, por obviedade, que quanto mais o pa\u00eds gasta com os financistas mais eles fazem crescer a fatura. O que n\u00e3o deixa margem para d\u00favidas: devemos todos lutar pelo n\u00e3o pagamento de algo que j\u00e1 foi quitado in\u00fameras vezes.<\/p>\n","protected":false},"excerpt":{"rendered":"Segundo previs\u00f5es do pr\u00f3prio governo, divulgadas hoje, a d\u00edvida p\u00fablica vai fechar 2012 entre R$ 1,95 trilh\u00e3o e R$ 2,05 trilh\u00f5es. Em 2011, ela j\u00e1 havia subido 10%, para R$ 1,86 trilh\u00e3o. Isso apesar de gastarmos cerca de 50% do or\u00e7amento com o pagamento de seus juros e servi\u00e7os. Confira os detalhes no Olhar Comunista dessa ter\u00e7a.\n<a class=\"moretag\" href=\"https:\/\/pcb.org.br\/portal2\/3744\"> <\/a>","protected":false},"author":1,"featured_media":0,"comment_status":"open","ping_status":"open","sticky":false,"template":"","format":"standard","meta":{"jetpack_post_was_ever_published":false,"_jetpack_newsletter_access":"","_jetpack_dont_email_post_to_subs":false,"_jetpack_newsletter_tier_id":0,"_jetpack_memberships_contains_paywalled_content":false,"_jetpack_memberships_contains_paid_content":false,"footnotes":"","jetpack_publicize_message":"","jetpack_publicize_feature_enabled":true,"jetpack_social_post_already_shared":false,"jetpack_social_options":{"image_generator_settings":{"template":"highway","default_image_id":0,"font":"","enabled":false},"version":2}},"categories":[100],"tags":[],"class_list":["post-3744","post","type-post","status-publish","format-standard","hentry","category-c113-a-semana-no-olhar-comunista"],"jetpack_publicize_connections":[],"jetpack_featured_media_url":"","jetpack_shortlink":"https:\/\/wp.me\/p659gw-Yo","jetpack-related-posts":[],"jetpack_likes_enabled":true,"jetpack_sharing_enabled":true,"_links":{"self":[{"href":"https:\/\/pcb.org.br\/portal2\/wp-json\/wp\/v2\/posts\/3744","targetHints":{"allow":["GET"]}}],"collection":[{"href":"https:\/\/pcb.org.br\/portal2\/wp-json\/wp\/v2\/posts"}],"about":[{"href":"https:\/\/pcb.org.br\/portal2\/wp-json\/wp\/v2\/types\/post"}],"author":[{"embeddable":true,"href":"https:\/\/pcb.org.br\/portal2\/wp-json\/wp\/v2\/users\/1"}],"replies":[{"embeddable":true,"href":"https:\/\/pcb.org.br\/portal2\/wp-json\/wp\/v2\/comments?post=3744"}],"version-history":[{"count":0,"href":"https:\/\/pcb.org.br\/portal2\/wp-json\/wp\/v2\/posts\/3744\/revisions"}],"wp:attachment":[{"href":"https:\/\/pcb.org.br\/portal2\/wp-json\/wp\/v2\/media?parent=3744"}],"wp:term":[{"taxonomy":"category","embeddable":true,"href":"https:\/\/pcb.org.br\/portal2\/wp-json\/wp\/v2\/categories?post=3744"},{"taxonomy":"post_tag","embeddable":true,"href":"https:\/\/pcb.org.br\/portal2\/wp-json\/wp\/v2\/tags?post=3744"}],"curies":[{"name":"wp","href":"https:\/\/api.w.org\/{rel}","templated":true}]}}