{"id":3747,"date":"2012-10-24T14:50:41","date_gmt":"2012-10-24T14:50:41","guid":{"rendered":"http:\/\/pcb.org.br\/portal2\/?p=3747"},"modified":"2012-10-24T14:50:41","modified_gmt":"2012-10-24T14:50:41","slug":"crescem-o-racismo-e-a-xenofobia-na-grecia","status":"publish","type":"post","link":"https:\/\/pcb.org.br\/portal2\/3747","title":{"rendered":"Crescem o racismo e a xenofobia na Gr\u00e9cia"},"content":{"rendered":"<br \/>\n<hr \/>\n<p>Os n\u00fameros podem ser, infelizmente, apenas uma parte do total, uma vez que as v\u00edtimas, em sua maioria, n\u00e3o denunciam os agressores por medo de deporta\u00e7\u00e3o.<\/p>\n<p>S\u00e3o cerca de 130 mil, a cada ano, os estrangeiros que entram ilegalmente na Gr\u00e9cia. O governo vem empreendendo forte ofensiva para n\u00e3o apenas coibir esta entrada e tamb\u00e9m para expulsar os imigrantes que se encontram em situa\u00e7\u00e3o ilegal, vindos, em grande parte, de pa\u00edses como Iraque, Afeganist\u00e3o, Bangladesh, Paquist\u00e3o e Som\u00e1lia. \u00a0As agress\u00f5es a imigrantes ilegais s\u00e3o promovidas por grupos e partidos de direita, como o Aurora Dourada, que v\u00eaem os imigrantes como amea\u00e7a, dado o alto \u00edndice de desemprego presente na Gr\u00e9cia.<\/p>\n<p>Os ataques aos imigrantes e o crescimento do racismo s\u00e3o uma clara consequ\u00eancia das contradi\u00e7\u00f5es do capitalismo, agravadas pelo car\u00e1ter perif\u00e9rico da Gr\u00e9cia e, principalmente, pela profunda crise econ\u00f4mica que se abate sobre o pa\u00eds.<\/p>\n","protected":false},"excerpt":{"rendered":"Os 87 ataques racistas registrados de janeiro a setembro deste ano na Gr\u00e9cia s\u00e3o intoler\u00e1veis. No Olhar Comunista dessa quarta.\n<a class=\"moretag\" href=\"https:\/\/pcb.org.br\/portal2\/3747\"> <\/a>","protected":false},"author":1,"featured_media":0,"comment_status":"open","ping_status":"open","sticky":false,"template":"","format":"standard","meta":{"jetpack_post_was_ever_published":false,"_jetpack_newsletter_access":"","_jetpack_dont_email_post_to_subs":false,"_jetpack_newsletter_tier_id":0,"_jetpack_memberships_contains_paywalled_content":false,"_jetpack_memberships_contains_paid_content":false,"footnotes":"","jetpack_publicize_message":"","jetpack_publicize_feature_enabled":true,"jetpack_social_post_already_shared":false,"jetpack_social_options":{"image_generator_settings":{"template":"highway","default_image_id":0,"font":"","enabled":false},"version":2}},"categories":[100],"tags":[],"class_list":["post-3747","post","type-post","status-publish","format-standard","hentry","category-c113-a-semana-no-olhar-comunista"],"jetpack_publicize_connections":[],"jetpack_featured_media_url":"","jetpack_shortlink":"https:\/\/wp.me\/p659gw-Yr","jetpack-related-posts":[],"jetpack_likes_enabled":true,"jetpack_sharing_enabled":true,"_links":{"self":[{"href":"https:\/\/pcb.org.br\/portal2\/wp-json\/wp\/v2\/posts\/3747","targetHints":{"allow":["GET"]}}],"collection":[{"href":"https:\/\/pcb.org.br\/portal2\/wp-json\/wp\/v2\/posts"}],"about":[{"href":"https:\/\/pcb.org.br\/portal2\/wp-json\/wp\/v2\/types\/post"}],"author":[{"embeddable":true,"href":"https:\/\/pcb.org.br\/portal2\/wp-json\/wp\/v2\/users\/1"}],"replies":[{"embeddable":true,"href":"https:\/\/pcb.org.br\/portal2\/wp-json\/wp\/v2\/comments?post=3747"}],"version-history":[{"count":0,"href":"https:\/\/pcb.org.br\/portal2\/wp-json\/wp\/v2\/posts\/3747\/revisions"}],"wp:attachment":[{"href":"https:\/\/pcb.org.br\/portal2\/wp-json\/wp\/v2\/media?parent=3747"}],"wp:term":[{"taxonomy":"category","embeddable":true,"href":"https:\/\/pcb.org.br\/portal2\/wp-json\/wp\/v2\/categories?post=3747"},{"taxonomy":"post_tag","embeddable":true,"href":"https:\/\/pcb.org.br\/portal2\/wp-json\/wp\/v2\/tags?post=3747"}],"curies":[{"name":"wp","href":"https:\/\/api.w.org\/{rel}","templated":true}]}}