{"id":376,"date":"2010-04-01T18:40:56","date_gmt":"2010-04-01T18:40:56","guid":{"rendered":"http:\/\/pcb.org.br\/portal2\/?p=376"},"modified":"2010-04-01T18:40:56","modified_gmt":"2010-04-01T18:40:56","slug":"o-pcb-a-intersindical-e-a-criacao-de-uma-nova-central-sindical","status":"publish","type":"post","link":"https:\/\/pcb.org.br\/portal2\/376","title":{"rendered":"O PCB, a Intersindical e a cria\u00e7\u00e3o de uma nova central sindical"},"content":{"rendered":"\n<p>1 \u2013 Em abril de 2008, em seu II Encontro Nacional, houve uma divis\u00e3o na Intersindical (Instrumento de Luta e Organiza\u00e7\u00e3o da Classe Trabalhadora), da qual at\u00e9 hoje participamos atrav\u00e9s de nossa corrente sindical UNIDADE CLASSISTA (UC). A divis\u00e3o se deu em torno da cria\u00e7\u00e3o ou n\u00e3o de uma nova central, juntamente com a Conlutas, entidade criada e hegemonizada pelo PSTU.<\/p>\n<p>2 \u2013 Nesta divis\u00e3o, a UC, no entendimento da dire\u00e7\u00e3o do PCB, optou corretamente por prosseguir, com outras correntes classistas, os esfor\u00e7os para o fortalecimento da Intersindical, sem se deixar levar pelo imediatismo e pelo cupulismo da cria\u00e7\u00e3o, a qualquer custo, de uma nova central sindical.<\/p>\n<p>3 \u2013 Do outro lado, ficaram as tend\u00eancias internas do PSOL que se encontravam na Intersindical. Como s\u00e3o a favor da cria\u00e7\u00e3o da nova central, articularam-se entre si para se somarem ao PSTU na fus\u00e3o com a Conlutas. Mesmo tendo desistido do projeto de fortalecimento da Intersindical, este setores do PSOL continuaram usando o nome dela, o que acabou confundindo grande parte do ambiente sindical.<\/p>\n<p>4 \u2013 Para ficar claro, esclarecemos que a Intersindical (que continuamos a construir) n\u00e3o participar\u00e1 do congresso sindical marcado para junho deste ano, com o objetivo de criar uma nova central. A \u201cIntersindical\u201d que assina a convocat\u00f3ria do referido congresso restringe-se aos setores do PSOL que querem a fus\u00e3o com a Conlutas.<\/p>\n<p>5 \u2013 Pensamos que a cria\u00e7\u00e3o de uma nova central deve ser produto de um processo de unidade de a\u00e7\u00e3o nas lutas cotidianas dos trabalhadores e de acordo com um calend\u00e1rio que n\u00e3o seja burocr\u00e1tico e muito menos se deixe confundir com a agenda eleitoral nacional.<\/p>\n<p>6 \u2013 Por isso, n\u00e3o nos parece prudente marcar a\u00e7odadamente um congresso para criar uma central, ainda mais sem que previamente se defina o seu car\u00e1ter. Sendo a central uma uni\u00e3o volunt\u00e1ria de for\u00e7as pol\u00edticas e sindicais, nenhuma delas pode impor a outras a sua concep\u00e7\u00e3o, sob pena de se tratar de uma falsa unidade.<\/p>\n<p>7 \u2013 Por estas raz\u00f5es, o PCB informa aos companheiros que militam na Unidade Classista e a nossos aliados e amigos que n\u00e3o participaremos do congresso marcado para junho de 2010, com o objetivo prec\u00edpuo de criar uma central, que n\u00e3o se sabe se ser\u00e1 baseada na centralidade do trabalho, como defendemos, ou uma organiza\u00e7\u00e3o ecl\u00e9tica, dilu\u00edda e movimentista.<\/p>\n<p>8 &#8211; A rela\u00e7\u00e3o do movimento sindical com o movimento popular, estudantil e de luta contra as opress\u00f5es espec\u00edficas deve ser feita em um espa\u00e7o maior que articule essas diferentes lutas.<\/p>\n<p>9 \u2013 Al\u00e9m da falta de defini\u00e7\u00e3o sobre o que se vai criar, o m\u00eas escolhido coincide com o in\u00edcio de elei\u00e7\u00f5es gerais no Brasil, o que pode se constituir em mais um complicador, seja pelos riscos de instrumentaliza\u00e7\u00e3o ou de divis\u00e3o.<\/p>\n<p>10 \u2013 Apesar de n\u00e3o participarmos desse congresso, pelas raz\u00f5es expostas, respeitamos todas as for\u00e7as que o compor\u00e3o, porque t\u00eam, como n\u00f3s, a vontade pol\u00edtica de criar uma necess\u00e1ria central sindical classista. Nossas diverg\u00eancias t\u00eam a ver com a concep\u00e7\u00e3o de central a ser criada e com a metodologia que orienta a convoca\u00e7\u00e3o deste congresso, que julgamos equivocada e inoportuna.<\/p>\n<p>11 \u2013 Mas \u00e9 fundamental que a Intersindical mantenha permanente e franco di\u00e1logo com estas for\u00e7as, nossos principais aliados na luta contra o capital, com vistas a iniciativas e a\u00e7\u00f5es unit\u00e1rias de luta, atrav\u00e9s da refunda\u00e7\u00e3o de um espa\u00e7o comum de a\u00e7\u00e3o, nos moldes do F\u00f3rum Nacional de Mobiliza\u00e7\u00e3o.<\/p>\n<p>12 &#8211; Na quest\u00e3o da futura central sindical classista unit\u00e1ria de trabalhadores, este di\u00e1logo deve privilegiar os setores que, apesar de hoje n\u00e3o comporem a Intersindical que estamos ajudando a construir, t\u00eam a mesma perspectiva da centralidade do trabalho.<\/p>\n<p>13 \u2013 Defendemos que a fun\u00e7\u00e3o principal da Intersindical \u00e9 a de ser, a partir da organiza\u00e7\u00e3o e das lutas contra o capital, um espa\u00e7o de articula\u00e7\u00e3o e unidade de a\u00e7\u00e3o do sindicalismo classista, visando \u00e0 constru\u00e7\u00e3o, sem a\u00e7odamento nem acordos de c\u00fapula, de uma ampla e poderosa organiza\u00e7\u00e3o intersindical unit\u00e1ria, que esteja \u00e0 altura das necessidades da luta de classes.<\/p>\n<p>PCB \u2013 Partido Comunista Brasileiro<\/p>\n<p>Comiss\u00e3o Pol\u00edtica Nacional<\/p>\n<p>Abril de 2010<\/p>\n","protected":false},"excerpt":{"rendered":"\n\n\nCr\u00e9dito: www.intersindical.org.br\n\n\n\n\n(Nota Pol\u00edtica do PCB)\nDiante do congresso convocado para junho deste ano, com o objetivo de criar uma nova central sindical, o PCB esclarece:\n<a class=\"moretag\" href=\"https:\/\/pcb.org.br\/portal2\/376\"> <\/a>","protected":false},"author":1,"featured_media":0,"comment_status":"open","ping_status":"open","sticky":false,"template":"","format":"standard","meta":{"jetpack_post_was_ever_published":false,"_jetpack_newsletter_access":"","_jetpack_dont_email_post_to_subs":false,"_jetpack_newsletter_tier_id":0,"_jetpack_memberships_contains_paywalled_content":false,"_jetpack_memberships_contains_paid_content":false,"footnotes":"","jetpack_publicize_message":"","jetpack_publicize_feature_enabled":true,"jetpack_social_post_already_shared":false,"jetpack_social_options":{"image_generator_settings":{"template":"highway","default_image_id":0,"font":"","enabled":false},"version":2}},"categories":[26],"tags":[],"class_list":["post-376","post","type-post","status-publish","format-standard","hentry","category-c25-notas-politicas-do-pcb"],"jetpack_publicize_connections":[],"jetpack_featured_media_url":"","jetpack_shortlink":"https:\/\/wp.me\/p659gw-64","jetpack-related-posts":[],"jetpack_likes_enabled":true,"jetpack_sharing_enabled":true,"_links":{"self":[{"href":"https:\/\/pcb.org.br\/portal2\/wp-json\/wp\/v2\/posts\/376","targetHints":{"allow":["GET"]}}],"collection":[{"href":"https:\/\/pcb.org.br\/portal2\/wp-json\/wp\/v2\/posts"}],"about":[{"href":"https:\/\/pcb.org.br\/portal2\/wp-json\/wp\/v2\/types\/post"}],"author":[{"embeddable":true,"href":"https:\/\/pcb.org.br\/portal2\/wp-json\/wp\/v2\/users\/1"}],"replies":[{"embeddable":true,"href":"https:\/\/pcb.org.br\/portal2\/wp-json\/wp\/v2\/comments?post=376"}],"version-history":[{"count":0,"href":"https:\/\/pcb.org.br\/portal2\/wp-json\/wp\/v2\/posts\/376\/revisions"}],"wp:attachment":[{"href":"https:\/\/pcb.org.br\/portal2\/wp-json\/wp\/v2\/media?parent=376"}],"wp:term":[{"taxonomy":"category","embeddable":true,"href":"https:\/\/pcb.org.br\/portal2\/wp-json\/wp\/v2\/categories?post=376"},{"taxonomy":"post_tag","embeddable":true,"href":"https:\/\/pcb.org.br\/portal2\/wp-json\/wp\/v2\/tags?post=376"}],"curies":[{"name":"wp","href":"https:\/\/api.w.org\/{rel}","templated":true}]}}