{"id":378,"date":"2010-04-05T20:14:59","date_gmt":"2010-04-05T20:14:59","guid":{"rendered":"http:\/\/pcb.org.br\/portal2\/?p=378"},"modified":"2010-04-05T20:14:59","modified_gmt":"2010-04-05T20:14:59","slug":"colombia-a-bofetada-do-sargento-moncayo-em-uribe-no-olho-do-furacao","status":"publish","type":"post","link":"https:\/\/pcb.org.br\/portal2\/378","title":{"rendered":"COL\u00d4MBIA: A bofetada do sargento Moncayo em Uribe no \u2018Olho do Furac\u00e3o\u2019"},"content":{"rendered":"\n<p align=\"justify\">A liberta\u00e7\u00e3o por parte da guerrilha das FARC foi adiada por quase um ano por culpa da intransig\u00eancia de Uribe. Desta vez o espa\u00e7o para armadilhas, manobras ou falsos positivos havia sido reduzido, mas, como em outras ocasi\u00f5es, Uribe e os generais violaram o protocolo e o acordo pela unilateral entrega do oficial Pablo Moncayo, sobrevoando a zona antes de sua entrega \u00e0 Comiss\u00e3o Humanit\u00e1ria liderada pela incans\u00e1vel senadora Piedad C\u00f3rdoba.<\/p>\n<p align=\"justify\"><strong>N\u00e3o se pode negar a exist\u00eancia de um conflito social e armado <\/strong><\/p>\n<p align=\"justify\">O militar colombiano que caiu prisioneiro de guerra em 21 de dezembro de 1997 na tomada da base em Cerro Patascoy, cuja altitude \u00e9 de 4.200 metros, com temperaturas de at\u00e9 15 graus abaixo de zero, respondeu a pergunta sobre o que ele opinava sobre as FARC, dizendo que n\u00e3o importava sua opini\u00e3o sobre a guerrilha, porque n\u00e3o se pode negar a sua exist\u00eancia.<\/p>\n<p align=\"justify\">\u201cCreio que o que eu pense da guerrilha das FARC em nada muda o rumo da historia da Col\u00f4mbia. Simplesmente existem na Col\u00f4mbia, s\u00e3o uma realidade, n\u00e3o se podem negar por mais que se queira, por mais que pare\u00e7am invis\u00edveis, porque a\u00ed est\u00e3o&#8221;.<\/p>\n<table border=\"0\" width=\"200\" align=\"left\">\n<tbody>\n<tr>\n<td style=\"font-size: 10px; text-align: left;\" width=\"170\" bgcolor=\"#f1f1f1\"><img decoding=\"async\" src=\"images\/stories\/colombiatroca2.jpg\" border=\"0\" alt=\"imagem\" width=\"170\" align=\"center\" \/><em>Cr\u00e9dito: <a href=\"http:\/\/anncol.eu\/\" target=\"_new\">Anncol.eu<\/a><\/em><\/td>\n<td><\/td>\n<\/tr>\n<\/tbody>\n<\/table>\n<p align=\"justify\">Apesar de ter passado doze anos de sua vida em cativeiro, o sargento do ex\u00e9rcito v\u00ea com olhos muito mais claros os verdadeiros inimigos do povo colombiano. Uribe tem tentado atrav\u00e9s dos meios de comunica\u00e7\u00e3o leais a ele, impor uma cegueira \u00e0 realidade colombiana, uma realidade que Uribe, desde seu primeiro minuto na presid\u00eancia busca ocultar atrav\u00e9s do terror, amea\u00e7ando jornalistas e personalidades que n\u00e3o querem subordinar-se a ele e, menos ainda, permanecer calados ante um Terrorismo de Estado, que se expressa por meio da persegui\u00e7\u00e3o de jornalistas, magistrados da Corte Suprema de Justi\u00e7a e lutadores sociais e pol\u00edticos nessa formosa na\u00e7\u00e3o sul-americana.<\/p>\n<p align=\"justify\"><strong>A m\u00eddia prostitu\u00edda<\/strong><\/p>\n<p align=\"justify\">N\u00e3o faltavam os colegas da classe <em>chupamedia<\/em>, ou seja, os rep\u00f3rteres do &#8220;Gr\u00eamio Mata-FARC&#8221;, que chegaram no aeroporto de Florencia, capital do Departamento de Caquet\u00e1, somente com o desejo de absorver uma palavra anti-FARC ou anti-Ch\u00e1vez de Moncayo, para poder transmitir e envi\u00e1-la a reda\u00e7\u00e3o em Bogot\u00e1. N\u00e3o importava-lhes em absoluto, assim como \u00e0 Uribe, a libera\u00e7\u00e3o de seu compatriota que um dia, aos 18 anos de idade, com toda vida adiante, foi capturado depois de sangrento combate neste cerro ao sul da Col\u00f4mbia, em uma guerra que n\u00e3o \u00e9 dele nem dos mais de 450 mil filhos da na\u00e7\u00e3o sul-americana, que dia e noite p\u00f5em suas vidas como cotas para preservar os privil\u00e9gios de uma oligarquia fascista.<\/p>\n<p align=\"justify\">Durante a colet\u00e2nea de imprensa no aeroporto com a senadora Piedad C\u00f3rdoba e Dom Leonardo G\u00f3mez Serna, a m\u00eddia uribista, como a RCN, R\u00e1dio W, entre outros, tiraram a m\u00e1scara por completo, concentrando todas as suas perguntas n\u00e3o no estado de sa\u00fade do militar liberado pela guerrilha, mas por que o canal continental de televis\u00e3o TELESUR havia transmitido durante 30 segundos imagens do militar caminhando na selva momentos antes de ser liberado, acusando a esse canal televisivo de ter violado um protocolo que nenhum meio de comunica\u00e7\u00e3o no mundo assinaria.<\/p>\n<p align=\"justify\">O pre\u00e7o pela coopta\u00e7\u00e3o total da m\u00eddia tomou a emissora colombiana \u201cR\u00e1dio W\u201d, cujo rep\u00f3rter com uma voz quase vibrante para poder gravar um colega, mas que perguntava \u00e0 senadora Piedad C\u00f3rdoba, afirmava que o excelente jornalista e documentarista colombiano Jorge Enrique Botero, tinha sido visto na selva onde foi filmado o sargento Moncayo na transmiss\u00e3o feita por TELESUR. A senadora, visivelmente irritada pelas perguntas centradas em atacar esse canal continental, recha\u00e7ou com veem\u00eancia as tendenciosas perguntas e respondeu a esse &#8220;enviado especial&#8221; (mandado por quem?) da r\u00e1dio W, com as seguintes palavras: &#8220;Pois eu nunca vi Jorge Enrique l\u00e1, mas est\u00e1 aqui&#8221;, indicando com a m\u00e3o o lugar onde ele estava.<\/p>\n<p align=\"justify\"><strong>Investigar duas vezes antes de publicar conjecturas<\/strong><\/p>\n<p align=\"justify\">A infame insinua\u00e7\u00e3o do rep\u00f3rter da R\u00e1dio W me fez recordar a mesma sorte que teve uma colega colombiana muito capaz da RadioNet na \u00e9poca do processo de Paz em San Vicente de Cagu\u00e1n. Deu um furo quando transmitiu ao vivo da reda\u00e7\u00e3o em Bogot\u00e1 o comunicado das FARC, lido pelo comandante Andr\u00e9s Par\u00eds, onde a colega deu a \u201cexclusiva\u201d da not\u00edcia. Os outros rep\u00f3rteres colombianos, quando a viram, gritaram todas as grosserias imposs\u00edveis de imprimir aqui, confirmando que eram capazes de tudo para conseguir o \u201cfuro\u201d. Quero ressaltar que aquela companheira era uma exce\u00e7\u00e3o.<\/p>\n<p align=\"justify\">N\u00e3o faltaram as declara\u00e7\u00f5es do Senhor Uribe, que nesse momento inaugurava uma cadeia na cidade de C\u00facuta, que com suas palavras amea\u00e7ava e sentenciava os jornalistas da TELESUR, catalogando sua atividade jornal\u00edstica com as seguintes palavras: &#8220;O que se pode esperar das FARC&#8221;.<\/p>\n<p align=\"justify\">E para coroar sua total \u201cpisada na bola\u201d na discuss\u00e3o da entrega do prisioneiro mais antigo da Colombia, o regime de Uribe publicou um comunicado onde n\u00e3o s\u00f3 acusa a TELESUR de ter violado um protocolo que somente foi assinado pelas FARC, pelo Governo de Uribe e a Cruz Vermelha Internacional, os atores reais da entrega de Moncayo, sen\u00e3o tamb\u00e9m denunciou a senadora C\u00f3rdoba e Dom G\u00f3mez de serem c\u00famplices da transmiss\u00e3o de TELESUR.<\/p>\n<p align=\"justify\">Qualquer jornalista sabe que \u00e9 melhor investigar duas vezes antes de publicar uma conjectura ou uma not\u00edcia de fonte n\u00e3o confirmada. Mas, para Uribe ou para o Estado colombiano isso nada importa. A TELESUR recha\u00e7ou e desnudou o mentiroso comunicado de Uribe, em todos os seus pontos, um por um, por meio de um comunicado: (<a href=\"http:\/\/www.telesurtv.net\/noticias\/secciones\/nota\/69460-NN\/comunicado-telesur-sobre-acusaciones-de-gobierno-colombiano\/\" target=\"_blank\">http:\/\/www.telesurtv.net\/noticias\/secciones\/nota\/69460-NN\/comunicado-telesur-sobre-acusaciones-de-gobierno-colombiano\/<\/a>)<\/p>\n<p align=\"justify\">No seu primeiro ponto afirma que &#8220;as imagens publicadas n\u00e3o foram gravadas por pessoas de TELESUR. Foram recebidas atrav\u00e9s do correio eletr\u00f4nico p\u00fablico da reda\u00e7\u00e3o central de nossa planta de televis\u00e3o. Al\u00e9m da TELESUR, entre os destinat\u00e1rios desse correio estavam outros meios de comunica\u00e7\u00e3o colombianos e internacionais&#8221;.<\/p>\n<p align=\"justify\">\u00c9 de estranhar que Uribe ataque a TELSUR quando o mundo sabe que ele mesmo foi desmascarado por ter cometido uma viola\u00e7\u00e3o do Direito Humanit\u00e1rio Internacional, por ter utilizado n\u00e3o somente o emblema da Cruz Vermelha Internacional, mas tamb\u00e9m os logotipos da TELESUR e da equatoriana ECUAVISA em 2008, no operativo Xeque II, quando foi entregue a senhora Ingrid Betancourt por dois traidores da guerrilha em conspira\u00e7\u00e3o com as intelig\u00eancias colombiana e estadunidense, deixando assim vulner\u00e1vel a seguran\u00e7a da vida dos colegas desses meios que sim, sabem proceder com \u00e9tica e respeitando os princ\u00edpios. Sobre essa viola\u00e7\u00e3o cometida por Uribe, jamais ouvimos dos meio oficiais colombianos, nem sequer uma palavra de protest0.<\/p>\n<p align=\"justify\"><strong>O pesadelo da ter\u00e7a-feira 30 de mar\u00e7o<\/strong><\/p>\n<p align=\"justify\">A ter\u00e7a-feira do dia 30 de mar\u00e7o de 2010 n\u00e3o foi um bom dia para Uribe e seus generais. E para completar seu desconforto anda a not\u00edcia de que o sargento Moncayo se pronunciar\u00e1 nos pr\u00f3ximos dias sobre uma decis\u00e3o importante para sua vida. Sem pretender fazer especula\u00e7\u00f5es ou conjecturas como faz Uribe, todo indica que ele quer lutar pela troca dos oficiais militares e policiais, prisioneiros de guerra vencidos e capturados em combate pelas FARC, tanto pelos guerrilheiros presos, quanto por todos os presos pol\u00edticos que est\u00e3o nos c\u00e1rceres colombianos, que segundo a Funda\u00e7\u00e3o de Solidariedade com os Presos Pol\u00edticos s\u00e3o mais de 8.000 pessoas.<\/p>\n<p align=\"justify\">Ningu\u00e9m tem esperan\u00e7a que Uribe, no pouco mais de 130 dias para findar seu mandato, promova uma troca de prisioneiros de guerra, coisa que \u00e0s vezes at\u00e9 os israelitas fazem com as autoridades palestinas. Ao contr\u00e1rio, ele quer levar at\u00e9 as \u00faltimas conseq\u00fc\u00eancias sua guerra contra as FARC, exigindo dos seus generais a elimina\u00e7\u00e3o f\u00edsica de seu Comandante em Chefe, Alfonso Cano, como se a guerra fosse uma excurs\u00e3o onde se ganha os trof\u00e9us ou se perde tudo.<\/p>\n<p align=\"justify\">N\u00f3s imaginamos os pesadelos de Uribe nestas noites, um Uribe que em agosto de 2002 prometeu a seus patr\u00f5es, os generais do Pent\u00e1gono e os falc\u00f5es da Casa Branca, acabar com as FARC e o ELN em apenas 120 dias.<\/p>\n<p align=\"justify\"><strong>A bofetada de adeus \u00e0 Uribe<\/strong><\/p>\n<p align=\"justify\">Por isso, a bofetada do sargento Moncayo na ter\u00e7a-feira, 30 de mar\u00e7o do presente ano, foi tremenda porque ele foi liberado no olho do furac\u00e3o do Plano Patriota, o maior plano militar dos tempos modernos, no qual toda a maquinaria de morte de quase 500.000 homens em armas, apoiados pela maior frota da Am\u00e9rica Latina, de avi\u00f5es e helic\u00f3pteros, assessorados por mais de 2000 militares especialistas <em>Made in USA<\/em>, n\u00e3o conseguiram derrotar o movimento guerrilheiro que hoje tem dito que a entrega de Mocayo encerra as entregas unilaterais e que agora corresponde ao Estado colombiano negociar uma troca de prisioneiros de ambas as partes.<\/p>\n<p align=\"justify\"><strong>Farc: \u201do caminho est\u00e1 desembara\u00e7ado para a imediata troca de prisioneiros de guerra..\u201d <\/strong><a href=\"http:\/\/anncol.eu\/conflicto-social-y-armado\/11\/farc:-%E2%80%9D-el-camino-queda-desbrozado-para-el-inmediato-canje-de-prisioneros-de-guerra..%E2%80%9D546\" target=\"_blank\">http:\/\/anncol.eu\/conflicto-social-y-armado\/11\/farc:-%E2%80%9D-el-camino-queda-desbrozado-para-el-inmediato-canje-de-prisioneros-de-guerra..%E2%80%9D546<\/a><\/p>\n<p align=\"justify\">Leiamos o comunicado na sua totalidade divulgado pela Telesur:<\/p>\n<p align=\"justify\">&#8212;&#8212;&#8212;&#8212;&#8212;&#8212;&#8212;&#8212;-<\/p>\n<p><strong>COMUNICADO DAS FARC-EP<\/strong><\/p>\n<ol>\n<li>\n<p align=\"justify\">As FARC-EP, para benepl\u00e1cito dos colombianos, sobretudo para os familiares, cumpriu sua palavra empenhada no come\u00e7o de 2009, de liberar de maneira unilateral os prisioneiros de guerra cabo Pablo Emilio Moncayo e o soldado profissional Josu\u00e9 Daniel Calvo, assim como a entrega dos restos mortais do capit\u00e3o Guevara, que, por agora n\u00e3o se poder\u00e1 entregar a sua m\u00e3e, dona Emperatriz de Guevara.<\/p>\n<\/li>\n<\/ol>\n<ol>\n<li>\n<p align=\"justify\">Este feito deveria ter acontecido dez meses atr\u00e1s, por\u00e9m a permanente fabrica\u00e7\u00e3o de pretextos artificiais pelo governo de Uribe, obcecado por um absurdo e fatal resgate militar prolongou de maneira torturante e injustificada a entrega.<\/p>\n<\/li>\n<\/ol>\n<ol>\n<li>\n<p align=\"justify\">A entrega foi feita pessoalmente a senadora C\u00f3rdoba, representante dos Colombianos e Colombianas pela Paz e ao profesor Moncayo, que contaram com o acompanhamento humanit\u00e1rio do Comit\u00ea Internacional da Cruz Roja e da Igreja.<\/p>\n<\/li>\n<\/ol>\n<ol>\n<li>\n<p align=\"justify\">Com este gesto unilateral, as FARC-EP consideram que o caminho fica desembara\u00e7ado para a imediata troca de prisioneiros de guerra como \u00fanica forma vi\u00e1vel, para que, sem deteriora\u00e7\u00e3o da integridade f\u00edsica regressem \u00e0 liberdade os prisioneiros que est\u00e3o na selva, o mesmo que os guerrilheiros presos nas masmorras da Col\u00f4mbia e dos Estados Unidos.<\/p>\n<\/li>\n<\/ol>\n<ol>\n<li>\n<p align=\"justify\">Fazemos um chamado a todos os pa\u00edses interessados em uma solu\u00e7\u00e3o pol\u00edtica para o conflito social e armado colombiano, o mesmo que aos Colombianos e Colombianas pela Paz para que somem vontades e dirijam seus esfor\u00e7os conc\u00eantricos encaminhados a alcan\u00e7ar a troca de prisioneiros de guerra.<\/p>\n<\/li>\n<\/ol>\n<ol>\n<li>\n<p align=\"justify\">As FARC-EP agradecem uma vez mais, por seu reiterado apoio log\u00edstico ao povo brasileiro e ao seu presidente Luis In\u00e1cio Lula da Silva, sem cujo concurso haveria sido imposs\u00edvel a realiza\u00e7\u00e3o desta empresa humanit\u00e1ria; agradecemos igualmente aos pilotos por sua pericia e profissionalismo.<\/p>\n<\/li>\n<\/ol>\n<p align=\"justify\"><strong>Secretariado do EMC<\/strong><\/p>\n<p align=\"justify\"><strong>Montanhas da Col\u00f4mbia <\/strong><\/p>\n<p align=\"justify\"><strong>30 de Mar\u00e7o 2010<\/strong><\/p>\n","protected":false},"excerpt":{"rendered":"\n\n\nCr\u00e9dito: Anncol.eu\n\n\n\n\nPor Dick Emanuelsson\nTEGUCIGALPA \/ 30-03-2010\nA humilha\u00e7\u00e3o para o &#8220;Senhor da Seguran\u00e7a Democr\u00e1tica&#8221; n\u00e3o poderia ter sido maior. Seu oficial, o sargento do ex\u00e9rcito nacional da Col\u00f4mbia, PABLO EMILIO MONCAYO, o prisioneiro de guerra mais antigo do conflito social e armado colombiano, elogiou os presidentes Correa, Ch\u00e1vez e Lula por ter ajudado na liberta\u00e7\u00e3o do militar colombiano. E mais, em nenhum momento mencionou o nome e o sobrenome do Sr. \u00c1lvaro Uribe ou seu governo.\n<a class=\"moretag\" href=\"https:\/\/pcb.org.br\/portal2\/378\"> <\/a>","protected":false},"author":1,"featured_media":0,"comment_status":"open","ping_status":"open","sticky":false,"template":"","format":"standard","meta":{"jetpack_post_was_ever_published":false,"_jetpack_newsletter_access":"","_jetpack_dont_email_post_to_subs":false,"_jetpack_newsletter_tier_id":0,"_jetpack_memberships_contains_paywalled_content":false,"_jetpack_memberships_contains_paid_content":false,"footnotes":"","jetpack_publicize_message":"","jetpack_publicize_feature_enabled":true,"jetpack_social_post_already_shared":false,"jetpack_social_options":{"image_generator_settings":{"template":"highway","default_image_id":0,"font":"","enabled":false},"version":2}},"categories":[34],"tags":[],"class_list":["post-378","post","type-post","status-publish","format-standard","hentry","category-c39-colombia"],"jetpack_publicize_connections":[],"jetpack_featured_media_url":"","jetpack_shortlink":"https:\/\/wp.me\/p659gw-66","jetpack-related-posts":[],"jetpack_likes_enabled":true,"jetpack_sharing_enabled":true,"_links":{"self":[{"href":"https:\/\/pcb.org.br\/portal2\/wp-json\/wp\/v2\/posts\/378","targetHints":{"allow":["GET"]}}],"collection":[{"href":"https:\/\/pcb.org.br\/portal2\/wp-json\/wp\/v2\/posts"}],"about":[{"href":"https:\/\/pcb.org.br\/portal2\/wp-json\/wp\/v2\/types\/post"}],"author":[{"embeddable":true,"href":"https:\/\/pcb.org.br\/portal2\/wp-json\/wp\/v2\/users\/1"}],"replies":[{"embeddable":true,"href":"https:\/\/pcb.org.br\/portal2\/wp-json\/wp\/v2\/comments?post=378"}],"version-history":[{"count":0,"href":"https:\/\/pcb.org.br\/portal2\/wp-json\/wp\/v2\/posts\/378\/revisions"}],"wp:attachment":[{"href":"https:\/\/pcb.org.br\/portal2\/wp-json\/wp\/v2\/media?parent=378"}],"wp:term":[{"taxonomy":"category","embeddable":true,"href":"https:\/\/pcb.org.br\/portal2\/wp-json\/wp\/v2\/categories?post=378"},{"taxonomy":"post_tag","embeddable":true,"href":"https:\/\/pcb.org.br\/portal2\/wp-json\/wp\/v2\/tags?post=378"}],"curies":[{"name":"wp","href":"https:\/\/api.w.org\/{rel}","templated":true}]}}