{"id":3782,"date":"2012-11-02T01:43:29","date_gmt":"2012-11-02T01:43:29","guid":{"rendered":"http:\/\/pcb.org.br\/portal2\/?p=3782"},"modified":"2012-11-02T01:43:29","modified_gmt":"2012-11-02T01:43:29","slug":"fachada-ou-salto-de-qualidade-o-dilema-de-manguinhos","status":"publish","type":"post","link":"https:\/\/pcb.org.br\/portal2\/3782","title":{"rendered":"Fachada ou salto de qualidade- o dilema de Manguinhos"},"content":{"rendered":"\n<p><em>31\/ 10\/ 2012<\/em><\/p>\n<p>A decis\u00e3o do governador S\u00e9rgio Cabral de desapropriar a \u00e1rea onde funciona, atualmente, a refinaria de Manguinhos, adjacente \u00e0 regi\u00e3o conhecida como &#8220;faixa de Gaza&#8221;, com a finalidade de transform\u00e1-la em bairro popular, com a implanta\u00e7\u00e3o de equipamentos sociais e urbanos em apoio aos bairros vizinhos, merece uma avalia\u00e7\u00e3o cuidadosa.<\/p>\n<p>A desapropria\u00e7\u00e3o foi realizada ap\u00f3s a ocupa\u00e7\u00e3o militar das comunidades do Jacarezinho e Manguinhos, ambas pr\u00f3ximas \u00e0 \u00e1rea desapropriada. Esta opera\u00e7\u00e3o, como se sabe, \u00e9 parte da pol\u00edtica de seguran\u00e7a do atual governo do estado, que prev\u00ea a expuls\u00e3o das quadrilhas de traficantes e a implanta\u00e7\u00e3o de unidades da Pol\u00edcia Militar \u2013 as UPPs \u2013 para garantir a &#8220;pacifica\u00e7\u00e3o&#8221; das respectivas regi\u00f5es.<\/p>\n<p>Paralelamente, o governo se prop\u00f5e a reurbanizar as comunidades, criando os chamados &#8220;bairros populares&#8221;. \u00c9 esse o caso presente de Manguinhos.<\/p>\n<p>O primeiro elemento a ser considerado \u00e9 a necessidade \u2013 real e presente \u2013 de que sejam garantidas as condi\u00e7\u00f5es de vida reconhecidas como b\u00e1sicas para todo o contingente de moradores das regi\u00f5es identificadas como favelas ou comunidades de baixa renda. Entre essas condi\u00e7\u00f5es est\u00e3o o direito \u00e0 moradia digna, em alvenaria, de porte suficiente para o abrigo da fam\u00edlia, ao acesso \u00e0 \u00e1gua encanada, esgotamento sanit\u00e1rio, eletricidade, \u00e0 infraestrutura urbana, como o cal\u00e7amento das ruas com sistemas de drenagem e ilumina\u00e7\u00e3o, \u00e0 integra\u00e7\u00e3o ao conjunto da cidade com o acesso \u00e1 malha de transportes p\u00fablicos. Complementam esse quadro os servi\u00e7os e equipamentos sociais, como as escolas, os postos de sa\u00fade e os hospitais, as pra\u00e7as, a limpeza urbana, as delegacias policiais.<\/p>\n<p>Solu\u00e7\u00f5es prec\u00e1rias, de fachada, foram empreendidas em passado recente, em algumas \u00e1reas de baixa renda, com oferta de tinta para a pintura de casas, reparos no cal\u00e7amento, algumas a\u00e7\u00f5es de ilumina\u00e7\u00e3o. Nenhuma delas, entretanto, logrou a eleva\u00e7\u00e3o, de fato, da qualidade de vida da maioria da popula\u00e7\u00e3o. Solu\u00e7\u00f5es mais completas, como aquelas empreendidas pelo governo de Cingapura nas d\u00e9cadas de 70, 80 e 90, com a constru\u00e7\u00e3o de pr\u00e9dios com apartamentos de 2 ou at\u00e9 3 quartos nos padr\u00f5es mais elevados de conforto e a custo baixo e subsidiado para os compradores eliminou, praticamente, o problema da precariedade de moradia para a popula\u00e7\u00e3o daquele pa\u00eds, nunca foram tentadas.<\/p>\n<p>Para que este salto seja dado, \u00e9 preciso, em primeiro lugar, que seja feita a descontamina\u00e7\u00e3o da \u00e1rea onde se situa a refinaria, uma vez que, pelas d\u00e9cadas de opera\u00e7\u00e3o por que passou, seu solo sofreu despejos de \u00f3leo e outras subst\u00e2ncias t\u00f3xicas em grande volume; ser\u00e1 necess\u00e1rio impedir que as melhorias sejam feitas em benef\u00edcio do mercado imobili\u00e1rio, para que n\u00e3o se repita o que ocorre em outras \u00e1reas &#8220;pacificadas&#8221;, onde os moradores locais v\u00eam sendo deslocados com a eleva\u00e7\u00e3o dos alugu\u00e9is e a valoriza\u00e7\u00e3o dos im\u00f3veis e substitu\u00eddos por fam\u00edlias de maior renda; \u00e9 preciso impedir que as obras sejam mais uma oportunidade de sobrelucros para as empreiteiras de sempre&#8230;<\/p>\n<p>Para que esse passo seja dado, \u00e9 fundamental que a popula\u00e7\u00e3o local se organize em um conselho popular e que seja exigida ao governo, pelo conjunto da sociedade, a transpar\u00eancia e a participa\u00e7\u00e3o de todos na concep\u00e7\u00e3o, na implanta\u00e7\u00e3o e na gest\u00e3o do projeto.<\/p>\n<p><a href=\"http:\/\/pcb-rj.blogspot.com.br\/2012\/10\/fachada-ou-salto-de-qualidade-o-dilema.html\" target=\"_blank\">http:\/\/pcb-rj.blogspot.com.br\/2012\/10\/fachada-ou-salto-de-qualidade-o-dilema.html<\/a><\/p>\n","protected":false},"excerpt":{"rendered":"\n\n\nes\n\n\n\n\n\n\n\n\nPCB (Comiss\u00e3o Pol\u00edtica Regional do RJ)\n<a class=\"moretag\" href=\"https:\/\/pcb.org.br\/portal2\/3782\"> <\/a>","protected":false},"author":1,"featured_media":0,"comment_status":"open","ping_status":"open","sticky":false,"template":"","format":"standard","meta":{"jetpack_post_was_ever_published":false,"_jetpack_newsletter_access":"","_jetpack_dont_email_post_to_subs":false,"_jetpack_newsletter_tier_id":0,"_jetpack_memberships_contains_paywalled_content":false,"_jetpack_memberships_contains_paid_content":false,"footnotes":"","jetpack_publicize_message":"","jetpack_publicize_feature_enabled":true,"jetpack_social_post_already_shared":false,"jetpack_social_options":{"image_generator_settings":{"template":"highway","default_image_id":0,"font":"","enabled":false},"version":2}},"categories":[26],"tags":[],"class_list":["post-3782","post","type-post","status-publish","format-standard","hentry","category-c25-notas-politicas-do-pcb"],"jetpack_publicize_connections":[],"jetpack_featured_media_url":"","jetpack_shortlink":"https:\/\/wp.me\/p659gw-Z0","jetpack-related-posts":[],"jetpack_likes_enabled":true,"jetpack_sharing_enabled":true,"_links":{"self":[{"href":"https:\/\/pcb.org.br\/portal2\/wp-json\/wp\/v2\/posts\/3782","targetHints":{"allow":["GET"]}}],"collection":[{"href":"https:\/\/pcb.org.br\/portal2\/wp-json\/wp\/v2\/posts"}],"about":[{"href":"https:\/\/pcb.org.br\/portal2\/wp-json\/wp\/v2\/types\/post"}],"author":[{"embeddable":true,"href":"https:\/\/pcb.org.br\/portal2\/wp-json\/wp\/v2\/users\/1"}],"replies":[{"embeddable":true,"href":"https:\/\/pcb.org.br\/portal2\/wp-json\/wp\/v2\/comments?post=3782"}],"version-history":[{"count":0,"href":"https:\/\/pcb.org.br\/portal2\/wp-json\/wp\/v2\/posts\/3782\/revisions"}],"wp:attachment":[{"href":"https:\/\/pcb.org.br\/portal2\/wp-json\/wp\/v2\/media?parent=3782"}],"wp:term":[{"taxonomy":"category","embeddable":true,"href":"https:\/\/pcb.org.br\/portal2\/wp-json\/wp\/v2\/categories?post=3782"},{"taxonomy":"post_tag","embeddable":true,"href":"https:\/\/pcb.org.br\/portal2\/wp-json\/wp\/v2\/tags?post=3782"}],"curies":[{"name":"wp","href":"https:\/\/api.w.org\/{rel}","templated":true}]}}