{"id":3829,"date":"2012-11-08T23:02:32","date_gmt":"2012-11-08T23:02:32","guid":{"rendered":"http:\/\/pcb.org.br\/portal2\/?p=3829"},"modified":"2012-11-08T23:02:32","modified_gmt":"2012-11-08T23:02:32","slug":"roda-de-imprensa-em-havana-as-farc-falam-mais-de-politica-do-que-nunca","status":"publish","type":"post","link":"https:\/\/pcb.org.br\/portal2\/3829","title":{"rendered":"Roda de imprensa em Havana: As FARC falam mais de pol\u00edtica do que nunca"},"content":{"rendered":"\n<p><strong>Em uma roda de imprensa convocada pela delega\u00e7\u00e3o de Paz das FARC-EP em Havana, os insurgentes repetiram sua reivindica\u00e7\u00e3o ao governo colombiano para envolver o povo no processo de paz.<\/strong><\/p>\n<p>A guerrilheira holandesa Alexandra deu as boas vindas a todos os colegas presentes, entregando a palavra primeiro aos comandantes Iv\u00e1n M\u00e1rquez e Jes\u00fas Santrich.<\/p>\n<p>Os chefes guerrilheiros sustentam que para um processo de Paz exitoso, \u00e9 indispens\u00e1vel que o povo tenha participa\u00e7\u00e3o. N\u00e3o pode ser um processo com portas fechadas, sen\u00e3o que um espa\u00e7o onde todos os setores da sociedade colombiana tenham voz e tribuna.<\/p>\n<p><em>O comandante e integrante do Secretariado do Estado Maior das FARC-EP, Iv\u00e1n M\u00e1rquez, sublinhou a import\u00e2ncia da participa\u00e7\u00e3o do povo colombiano no processo de paz.<\/em><\/p>\n<p>Tanto Iv\u00e1n M\u00e1rquez como Ricardo T\u00e9llez falaram do papel fundamental que jogam os meios de comunica\u00e7\u00e3o no sentido que tem uma grande responsabilidade de n\u00e3o deixarem ser utilizados como ferramenta manipuladora pelo estado colombiano, como s\u00e3o os casos de Caracol, RCN e El Tiempo, meios mencionados pelos comandantes guerrilheiros que, segundo Iv\u00e1n M\u00e1rquez, jogaram um papel muito sujo durante a inaugura\u00e7\u00e3o do processo de paz em Oslo.<\/p>\n<p>Mais de dez diferentes meios de comunica\u00e7\u00e3o fizeram perguntas sobre todo o espectro de temas que se debatem na Col\u00f4mbia e que deveriam ter seu ponto na agenda entre as FARC e a delega\u00e7\u00e3o do governo, coisa que para a guerrilha n\u00e3o h\u00e1 nenhum obst\u00e1culo, sen\u00e3o que fortalece o processo de paz.<\/p>\n<p>Acerca da declara\u00e7\u00e3o dos organismos da intelig\u00eancia militar, que as FARC sofrem uma grave quebra interna, os tr\u00eas comandantes presentes riram muito dessa declara\u00e7\u00e3o, mas ressaltaram que a guerrilha mais antiga do mundo est\u00e1 mais unida do que nunca e que n\u00e3o \u00e9 nada surpreendente que esse tipo de declara\u00e7\u00e3o saia agora justamente no come\u00e7o do processo, e que constitui uma parte da guerra psicol\u00f3gica.<\/p>\n<p>Enquanto os m\u00e1ximos chefes da delega\u00e7\u00e3o guerrilheira davam entrevistas, dois outros chefes guerrilheiros estavam reunidos com os quatro representantes da delega\u00e7\u00e3o governamental colombiana para concretizar a agenda para o dia 15 de novembro onde v\u00e3o debater o primeiro ponto da agenda, que \u00e9 o tema agr\u00e1rio.<\/p>\n<p><em>A guerrilheira holandesa \u00b4Alexandra\u00b4 abriu a roda de imprensa<\/em><\/p>\n<p>Em que pese a dist\u00e2ncia da terra colombiana, os representantes das FARC falam mais de pol\u00edtica do que nunca. Meios e jornalistas de todo o mundo tem procurado os chefes guerrilheiros em entrevistas telef\u00f4nicas desde a alvorada at\u00e9 o come\u00e7o da madrugada.<\/p>\n<p>Se Santos e Humberto de la Calle calcularam que pelo fato de negociar em Havana e n\u00e3o em territ\u00f3rio colombiano, teriam os guerrilheiros longe da imprensa, calcularam muito mal, segundo a presen\u00e7a hoje na sede da Prensa Latina.<\/p>\n<p>Por que novembro de 2012 em Havana n\u00e3o \u00e9 San Vicente de Cagu\u00e1n de 2001, onde Pastrana e as For\u00e7as Militares Colombianas, em uma tentativa de afogar o fluxo de informa\u00e7\u00e3o da guerrilha, impuseram v\u00e1rios decretos que obstaculizavam o acesso da imprensa internacional \u00e0 zona desmilitarizada, pois em Havana os comandantes guerrilheiros se encontram e falam com representantes de toda a comunidade da imprensa internacional. Todos os dias recebem diferentes representantes da sociedade colombiana que viajam a Havana e que respiram um cuidadoso otimismo.<\/p>\n<p>E \u00e9 justo que se reflita na \u201c4\u00aa Reflex\u00e3o\u201d publicada, onde a delega\u00e7\u00e3o de paz das FARC-EP em Havana, convida o governo colombiano para n\u00e3o ter medo da presen\u00e7a do povo nas discuss\u00f5es da agenda, que deveria discutir todos os temas que tem a ver com uma verdadeira paz com justi\u00e7a social na Col\u00f4mbia.<\/p>\n<p>Ag\u00eancia de Not\u00edcias Nova Col\u00f4mbia &#8211; ANNCOL<\/p>\n<p>Web:\u00a0<a href=\"http:\/\/www.anncol.eu\/\" target=\"_blank\">www.anncol.eu<\/a>, Reda\u00e7\u00e3o:\u00a0<a href=\"mailto:editar@anncol.eu\" target=\"_blank\">editar@anncol.eu<\/a>,<\/p>\n<p>YouTube:\u00a0<a href=\"http:\/\/www.youtube.com\/user\/anncol4?feature=mhee\" target=\"_blank\">http:\/\/www.youtube.com\/user\/anncol4?feature=mhee<\/a><\/p>\n<p>Tradu\u00e7\u00e3o: PCB PARTIDO COMUNISTA BRASILEIRO<\/p>\n","protected":false},"excerpt":{"rendered":"\n\n\nkaosenlared.net\n\n\n\n\n\n\n\n\nANNCOL \/ LA HABANA \/ 2012-11-06 \/ \n<a class=\"moretag\" href=\"https:\/\/pcb.org.br\/portal2\/3829\"> <\/a>","protected":false},"author":1,"featured_media":0,"comment_status":"open","ping_status":"open","sticky":false,"template":"","format":"standard","meta":{"jetpack_post_was_ever_published":false,"_jetpack_newsletter_access":"","_jetpack_dont_email_post_to_subs":false,"_jetpack_newsletter_tier_id":0,"_jetpack_memberships_contains_paywalled_content":false,"_jetpack_memberships_contains_paid_content":false,"footnotes":"","jetpack_publicize_message":"","jetpack_publicize_feature_enabled":true,"jetpack_social_post_already_shared":false,"jetpack_social_options":{"image_generator_settings":{"template":"highway","default_image_id":0,"font":"","enabled":false},"version":2}},"categories":[34],"tags":[],"class_list":["post-3829","post","type-post","status-publish","format-standard","hentry","category-c39-colombia"],"jetpack_publicize_connections":[],"jetpack_featured_media_url":"","jetpack_shortlink":"https:\/\/wp.me\/p659gw-ZL","jetpack-related-posts":[],"jetpack_likes_enabled":true,"jetpack_sharing_enabled":true,"_links":{"self":[{"href":"https:\/\/pcb.org.br\/portal2\/wp-json\/wp\/v2\/posts\/3829","targetHints":{"allow":["GET"]}}],"collection":[{"href":"https:\/\/pcb.org.br\/portal2\/wp-json\/wp\/v2\/posts"}],"about":[{"href":"https:\/\/pcb.org.br\/portal2\/wp-json\/wp\/v2\/types\/post"}],"author":[{"embeddable":true,"href":"https:\/\/pcb.org.br\/portal2\/wp-json\/wp\/v2\/users\/1"}],"replies":[{"embeddable":true,"href":"https:\/\/pcb.org.br\/portal2\/wp-json\/wp\/v2\/comments?post=3829"}],"version-history":[{"count":0,"href":"https:\/\/pcb.org.br\/portal2\/wp-json\/wp\/v2\/posts\/3829\/revisions"}],"wp:attachment":[{"href":"https:\/\/pcb.org.br\/portal2\/wp-json\/wp\/v2\/media?parent=3829"}],"wp:term":[{"taxonomy":"category","embeddable":true,"href":"https:\/\/pcb.org.br\/portal2\/wp-json\/wp\/v2\/categories?post=3829"},{"taxonomy":"post_tag","embeddable":true,"href":"https:\/\/pcb.org.br\/portal2\/wp-json\/wp\/v2\/tags?post=3829"}],"curies":[{"name":"wp","href":"https:\/\/api.w.org\/{rel}","templated":true}]}}