{"id":3830,"date":"2012-11-08T23:09:24","date_gmt":"2012-11-08T23:09:24","guid":{"rendered":"http:\/\/pcb.org.br\/portal2\/?p=3830"},"modified":"2012-11-08T23:09:24","modified_gmt":"2012-11-08T23:09:24","slug":"partido-comunista-da-grecia-primeiro-dia-da-greve","status":"publish","type":"post","link":"https:\/\/pcb.org.br\/portal2\/3830","title":{"rendered":"PARTIDO COMUNISTA DA GR\u00c9CIA, PRIMEIRO DIA DA GREVE"},"content":{"rendered":"\n<p><strong>PARTIDO COMUNISTA DA GR\u00c9CIA, PRIMEIRO DIA DA GREVE DE 48 HORAS: UMA GRANDE MANIFESTA\u00c7\u00c3O DE TRABALHADORES DETERMINADOS.<\/strong><\/p>\n<p>A primeira demonstra\u00e7\u00e3o da greve da PAME (central de trabalhadores sob a hegemonia do KKE), na manh\u00e3 de ter\u00e7a-feira passada, em Atenas e em dezenas de outras cidades, foi massiva, din\u00e2mica e vivaz. Um indicativo do tamanho da demonstra\u00e7\u00e3o em Atenas \u00e9 que, mais uma vez, o ato tomou conta do centro da cidade. Milhares de trabalhadores, de \u00a0aut\u00f4nomos, de comerciantes, de jovens e de mulheres demonstraram sua oposi\u00e7\u00e3o \u00e0s selvagens medidas antipopulares e contr\u00e1rias aos interesses dos trabalhadores que est\u00e3o sendo literalmente empurradas goela abaixo pelo governo, Uni\u00e3o Europeia e pela Troika. \u00a0A palavra de ordem principal da manifesta\u00e7\u00e3o foi: \u201cas medidas devem ser derrubadas, as pessoas devem ter uma palavra a dizer, ou n\u00f3s vamos prevalecer ou os monop\u00f3lios\u201d.<\/p>\n<p>Quando as for\u00e7as da PAME chegaram ao Parlamento, o rio humano de manifestantes, com bandeiras e banners da PAME tomaram conta da Pra\u00e7a Syntagma. Mais uma vez, o evento da PAME foi consideravelmente maior do que aqueles protagonizados pelas lideran\u00e7as comprometidas do GSEE e ADEDY (centrais sindicais amarelas).<\/p>\n<p>A greve come\u00e7ou no alvorecer da ter\u00e7a-feira. Trabalhadores e membros de sindicatos de orienta\u00e7\u00e3o classista sa\u00edram de f\u00e1bricas, hot\u00e9is, supermercados, lojas de com\u00e9rcio, bancos, convocando os demais trabalhadores a participarem dos atos da greve, ao mesmo tempo em que tomavam medidas de prote\u00e7\u00e3o da greve.<\/p>\n<p>Um momento que se destacou foi a iniciativa do sindicato de trabalhadores do setor financeiro em pendurar um gigantesco banner que cobriu a fachada do edif\u00edcio do \u201cBanco de Pir\u00e9u\u201d, como uma resposta aos ataques aos direitos dos trabalhadores do setor banc\u00e1rio, na qual o Banco de Pir\u00e9u desempenhou um papel de relevo.<\/p>\n<p>Um pouco depois, come\u00e7aram a chegar, ao centro do evento, manifestantes com bandeiras de sindicatos, de industri\u00e1rios, de comit\u00eas populares, de comit\u00eas de desempregados, de estudantes, de professores, de trabalhadores da sa\u00fade e do bem-estar social, etc.<\/p>\n<p>Nikos Papgeorgiou, Presidente do Sindicato de Trabalhadores em Restaurantes, Turismo e Hot\u00e9is, foi o orador principal do com\u00edcio da PAME e, entre outros, frisou o seguinte: \u201cse n\u00f3s mesmos n\u00e3o nos organizarmos e lutarmos por uma profunda supera\u00e7\u00e3o do atual n\u00edvel da economia e do poder, n\u00e3o h\u00e1 como garantirmos que nossos sal\u00e1rios e proventos de aposentadoria, seguridade social e direitos trabalhistas sejam restaurados, por qualquer governo, ao n\u00edvel de dois ou tr\u00eas anos atr\u00e1s.\u201d<\/p>\n<p>\u201cPara o movimento laboral de orienta\u00e7\u00e3o classista\u201d, ele acrescentou, \u201cn\u00e3o h\u00e1 outra perspectiva sen\u00e3o a da luta por um outro caminho de desenvolvimento, com o povo sendo o dono de seu pa\u00eds, sem os compromissos com a Uni\u00e3o Europeia, com a socializa\u00e7\u00e3o dos grandes monop\u00f3lios. At\u00e9 l\u00e1, n\u00f3s lutaremos, expressando uma genu\u00edna solidariedade de classe, em todos os locais de trabalho, em todos os bairros, para que as medidas de austeridade n\u00e3o sejam aprovadas, para que ningu\u00e9m se sinta sozinho contra os empregadores e suas maquina\u00e7\u00f5es. N\u00f3s avan\u00e7aremos na luta para que o povo n\u00e3o permane\u00e7a como mero observador \u00a0dos acontecimentos, mas que ele (povo) fa\u00e7a acontecer.\u201d<\/p>\n<p>\u201cN\u00f3s continuaremos a lutar, ainda mais decididamente, dentro e fora dos locais de trabalho\u201d, ele acrescentou, convocando uma participa\u00e7\u00e3o massiva na manifesta\u00e7\u00e3o de greve da PAME marcada para as 17 horas de quarta-feira, na (pra\u00e7a) Omonia.<\/p>\n<p>Uma grande delega\u00e7\u00e3o do Comit\u00ea Central do KKE participou da demonstra\u00e7\u00e3o, liderada por Aleka Papariga, Secret\u00e1ria Geral do CC do KKE, que afirmou e destacou na manifesta\u00e7\u00e3o de greve da PAME na Pra\u00e7a Omonia: \u201cN\u00f3s convocamos o povo para demonstrar, de forma sistem\u00e1tica e organizada, o desafio e a desobedi\u00eancia n\u00e3o somente \u00e0s medidas do governo, mas ao sistema em geral. Este \u00e9 um bom come\u00e7o para que o contra-ataque seja organizado e que deve ter entre seus objetivos a aboli\u00e7\u00e3o dos monop\u00f3lios, a desarticula\u00e7\u00e3o dos compromissos com a Uni\u00e3o Europeia, ou seja, a retirada da UE. Qualquer outra solu\u00e7\u00e3o que venha a ser proposta, opera nos marcos do sistema.\u201d<\/p>\n<p>Mensagens de solidariedade foram enviadas ao movimento grevista por dezenas de organiza\u00e7\u00f5es e sindicatos de orienta\u00e7\u00e3o classista de todo o mundo e, entre eles, o Escrit\u00f3rio Regional Europeu da Federa\u00e7\u00e3o Mundial de Sindicatos.<\/p>\n<p>Uma outra demonstra\u00e7\u00e3o de greve, militante e combativa, ter\u00e1 lugar na quarta-feira \u00e0 tarde, que ser\u00e1 seguida de uma marcha at\u00e9 o Parlamento no momento em que as b\u00e1rbaras medidas (de austeridade), que ir\u00e3o fragmentar \u00a0a vida dos trabalhadores, ser\u00e3o votadas.<\/p>\n","protected":false},"excerpt":{"rendered":"\n\n\nrizospastis.gr\n\n\n\n\n\n\n\n\nKKE\n<a class=\"moretag\" href=\"https:\/\/pcb.org.br\/portal2\/3830\"> <\/a>","protected":false},"author":1,"featured_media":0,"comment_status":"open","ping_status":"open","sticky":false,"template":"","format":"standard","meta":{"jetpack_post_was_ever_published":false,"_jetpack_newsletter_access":"","_jetpack_dont_email_post_to_subs":false,"_jetpack_newsletter_tier_id":0,"_jetpack_memberships_contains_paywalled_content":false,"_jetpack_memberships_contains_paid_content":false,"footnotes":"","jetpack_publicize_message":"","jetpack_publicize_feature_enabled":true,"jetpack_social_post_already_shared":false,"jetpack_social_options":{"image_generator_settings":{"template":"highway","default_image_id":0,"font":"","enabled":false},"version":2}},"categories":[107],"tags":[],"class_list":["post-3830","post","type-post","status-publish","format-standard","hentry","category-c120-grecia"],"jetpack_publicize_connections":[],"jetpack_featured_media_url":"","jetpack_shortlink":"https:\/\/wp.me\/p659gw-ZM","jetpack-related-posts":[],"jetpack_likes_enabled":true,"jetpack_sharing_enabled":true,"_links":{"self":[{"href":"https:\/\/pcb.org.br\/portal2\/wp-json\/wp\/v2\/posts\/3830","targetHints":{"allow":["GET"]}}],"collection":[{"href":"https:\/\/pcb.org.br\/portal2\/wp-json\/wp\/v2\/posts"}],"about":[{"href":"https:\/\/pcb.org.br\/portal2\/wp-json\/wp\/v2\/types\/post"}],"author":[{"embeddable":true,"href":"https:\/\/pcb.org.br\/portal2\/wp-json\/wp\/v2\/users\/1"}],"replies":[{"embeddable":true,"href":"https:\/\/pcb.org.br\/portal2\/wp-json\/wp\/v2\/comments?post=3830"}],"version-history":[{"count":0,"href":"https:\/\/pcb.org.br\/portal2\/wp-json\/wp\/v2\/posts\/3830\/revisions"}],"wp:attachment":[{"href":"https:\/\/pcb.org.br\/portal2\/wp-json\/wp\/v2\/media?parent=3830"}],"wp:term":[{"taxonomy":"category","embeddable":true,"href":"https:\/\/pcb.org.br\/portal2\/wp-json\/wp\/v2\/categories?post=3830"},{"taxonomy":"post_tag","embeddable":true,"href":"https:\/\/pcb.org.br\/portal2\/wp-json\/wp\/v2\/tags?post=3830"}],"curies":[{"name":"wp","href":"https:\/\/api.w.org\/{rel}","templated":true}]}}