{"id":386,"date":"2010-04-08T21:17:52","date_gmt":"2010-04-08T21:17:52","guid":{"rendered":"http:\/\/pcb.org.br\/portal2\/?p=386"},"modified":"2010-04-08T21:17:52","modified_gmt":"2010-04-08T21:17:52","slug":"por-uma-frente-anti-imperialista-mundial","status":"publish","type":"post","link":"https:\/\/pcb.org.br\/portal2\/386","title":{"rendered":"Por uma Frente Anti-imperialista Mundial"},"content":{"rendered":"\n<p align=\"justify\">1) Saudamos a iniciativa do presidente venezuelano, visando agrupar amplas for\u00e7as no sentido de coordenar melhor a luta contra o imperialismo, entendido como o conjunto de a\u00e7\u00f5es dos Estados capitalistas desenvolvidos na defesa dos interesses de suas grandes empresas e da burguesia em geral.<\/p>\n<p align=\"justify\">2) No entanto, discordamos da maneira com que vem sendo conduzida a iniciativa, por entendermos que a constitui\u00e7\u00e3o de um organismo dessa natureza requer um ac\u00famulo de discuss\u00e3o e uma unidade pol\u00edtica e ideol\u00f3gica e de a\u00e7\u00e3o que n\u00e3o vislumbramos ainda nos partidos e movimentos que se disp\u00f5em a aderir \u00e0 proposta.<\/p>\n<p align=\"justify\">3) Os processos hist\u00f3ricos de constru\u00e7\u00e3o das Internacionais foram gestados no calor do combate do proletariado por partidos com ele identificados, ressaltando-se que da <em>Terceira Internacional<\/em>, fundada por L\u00eanin, s\u00f3 participavam os Partidos Comunistas e Oper\u00e1rios.<\/p>\n<p align=\"justify\">4) Al\u00e9m disso, quando falamos em <em>V Internacional<\/em> estamos levando em conta a chamada <em>IV Internacional<\/em>, que foi, na pr\u00e1tica, uma articula\u00e7\u00e3o de grupos trotskistas, com pouca influ\u00eancia social e pol\u00edtica, que terminaram dividindo-a em v\u00e1rios pequenos grupamentos, cada um reivindicando-se o seu leg\u00edtimo herdeiro, alguns at\u00e9 os dias de hoje.<\/p>\n<p align=\"justify\">5) Com diferentes contextos hist\u00f3ricos e especificidades que assumiram as iniciativas anteriores n\u00e3o nos parece correta nem necess\u00e1ria qualquer numera\u00e7\u00e3o de organiza\u00e7\u00f5es do g\u00eanero.<\/p>\n<p align=\"justify\">6) Temos restri\u00e7\u00f5es tamb\u00e9m \u00e0 defini\u00e7\u00e3o desta \u201cV Internacional\u201d como socialista. N\u00e3o s\u00f3 pela banaliza\u00e7\u00e3o do termo, utilizado at\u00e9 por setores do campo do capital. Pode gerar confus\u00e3o tamb\u00e9m entre os que n\u00e3o banalizaram o conceito de socialismo e o entendem corretamente como uma transi\u00e7\u00e3o ao comunismo.<\/p>\n<p align=\"justify\">7) O PCB defende, em nosso pa\u00eds, uma frente antiimperialista e anticapitalista, por entender que no Brasil o capitalismo \u00e9 plenamente desenvolvido e s\u00e3o residuiais as contradi\u00e7\u00f5es entre a burguesia brasileira e o imperialismo, do qual o capitalismo brasileiro \u00e9 parte.<\/p>\n<p align=\"justify\">8) No \u00e2mbito mundial, no entanto, com a imensa diversidade de realidades nacionais e regionais, nem todos os partidos, movimentos, organiza\u00e7\u00f5es e for\u00e7as pol\u00edticas que t\u00eam contradi\u00e7\u00e3o com o imperialismo s\u00e3o tamb\u00e9m favor\u00e1veis \u00e0 constru\u00e7\u00e3o da sociedade socialista e, muito menos, a sociedade comunista. H\u00e1 pa\u00edses colonizados, ocupados; h\u00e1 pa\u00edses em que o capitalismo \u00e9 pouco desenvolvido; h\u00e1 povos e na\u00e7\u00f5es que ainda n\u00e3o conquistaram sequer o direito a ter um Estado, um pa\u00eds. A nosso ver, em determinados casos, \u00e9 poss\u00edvel que o processo revolucion\u00e1rio ainda comporte frentes nacionais contra o imperialismo.<\/p>\n<p align=\"justify\">9) O Partido Comunista Brasileiro (PCB), diante do momento hist\u00f3rico em que estamos vivendo &#8211; onde uma grave crise econ\u00f4mica atinge praticamente todos os pa\u00edses do mundo &#8211; defende a necessidade de forma\u00e7\u00e3o de uma <strong><em> Frente Anti-Imperialista Mundial<\/em>,<\/strong> que agrupe todos os partidos, organiza\u00e7\u00f5es e movimentos dispostos a lutar, de maneira coordenada, contra o imperialismo.<\/p>\n<p align=\"justify\">10) O PCB continuar\u00e1 valorizando todas as iniciativas que buscam conformar um programa de luta, no nosso continente e em todas as partes do mundo, de forma a consolidar a unidade de a\u00e7\u00e3o e forjar uma organiza\u00e7\u00e3o capaz de responder coletivamente aos ataques do imperialismo.<\/p>\n<p>11) O PCB vai continuar tamb\u00e9m prestigiando os Encontros Internacionais dos Partidos Comunistas, a Revista Comunista Internacional e trabalhar\u00e1 incansavelmente para que os comunistas da Am\u00e9rica Latina e Caribe busquem uma coordena\u00e7\u00e3o para enfrentar de maneira mais organizada a burguesia, o imperialismo e a luta ideol\u00f3gica contra o reformismo.<\/p>\n<p>Rio de Janeiro, abril de 2010<\/p>\n<p>Comiss\u00e3o Pol\u00edtica Nacional do PCB<\/p>\n","protected":false},"excerpt":{"rendered":"\n\n\nCr\u00e9dito: cpg.kke\n\n\n\n\n(Nota Pol\u00edtica do PCB)\nA Comiss\u00e3o Pol\u00edtica Nacional do Partido Comunista Brasileiro (PCB) avaliou com bastante aten\u00e7\u00e3o a bem intencionada proposta do presidente Hugo Chavez, anunciada em recente Congresso do Partido Socialista Unido da Venezuela (PSUV), sobre a cria\u00e7\u00e3o de uma V Internacional Socialista, cuja data de funda\u00e7\u00e3o est\u00e1 prevista para abril de 2010:\n<a class=\"moretag\" href=\"https:\/\/pcb.org.br\/portal2\/386\"> <\/a>","protected":false},"author":1,"featured_media":0,"comment_status":"open","ping_status":"open","sticky":false,"template":"","format":"standard","meta":{"jetpack_post_was_ever_published":false,"_jetpack_newsletter_access":"","_jetpack_dont_email_post_to_subs":false,"_jetpack_newsletter_tier_id":0,"_jetpack_memberships_contains_paywalled_content":false,"_jetpack_memberships_contains_paid_content":false,"footnotes":"","jetpack_publicize_message":"","jetpack_publicize_feature_enabled":true,"jetpack_social_post_already_shared":false,"jetpack_social_options":{"image_generator_settings":{"template":"highway","default_image_id":0,"font":"","enabled":false},"version":2}},"categories":[26],"tags":[],"class_list":["post-386","post","type-post","status-publish","format-standard","hentry","category-c25-notas-politicas-do-pcb"],"jetpack_publicize_connections":[],"jetpack_featured_media_url":"","jetpack_shortlink":"https:\/\/wp.me\/p659gw-6e","jetpack-related-posts":[],"jetpack_likes_enabled":true,"jetpack_sharing_enabled":true,"_links":{"self":[{"href":"https:\/\/pcb.org.br\/portal2\/wp-json\/wp\/v2\/posts\/386","targetHints":{"allow":["GET"]}}],"collection":[{"href":"https:\/\/pcb.org.br\/portal2\/wp-json\/wp\/v2\/posts"}],"about":[{"href":"https:\/\/pcb.org.br\/portal2\/wp-json\/wp\/v2\/types\/post"}],"author":[{"embeddable":true,"href":"https:\/\/pcb.org.br\/portal2\/wp-json\/wp\/v2\/users\/1"}],"replies":[{"embeddable":true,"href":"https:\/\/pcb.org.br\/portal2\/wp-json\/wp\/v2\/comments?post=386"}],"version-history":[{"count":0,"href":"https:\/\/pcb.org.br\/portal2\/wp-json\/wp\/v2\/posts\/386\/revisions"}],"wp:attachment":[{"href":"https:\/\/pcb.org.br\/portal2\/wp-json\/wp\/v2\/media?parent=386"}],"wp:term":[{"taxonomy":"category","embeddable":true,"href":"https:\/\/pcb.org.br\/portal2\/wp-json\/wp\/v2\/categories?post=386"},{"taxonomy":"post_tag","embeddable":true,"href":"https:\/\/pcb.org.br\/portal2\/wp-json\/wp\/v2\/tags?post=386"}],"curies":[{"name":"wp","href":"https:\/\/api.w.org\/{rel}","templated":true}]}}