{"id":388,"date":"2010-04-12T01:55:15","date_gmt":"2010-04-12T01:55:15","guid":{"rendered":"http:\/\/pcb.org.br\/portal2\/?p=388"},"modified":"2010-04-12T01:55:15","modified_gmt":"2010-04-12T01:55:15","slug":"congresso-da-ujc-reafirma-interacao-organica-com-o-pcb","status":"publish","type":"post","link":"https:\/\/pcb.org.br\/portal2\/388","title":{"rendered":"Congresso da UJC reafirma intera\u00e7\u00e3o org\u00e2nica com o PCB"},"content":{"rendered":"<br \/>\n<table border=\"0\" width=\"200\" align=\"right\">\n<tbody>\n<tr>\n<td><\/td>\n<td style=\"font-size: 10px; text-align: left;\" width=\"170\" bgcolor=\"#f1f1f1\"><img decoding=\"async\" src=\"images\/stories\/congressodaujc1.jpg\" border=\"0\" alt=\"imagem\" width=\"170\" align=\"center\" \/><em>Cr\u00e9dito: <a href=\"..\/\/\" target=\"_new\">PCB<\/a><\/em><\/td>\n<\/tr>\n<\/tbody>\n<\/table>\n<p>Pela primeira vez desde sua cria\u00e7\u00e3o, ocorrida ainda na d\u00e9cada de 1920, mais precisamente em 1927, os jovens comunistas conseguiram realizar dois congressos consecutivos \u2013 fato a ser comemorado por representar o amadurecimento da intera\u00e7\u00e3o PCB-UJC. A comprovar isso, uma comiss\u00e3o representando o Comit\u00ea Central do PCB esteve presente ao evento e n\u00e3o apenas acompanhou os debates como participou deles atrav\u00e9s de pain\u00e9is que versavam sobre as teses ao V Congresso.<\/p>\n<p>No ato de abertura, que contou com a presen\u00e7a de representantes do PSOL, do PSTU e da Consulta Popular, destacou-se a interven\u00e7\u00e3o do secret\u00e1rio-geral do PCB, Ivan Pinheiro, em defesa de uma frente anticapitalista e anti-imperialista permanente, para al\u00e9m das elei\u00e7\u00f5es; e em defesa da revolu\u00e7\u00e3o cubana, violentamente atacada nas \u00faltimas semanas pelo imperialismo e a m\u00eddia internacional.<\/p>\n<table border=\"0\" width=\"200\" align=\"left\">\n<tbody>\n<tr>\n<td style=\"font-size: 10px; text-align: left;\" width=\"170\" bgcolor=\"#f1f1f1\"><img decoding=\"async\" src=\"images\/stories\/congressodaujc3.jpg\" border=\"0\" alt=\"imagem\" width=\"170\" align=\"center\" \/><em>Cr\u00e9dito: <a href=\"..\/\/\" target=\"_new\">PCB<\/a><\/em><\/td>\n<td><\/td>\n<\/tr>\n<\/tbody>\n<\/table>\n<p>Na mesma ocasi\u00e3o, a Funda\u00e7\u00e3o Dinarco Reis entregou \u00e0 UJC a Medalha que leva o nome do \u201cTenente Vermelho\u201d, em homenagem a Jos\u00e9 Montenegro de Lima, militante assassinado e desaparecido pela ditadura, em 1975, quando era o respons\u00e1vel nacional pelo trabalho juvenil do PCB.<\/p>\n<p>Os debates do V Congresso, que se concentraram na atualiza\u00e7\u00e3o das linhas pol\u00edtica e de organiza\u00e7\u00e3o da UJC, geraram resolu\u00e7\u00f5es que aprofundam a compreens\u00e3o sobre as tarefas da juventude comunista em suas tr\u00eas frentes de atua\u00e7\u00e3o: Jovens Trabalhadores, Movimento Estudantil e Movimento Cultural. Por exemplo, foram aprovadas a prioridade de atua\u00e7\u00e3o junto \u00e0 Unidade Classista, o fortalecimento do trabalho de base no ME e a realiza\u00e7\u00e3o de um semin\u00e1rio sobre Cultura, que ser\u00e1 levado a cabo pela nova Coordena\u00e7\u00e3o Nacional.<\/p>\n<table border=\"0\" width=\"200\" align=\"right\">\n<tbody>\n<tr>\n<td><\/td>\n<td style=\"font-size: 10px; text-align: left;\" width=\"170\" bgcolor=\"#f1f1f1\"><img decoding=\"async\" src=\"images\/stories\/congressodaujc4.jpg\" border=\"0\" alt=\"imagem\" width=\"170\" align=\"center\" \/><em>Cr\u00e9dito: <a href=\"..\/\/\" target=\"_new\">PCB<\/a><\/em><\/td>\n<\/tr>\n<\/tbody>\n<\/table>\n<p>\u201cProblemas existiram nesses \u00faltimos anos, e n\u00e3o foram poucos. Algumas debilidades tamb\u00e9m permanecem. Mas em se tratando de um processo de reorganiza\u00e7\u00e3o, que demandou a constru\u00e7\u00e3o de pol\u00edticas inteiramente novas, sobre temas para os quais n\u00e3o havia nenhum ac\u00famulo, o saldo \u00e9 extremamente positivo\u201d, afirmou o ex-secret\u00e1rio de Organiza\u00e7\u00e3o da UJC, Heitor Oliveira.<\/p>\n<p>De fato, a juventude do PCB retomou seu espa\u00e7o em esferas internacionais ao estar mais presente no seio da Federa\u00e7\u00e3o Mundial das Juventudes Democr\u00e1ticas (FMJD), o que permitiu ao movimento anti-imperialista juvenil dos cinco continentes um informe mais preciso sobre a conjuntura brasileira. Essa retomada explica inclusive as presen\u00e7as de representantes das juventudes comunistas de Portugal e do Paraguai no V Congresso.<\/p>\n<p>Agora, cabe \u00e0 nova Coordena\u00e7\u00e3o Nacional levar adiante a tarefa de organizar os jovens comunistas. Profundamente renovada e com uma nova estrutura de funcionamento, a nova dire\u00e7\u00e3o dos jovens comunistas foi eleita por aclama\u00e7\u00e3o, demonstrando a unidade da organiza\u00e7\u00e3o.<\/p>\n","protected":false},"excerpt":{"rendered":"\n\n\nCr\u00e9dito: PCB\n\n\n\n\nJovens comunistas aprofundam linha pol\u00edtica e elegem nova dire\u00e7\u00e3o\nA Uni\u00e3o da Juventude Comunista (UJC) atualizou sua linha pol\u00edtica, que reafirma seus v\u00ednculos pol\u00edticos com o PCB, e elegeu uma nova dire\u00e7\u00e3o. Isso porque quatro anos ap\u00f3s sua reorganiza\u00e7\u00e3o, a UJC realizou seu V Congresso Nacional na cidade de Goi\u00e2nia. O evento, ocorrido no \u00faltimo final de semana (02 a 04 de abril), foi precedido pelo \u201cI Semin\u00e1rio Internacional de Educa\u00e7\u00e3o e Extens\u00e3o Popular\u201d.\n<a class=\"moretag\" href=\"https:\/\/pcb.org.br\/portal2\/388\"> <\/a>","protected":false},"author":1,"featured_media":0,"comment_status":"open","ping_status":"open","sticky":false,"template":"","format":"standard","meta":{"jetpack_post_was_ever_published":false,"_jetpack_newsletter_access":"","_jetpack_dont_email_post_to_subs":false,"_jetpack_newsletter_tier_id":0,"_jetpack_memberships_contains_paywalled_content":false,"_jetpack_memberships_contains_paid_content":false,"footnotes":"","jetpack_publicize_message":"","jetpack_publicize_feature_enabled":true,"jetpack_social_post_already_shared":false,"jetpack_social_options":{"image_generator_settings":{"template":"highway","default_image_id":0,"font":"","enabled":false},"version":2}},"categories":[27],"tags":[],"class_list":["post-388","post","type-post","status-publish","format-standard","hentry","category-c27-ujc"],"jetpack_publicize_connections":[],"jetpack_featured_media_url":"","jetpack_shortlink":"https:\/\/wp.me\/p659gw-6g","jetpack-related-posts":[],"jetpack_likes_enabled":true,"jetpack_sharing_enabled":true,"_links":{"self":[{"href":"https:\/\/pcb.org.br\/portal2\/wp-json\/wp\/v2\/posts\/388","targetHints":{"allow":["GET"]}}],"collection":[{"href":"https:\/\/pcb.org.br\/portal2\/wp-json\/wp\/v2\/posts"}],"about":[{"href":"https:\/\/pcb.org.br\/portal2\/wp-json\/wp\/v2\/types\/post"}],"author":[{"embeddable":true,"href":"https:\/\/pcb.org.br\/portal2\/wp-json\/wp\/v2\/users\/1"}],"replies":[{"embeddable":true,"href":"https:\/\/pcb.org.br\/portal2\/wp-json\/wp\/v2\/comments?post=388"}],"version-history":[{"count":0,"href":"https:\/\/pcb.org.br\/portal2\/wp-json\/wp\/v2\/posts\/388\/revisions"}],"wp:attachment":[{"href":"https:\/\/pcb.org.br\/portal2\/wp-json\/wp\/v2\/media?parent=388"}],"wp:term":[{"taxonomy":"category","embeddable":true,"href":"https:\/\/pcb.org.br\/portal2\/wp-json\/wp\/v2\/categories?post=388"},{"taxonomy":"post_tag","embeddable":true,"href":"https:\/\/pcb.org.br\/portal2\/wp-json\/wp\/v2\/tags?post=388"}],"curies":[{"name":"wp","href":"https:\/\/api.w.org\/{rel}","templated":true}]}}