{"id":3889,"date":"2012-11-21T21:02:18","date_gmt":"2012-11-21T21:02:18","guid":{"rendered":"http:\/\/pcb.org.br\/portal2\/?p=3889"},"modified":"2012-11-21T21:02:18","modified_gmt":"2012-11-21T21:02:18","slug":"organizada-nacionalmente-a-unidade-classista","status":"publish","type":"post","link":"https:\/\/pcb.org.br\/portal2\/3889","title":{"rendered":"Organizada nacionalmente a Unidade Classista"},"content":{"rendered":"\n<p>Ocorreu no Rio de Janeiro, no \u00faltimo final de semana, o I Congresso da corrente sindical Unidade Classista \u2013 frente de massas sindical e oper\u00e1ria ligada ao PCB. Durante o evento, que homenageou o comunista Manoel Fiel Filho, assassinado pela ditadura de 1964, militantes do movimento sindical de todo o pa\u00eds contribu\u00edram para a atualiza\u00e7\u00e3o de um programa classista para as lutas que se avizinham.<\/p>\n<p>Na pauta, destaque foi dado ao projeto de Acordo Coletivo Especial, que est\u00e1 sendo costurado pelo governo com a CUT e o empresariado atrav\u00e9s do Sindicato dos Metal\u00fargicos do ABC. \u201cEst\u00e1 como prioridade de nossas a\u00e7\u00f5es barrar essa tentativa de liquidar os direitos trabalhistas \u201d, afirmou o coordenador nacional da Unidade Classista Sidney Moura.<\/p>\n<p>A campanha de esclarecimento dos trabalhadores sobre os preju\u00edzos trazidos pela aceita\u00e7\u00e3o da Participa\u00e7\u00e3o em Lucros e Resultados (PLR) e da privatiza\u00e7\u00e3o da previd\u00eancia atrav\u00e9s dos chamados fundos de pens\u00e3o tamb\u00e9m esteve na ordem do dia.<\/p>\n<p>A Unidade Classista tamb\u00e9m definiu seu modelo de organiza\u00e7\u00e3o e definiu seus instrumentos de dire\u00e7\u00e3o coletiva, para dirigir o trabalho dos comunistas nos movimentos sindical e oper\u00e1rio. Sua Coordena\u00e7\u00e3o Nacional, composta por sete integrantes, ter\u00e1 o aux\u00edlio de uma Secretaria Executiva para tocar as tarefas do dia-a-dia, e a constru\u00e7\u00e3o coletiva e enraizada nos movimentos est\u00e1 garantida pela participa\u00e7\u00e3o de um conselho nacional, composto por representantes de cada estado onde existe a entidade.<\/p>\n","protected":false},"excerpt":{"rendered":"\n\n\nPCB\n\n\n\n\n\n\n\n\nCongresso define plano de lutas\n<a class=\"moretag\" href=\"https:\/\/pcb.org.br\/portal2\/3889\"> <\/a>","protected":false},"author":1,"featured_media":0,"comment_status":"open","ping_status":"open","sticky":false,"template":"","format":"standard","meta":{"jetpack_post_was_ever_published":false,"_jetpack_newsletter_access":"","_jetpack_dont_email_post_to_subs":false,"_jetpack_newsletter_tier_id":0,"_jetpack_memberships_contains_paywalled_content":false,"_jetpack_memberships_contains_paid_content":false,"footnotes":"","jetpack_publicize_message":"","jetpack_publicize_feature_enabled":true,"jetpack_social_post_already_shared":false,"jetpack_social_options":{"image_generator_settings":{"template":"highway","default_image_id":0,"font":"","enabled":false},"version":2}},"categories":[31],"tags":[],"class_list":["post-3889","post","type-post","status-publish","format-standard","hentry","category-c31-unidade-classista"],"jetpack_publicize_connections":[],"jetpack_featured_media_url":"","jetpack_shortlink":"https:\/\/wp.me\/p659gw-10J","jetpack-related-posts":[],"jetpack_likes_enabled":true,"jetpack_sharing_enabled":true,"_links":{"self":[{"href":"https:\/\/pcb.org.br\/portal2\/wp-json\/wp\/v2\/posts\/3889","targetHints":{"allow":["GET"]}}],"collection":[{"href":"https:\/\/pcb.org.br\/portal2\/wp-json\/wp\/v2\/posts"}],"about":[{"href":"https:\/\/pcb.org.br\/portal2\/wp-json\/wp\/v2\/types\/post"}],"author":[{"embeddable":true,"href":"https:\/\/pcb.org.br\/portal2\/wp-json\/wp\/v2\/users\/1"}],"replies":[{"embeddable":true,"href":"https:\/\/pcb.org.br\/portal2\/wp-json\/wp\/v2\/comments?post=3889"}],"version-history":[{"count":0,"href":"https:\/\/pcb.org.br\/portal2\/wp-json\/wp\/v2\/posts\/3889\/revisions"}],"wp:attachment":[{"href":"https:\/\/pcb.org.br\/portal2\/wp-json\/wp\/v2\/media?parent=3889"}],"wp:term":[{"taxonomy":"category","embeddable":true,"href":"https:\/\/pcb.org.br\/portal2\/wp-json\/wp\/v2\/categories?post=3889"},{"taxonomy":"post_tag","embeddable":true,"href":"https:\/\/pcb.org.br\/portal2\/wp-json\/wp\/v2\/tags?post=3889"}],"curies":[{"name":"wp","href":"https:\/\/api.w.org\/{rel}","templated":true}]}}