{"id":3940,"date":"2012-11-28T22:33:52","date_gmt":"2012-11-28T22:33:52","guid":{"rendered":"http:\/\/pcb.org.br\/portal2\/?p=3940"},"modified":"2017-08-25T00:55:34","modified_gmt":"2017-08-25T03:55:34","slug":"carta-a-um-amigo-de-esquerda","status":"publish","type":"post","link":"https:\/\/pcb.org.br\/portal2\/3940","title":{"rendered":"Carta a um amigo de esquerda"},"content":{"rendered":"\n<p align=\"justify\">Meu querido companheiro de viagem,<\/p>\n<p align=\"justify\">N\u00e3o sei se voc\u00ea se lembra. Corriam os anos 70 e eu andava revoltado com alguns an\u00fancios classificados, onde profissionais portugueses altamente qualificados se ofereciam para trabalhar no Brasil. Fugiam das col\u00f4nias africanas, que se libertavam da tirania colonial. Tinham recebido instru\u00e7\u00e3o t\u00e9cnica em Mo\u00e7ambique e Angola, sem pagar nada, e, quando tiveram que retribuir, saltaram do barco. Rabisquei alguns textos, mas voc\u00ea, sabiamente, me sugeriu uma trincheira diferente. Foi a\u00ed que come\u00e7amos a trabalhar juntos no jornal Movimento. As reuni\u00f5es de pauta eram num pr\u00e9dio decadente da Lapa, ela mesma um bairro degradado. Escrevi alguns artigos, sempre sob pseud\u00f4nimo. Uma entrevista com o general Pery Bevilacqua, militar legalista na \u00e9poca do Jango e que defendia a convoca\u00e7\u00e3o de uma Assembleia Constituinte, foi integralmente censurada. Tempos duros, tempos de resist\u00eancia, tempos de busca.<\/p>\n<p align=\"justify\">Depois deste in\u00edcio, nos esbarramos muitas vezes. \u00c0s vezes, na correria, cheirando g\u00e1s lacrimog\u00eaneo (experi\u00eancia que n\u00e3o recomendo a ningu\u00e9m). Outras, com a alma lavada. A volta de Luiz Carlos Prestes do ex\u00edlio, num Gale\u00e3o abarrotado, lambeu nossas feridas. Sem equipamento de som, o Cavaleiro da Esperan\u00e7a discursou e suas palavras eram repetidas pela multid\u00e3o. A Hist\u00f3ria estava ali. Mais tarde, aprendi que \u00e9 preciso ter muito cuidado com o excesso de rever\u00eancia \u00e0s personalidades fortes. Em pol\u00edtica, isso causa estragos graves. Faz a gente deixar de pensar.<\/p>\n<p align=\"justify\">O que nos unia era o inimigo comum: a ditadura. Surgiram palavras de ordem unificadoras, que deram liga a um grande movimento de massas que derrotou, finalmente, a caserna fascistizada. Quem acreditou na luta armada, foi massacrado. A partir de 1985, com o restabelecimento de alguns direitos, cada macaco procurou seu galho. Depois de mais de duas d\u00e9cadas, as esquerdas podiam aparecer a c\u00e9u aberto. A\u00ed, meu velho, \u00e9 como diz o ditado: quem tem op\u00e7\u00e3o, tem afli\u00e7\u00e3o. O mercado ideol\u00f3gico ampliou a oferta e nossos caminhos se afastaram.<\/p>\n<p align=\"justify\">Voc\u00ea foi ativo na constru\u00e7\u00e3o do PT. Acreditou que, finalmente, o Brasil estava construindo um grande partido socialista de massas, com ra\u00edzes na vanguarda da classe oper\u00e1ria, nas teses da Teologia da Liberta\u00e7\u00e3o e na experi\u00eancia dos exilados que voltavam. Os primeiros documentos afirmavam essa vontade e o compromisso com a ultrapassagem do capitalismo. Havia um entusiasmo leg\u00edtimo com aquela novidade, mas eu n\u00e3o gostava especialmente de um aspecto: a impress\u00e3o que tentavam passar de que a Hist\u00f3ria come\u00e7ava naquele momento, como se nunca antes nesse pa\u00eds tivesse havido partidos de esquerda, lutas sociais, organiza\u00e7\u00e3o das massas. Botei o p\u00e9 em outra estrada.<\/p>\n<p align=\"justify\">Teu partido chegou ao Planalto, mas a\u00ed os tempos e as propostas j\u00e1 eram outros. O projeto socialista foi banido. Em seu lugar, uma tentativa burocr\u00e1tico-administrativa de gerenciar o capitalismo, que implicava em promiscuidade com a classe dominante e ren\u00fancia \u00e0 organiza\u00e7\u00e3o pol\u00edtica das massas. Ressurgiu das cinzas um mal-disfar\u00e7ado culto \u00e0 personalidade, de triste mem\u00f3ria para a esquerda. Adaptou-se ao\u00a0<em>modus operandi<\/em> do capital, quem sabe numa tentativa \u2013 a meu ver ing\u00eanua \u2013 de min\u00e1-lo por dentro. Faz lembrar, com as devidas e importantes ressalvas, o Partido Comunista Italiano. Maior PC do Ocidente por muitos anos, adernou tanto ao centro que &#8230; desapareceu.<\/p>\n<p align=\"justify\">Meus ancestrais vieram de lugares remotos da Europa Oriental. Tinham uma cultura rica em observa\u00e7\u00f5es da vida, plasmadas com frequ\u00eancia em ditados. Um deles, no idioma \u00eddish, diz o seguinte:\u00a0<em>Iberguekumene tsores iz gut tsu dertseiln<\/em> (afli\u00e7\u00f5es superadas s\u00e3o boas de contar). Lembrar a luta contra a ditadura n\u00e3o deixa de ser uma catarse. Continuamos lutando por um mundo mais justo e fraterno, mas, \u00e0 diferen\u00e7a dos idos de mar\u00e7o, percebemos o caminho de forma bem diferente. Resta-nos a mem\u00f3ria comum e a certeza de que estaremos, em algum momento, em trincheiras comuns. \u00c9 como dizia o Mill\u00f4r Fernandes, num de seus c\u00e9lebres Hai-Kais:\u00a0<em>Fiquei bom da vista ! \/ Depressa, \/ Um oculista !.<\/em><\/p>\n<p align=\"justify\">Abra\u00e7o<\/p>\n<p align=\"justify\"><em>Jacques Gruman<\/em><\/p>\n","protected":false},"excerpt":{"rendered":"\n\n\nlh5\n\n\n\n\n\n\n\n\nOs felizes s\u00e3o curiosos. Os infelizes j\u00e1 sabem demais. (\u00c1lvaro Moreyra)\n<a class=\"moretag\" href=\"https:\/\/pcb.org.br\/portal2\/3940\"> <\/a>","protected":false},"author":1,"featured_media":0,"comment_status":"open","ping_status":"open","sticky":false,"template":"","format":"standard","meta":{"jetpack_post_was_ever_published":false,"_jetpack_newsletter_access":"","_jetpack_dont_email_post_to_subs":false,"_jetpack_newsletter_tier_id":0,"_jetpack_memberships_contains_paywalled_content":false,"_jetpack_memberships_contains_paid_content":false,"footnotes":"","jetpack_publicize_message":"","jetpack_publicize_feature_enabled":true,"jetpack_social_post_already_shared":false,"jetpack_social_options":{"image_generator_settings":{"template":"highway","default_image_id":0,"font":"","enabled":false},"version":2}},"categories":[7],"tags":[],"class_list":["post-3940","post","type-post","status-publish","format-standard","hentry","category-s8-brasil"],"jetpack_publicize_connections":[],"jetpack_featured_media_url":"","jetpack_shortlink":"https:\/\/wp.me\/p659gw-11y","jetpack-related-posts":[],"jetpack_likes_enabled":true,"jetpack_sharing_enabled":true,"_links":{"self":[{"href":"https:\/\/pcb.org.br\/portal2\/wp-json\/wp\/v2\/posts\/3940","targetHints":{"allow":["GET"]}}],"collection":[{"href":"https:\/\/pcb.org.br\/portal2\/wp-json\/wp\/v2\/posts"}],"about":[{"href":"https:\/\/pcb.org.br\/portal2\/wp-json\/wp\/v2\/types\/post"}],"author":[{"embeddable":true,"href":"https:\/\/pcb.org.br\/portal2\/wp-json\/wp\/v2\/users\/1"}],"replies":[{"embeddable":true,"href":"https:\/\/pcb.org.br\/portal2\/wp-json\/wp\/v2\/comments?post=3940"}],"version-history":[{"count":0,"href":"https:\/\/pcb.org.br\/portal2\/wp-json\/wp\/v2\/posts\/3940\/revisions"}],"wp:attachment":[{"href":"https:\/\/pcb.org.br\/portal2\/wp-json\/wp\/v2\/media?parent=3940"}],"wp:term":[{"taxonomy":"category","embeddable":true,"href":"https:\/\/pcb.org.br\/portal2\/wp-json\/wp\/v2\/categories?post=3940"},{"taxonomy":"post_tag","embeddable":true,"href":"https:\/\/pcb.org.br\/portal2\/wp-json\/wp\/v2\/tags?post=3940"}],"curies":[{"name":"wp","href":"https:\/\/api.w.org\/{rel}","templated":true}]}}