{"id":395,"date":"2010-04-13T16:38:50","date_gmt":"2010-04-13T16:38:50","guid":{"rendered":"http:\/\/pcb.org.br\/portal2\/?p=395"},"modified":"2010-04-13T16:38:50","modified_gmt":"2010-04-13T16:38:50","slug":"carta-aberta-a-plinio-de-arruda-sampaio","status":"publish","type":"post","link":"https:\/\/pcb.org.br\/portal2\/395","title":{"rendered":"Carta Aberta a Plinio de Arruda Sampaio:"},"content":{"rendered":"\n<p>Como \u00e9 do seu conhecimento, o PCB j\u00e1 anunciou publicamente que se apresentar\u00e1 tamb\u00e9m com candidatura pr\u00f3pria no \u00e2mbito nacional. Fizemo-lo antes e independente da escolha do PSOL levada a efeito neste fim de semana, pelas raz\u00f5es que expusemos no documento<strong><em> \u201cPor que o PCB vai apresentar candidatura pr\u00f3pria nas elei\u00e7\u00f5es presidenciais\u201d<\/em><\/strong>.<\/p>\n<p>Nossa decis\u00e3o n\u00e3o se pautou por prefer\u00eancias nem restri\u00e7\u00f5es a nomes, mas por quest\u00f5es de m\u00e9todos e concep\u00e7\u00f5es. No seu caso, ressaltamos inclusive o respeito que temos por sua trajet\u00f3ria na luta por mudan\u00e7as radicais na in\u00edqua sociedade brasileira.<\/p>\n<p>Desta forma, mesmo que n\u00e3o estejamos na mesma campanha <strong>eleitoral<\/strong>, estaremos na mesma campanha <strong>pol\u00edtica<\/strong>, ombro a ombro, para potencializar as condi\u00e7\u00f5es para um amplo debate em torno de um projeto popular, no rumo ao socialismo, que contribua para a unidade de a\u00e7\u00e3o das for\u00e7as anticapitalistas e antiimperialistas numa frente permanente, que incorpore organiza\u00e7\u00f5es pol\u00edticas e movimentos populares antag\u00f4nicos ao capital.<\/p>\n<p>Propomos-lhe, e a seu Partido, que fa\u00e7amos das duas candidaturas um elemento de unidade, em torno de uma <strong> campanha movimento<\/strong>, que deixe um saldo pol\u00edtico no sentido dos objetivos aqui apontados, independente dos resultados matematicamente eleitorais, que certamente ser\u00e3o induzidos pela determina\u00e7\u00e3o das oligarquias, atrav\u00e9s da m\u00eddia burguesa, em restringir a disputa a dois candidatos da ordem.<\/p>\n<p>Rio de Janeiro, 11 de abril de 2010.<\/p>\n<p>Ivan Pinheiro<\/p>\n<p>Secret\u00e1rio Geral do PCB<\/p>\n","protected":false},"excerpt":{"rendered":"\n\n\nCr\u00e9dito: PCB\n\n\n\n\nVimos parabeniz\u00e1-lo, e ao PSOL, pela indica\u00e7\u00e3o de sua pr\u00e9-candidatura \u00e0 Presid\u00eancia da Rep\u00fablica, que qualifica o debate pol\u00edtico para al\u00e9m dos discursos eleitorais.\n<a class=\"moretag\" href=\"https:\/\/pcb.org.br\/portal2\/395\"> <\/a>","protected":false},"author":1,"featured_media":0,"comment_status":"open","ping_status":"open","sticky":false,"template":"","format":"standard","meta":{"jetpack_post_was_ever_published":false,"_jetpack_newsletter_access":"","_jetpack_dont_email_post_to_subs":false,"_jetpack_newsletter_tier_id":0,"_jetpack_memberships_contains_paywalled_content":false,"_jetpack_memberships_contains_paid_content":false,"footnotes":"","jetpack_publicize_message":"","jetpack_publicize_feature_enabled":true,"jetpack_social_post_already_shared":false,"jetpack_social_options":{"image_generator_settings":{"template":"highway","default_image_id":0,"font":"","enabled":false},"version":2}},"categories":[59],"tags":[],"class_list":["post-395","post","type-post","status-publish","format-standard","hentry","category-c70-eleicoes"],"jetpack_publicize_connections":[],"jetpack_featured_media_url":"","jetpack_shortlink":"https:\/\/wp.me\/p659gw-6n","jetpack-related-posts":[],"jetpack_likes_enabled":true,"jetpack_sharing_enabled":true,"_links":{"self":[{"href":"https:\/\/pcb.org.br\/portal2\/wp-json\/wp\/v2\/posts\/395","targetHints":{"allow":["GET"]}}],"collection":[{"href":"https:\/\/pcb.org.br\/portal2\/wp-json\/wp\/v2\/posts"}],"about":[{"href":"https:\/\/pcb.org.br\/portal2\/wp-json\/wp\/v2\/types\/post"}],"author":[{"embeddable":true,"href":"https:\/\/pcb.org.br\/portal2\/wp-json\/wp\/v2\/users\/1"}],"replies":[{"embeddable":true,"href":"https:\/\/pcb.org.br\/portal2\/wp-json\/wp\/v2\/comments?post=395"}],"version-history":[{"count":0,"href":"https:\/\/pcb.org.br\/portal2\/wp-json\/wp\/v2\/posts\/395\/revisions"}],"wp:attachment":[{"href":"https:\/\/pcb.org.br\/portal2\/wp-json\/wp\/v2\/media?parent=395"}],"wp:term":[{"taxonomy":"category","embeddable":true,"href":"https:\/\/pcb.org.br\/portal2\/wp-json\/wp\/v2\/categories?post=395"},{"taxonomy":"post_tag","embeddable":true,"href":"https:\/\/pcb.org.br\/portal2\/wp-json\/wp\/v2\/tags?post=395"}],"curies":[{"name":"wp","href":"https:\/\/api.w.org\/{rel}","templated":true}]}}