{"id":3951,"date":"2012-11-30T14:19:09","date_gmt":"2012-11-30T14:19:09","guid":{"rendered":"http:\/\/pcb.org.br\/portal2\/?p=3951"},"modified":"2012-11-30T14:19:09","modified_gmt":"2012-11-30T14:19:09","slug":"ilusao-cruel","status":"publish","type":"post","link":"https:\/\/pcb.org.br\/portal2\/3951","title":{"rendered":"Ilus\u00e3o cruel"},"content":{"rendered":"\n<p><img decoding=\"async\" src=\"images\/stories\/outras-opinioes\" border=\"0\" align=\"right\" \/>O suspiro de al\u00edvio resultante do cessar-fogo em Gaza proclamado atrav\u00e9s do mundo pelo irm\u00e3o mu\u00e7ulmano que preside ao Egipto, com o \u00e1men da senhora Clinton e o habitual encolher de ombros do primeiro ministro de Israel, \u00e9 uma ilus\u00e3o com p\u00e9s de mentira e cen\u00e1rio de manobras estrat\u00e9gicas cada vez mais complexas e, por via disso, de consequ\u00eancias seguramente mais imprevis\u00edveis.<\/p>\n<p>Uma ilus\u00e3o que \u00e9 cruel para os que voltar\u00e3o a ser as principais v\u00edtimas quando ela tragicamente se desfizer \u2013 os habitantes de Gaza e os palestinianos em geral.<\/p>\n<p>Calaram-se temporariamente as armas mas o que aconteceu para al\u00e9m da pompa e circunst\u00e2ncia do an\u00fancio? Israel prometeu que n\u00e3o bombardeia Gaza, que n\u00e3o comete mais execu\u00e7\u00f5es extra judiciais de dirigentes do Hamas e que ir\u00e1 ampliar a disponibilidade de movimentos dos cidad\u00e3os do territ\u00f3rio; o Hamas compromete-se a n\u00e3o lan\u00e7ar m\u00edsseis contra o territ\u00f3rio israelita. Ambos os lados garantem que continuam com os dedos no gatilho, o primeiro-ministro israelita amea\u00e7a que se houver quebra da tr\u00e9gua a resposta ser\u00e1 mais violenta ainda, mas o problema de fundo subsiste: o criminoso e asfixiante bloqueio \u00e0 Faixa de Gaza, que at\u00e9 o conservador\u00edssimo primeiro-ministro brit\u00e2nico Cameron qualifica como \u201cpris\u00e3o a c\u00e9u aberto\u201d.<\/p>\n<p>O que aconteceu como reflexo de mais este epis\u00f3dio de uma guerra sem termo, al\u00e9m da liquida\u00e7\u00e3o de 185 habitantes de Gaza, fam\u00edlias inteiras, algumas dezenas de crian\u00e7as e da destrui\u00e7\u00e3o de mais edif\u00edcios num territ\u00f3rio em escombros?<\/p>\n<p>Aconteceu que o novo poder da Irmandade Mu\u00e7ulmana no Egipto se tornou figura de pleno direito da chamada \u201ccomunidade internacional\u201d, respeit\u00e1vel mediador como foi durante d\u00e9cadas o agora proscrito Mubarak, e que para tal recebeu o diploma do regime norte-americano, que \u00e9 quem tem, como se sabe, a \u00faltima palavra nestas coisas. Bem\u2026 talvez essa palavra j\u00e1 seja a pen\u00faltima porque Benjamin Netanyahu continua a dispor de todas as facilidades para dizer \u2013 sobretudo fazer \u2013 mais qualquer coisa.<\/p>\n<p>A passagem do poder islamita no Egipto neste teste interessava a muita gente. Principalmente \u00e0 administra\u00e7\u00e3o norte-americana, que mant\u00e9m na pr\u00e1tica o status quo em rela\u00e7\u00e3o ao segundo maior aliado na regi\u00e3o e logo numa altura em que o ramo s\u00edrio da Irmandade Mu\u00e7ulmana recebeu, ainda que de maneira disfar\u00e7ada, a chefia da coliga\u00e7\u00e3o anti-Assad fabricada no Qatar para chegar a Damasco. Interessa, e muito, a Israel, que v\u00ea sufragados os acordos \u201cde paz\u201d de Camp David pelos islamitas eg\u00edpcios e fica com o inimigo Hamas sujeito a influ\u00eancias de dois islamismos antag\u00f3nicos \u2013 Egipto e Ir\u00e3o \u2013 e de costas cada vez mais voltadas para o governo palestiniano de Ramallah.<\/p>\n<p>Com este epis\u00f3dio em Gaza aconteceu tamb\u00e9m que a iniciativa do presidente palestiniano Mahmud Abbas de pedir de novo o reconhecimento da Palestina na ONU ficou soterrada nas ru\u00ednas geradas pelos acontecimentos. Tal iniciativa passar\u00e1 a ser lida \u00e0 luz de uma torrente de novos e velhos dados que servir\u00e3o de alibi determinante para os que n\u00e3o querem aceitar essa declara\u00e7\u00e3o \u2013 e que s\u00e3o tamb\u00e9m os que decidem em derradeira inst\u00e2ncia.<\/p>\n<p>Quando o cessar-fogo for quebrado, o que acontecer\u00e1 inevitavelmente porque a continua\u00e7\u00e3o do bloqueio o garante, o megafone medi\u00e1tico mundial encarregar-se-\u00e1 de ditar quem foi, ilibando o mediador eg\u00edpcio e permitindo a Benjamin Netanyahu, se disso necessitar para fins eleitorais, o recome\u00e7o dos bombardeamentos, das execu\u00e7\u00f5es e tamb\u00e9m a invas\u00e3o terrestre, que continua a estar operacional.<\/p>\n<p>Para a \u201ccomunidade internacional\u201d, de consci\u00eancia tranquila devido aos denodados esfor\u00e7os diplom\u00e1ticos feitos, a seguran\u00e7a, a dignidade e a liberdade dos cidad\u00e3os de Gaza, o direito leg\u00edtimo dos palestinianos a terem o seu Estado podem e devem continuar adiados, como sempre. Nada mais natural porque eles s\u00e3o os culpados de tudo o que lhes acontece, n\u00e3o \u00e9 isso que dita a inquestion\u00e1vel verdade oficial?<\/p>\n<p>22\/Novembro\/2012<\/p>\n<p><strong>[*] Jornalista <\/strong><\/p>\n<p><strong><strong>O original encontra-se em\u00a0<a href=\"http:\/\/www.odiario.info\/?p=2685\" target=\"_blank\">http:\/\/www.odiario.info\/?p=2685<\/a> <\/strong><\/strong><\/p>\n<p><strong><strong>Este artigo encontra-se em\u00a0<a href=\"http:\/\/resistir.info\/\" target=\"_blank\">http:\/\/resistir.info\/<\/a> .<\/strong><\/strong><\/p>\n<p>\u00a0<\/p>\n<p>\u00a0<\/p>\n","protected":false},"excerpt":{"rendered":"\n\n\nResistir.info\n\n\n\n\n\n\n\n\nJos\u00e9 Goul\u00e3o\u00a0[*]\n<a class=\"moretag\" href=\"https:\/\/pcb.org.br\/portal2\/3951\"> <\/a>","protected":false},"author":1,"featured_media":0,"comment_status":"open","ping_status":"open","sticky":false,"template":"","format":"standard","meta":{"jetpack_post_was_ever_published":false,"_jetpack_newsletter_access":"","_jetpack_dont_email_post_to_subs":false,"_jetpack_newsletter_tier_id":0,"_jetpack_memberships_contains_paywalled_content":false,"_jetpack_memberships_contains_paid_content":false,"footnotes":"","jetpack_publicize_message":"","jetpack_publicize_feature_enabled":true,"jetpack_social_post_already_shared":false,"jetpack_social_options":{"image_generator_settings":{"template":"highway","default_image_id":0,"font":"","enabled":false},"version":2}},"categories":[78],"tags":[],"class_list":["post-3951","post","type-post","status-publish","format-standard","hentry","category-c91-solidariedade-a-palestina"],"jetpack_publicize_connections":[],"jetpack_featured_media_url":"","jetpack_shortlink":"https:\/\/wp.me\/p659gw-11J","jetpack-related-posts":[],"jetpack_likes_enabled":true,"jetpack_sharing_enabled":true,"_links":{"self":[{"href":"https:\/\/pcb.org.br\/portal2\/wp-json\/wp\/v2\/posts\/3951","targetHints":{"allow":["GET"]}}],"collection":[{"href":"https:\/\/pcb.org.br\/portal2\/wp-json\/wp\/v2\/posts"}],"about":[{"href":"https:\/\/pcb.org.br\/portal2\/wp-json\/wp\/v2\/types\/post"}],"author":[{"embeddable":true,"href":"https:\/\/pcb.org.br\/portal2\/wp-json\/wp\/v2\/users\/1"}],"replies":[{"embeddable":true,"href":"https:\/\/pcb.org.br\/portal2\/wp-json\/wp\/v2\/comments?post=3951"}],"version-history":[{"count":0,"href":"https:\/\/pcb.org.br\/portal2\/wp-json\/wp\/v2\/posts\/3951\/revisions"}],"wp:attachment":[{"href":"https:\/\/pcb.org.br\/portal2\/wp-json\/wp\/v2\/media?parent=3951"}],"wp:term":[{"taxonomy":"category","embeddable":true,"href":"https:\/\/pcb.org.br\/portal2\/wp-json\/wp\/v2\/categories?post=3951"},{"taxonomy":"post_tag","embeddable":true,"href":"https:\/\/pcb.org.br\/portal2\/wp-json\/wp\/v2\/tags?post=3951"}],"curies":[{"name":"wp","href":"https:\/\/api.w.org\/{rel}","templated":true}]}}