{"id":397,"date":"2010-04-15T03:18:34","date_gmt":"2010-04-15T03:18:34","guid":{"rendered":"http:\/\/pcb.org.br\/portal2\/?p=397"},"modified":"2010-04-15T03:18:34","modified_gmt":"2010-04-15T03:18:34","slug":"combatendo-a-falacia-da-liberdade-dos-capitalistas","status":"publish","type":"post","link":"https:\/\/pcb.org.br\/portal2\/397","title":{"rendered":"COMBATENDO A FAL\u00c1CIA DA LIBERDADE DOS CAPITALISTAS"},"content":{"rendered":"\n<p align=\"left\">Palavra de ordem gritada pelos militantes comunistas.<\/p>\n<p align=\"justify\">Sem serem convidados, vinte militantes comunistas \u201c\u00e0 paisana\u201d promoveram um ato-rel\u00e2mpago na noite desta segunda-feira, dia 12 de abril de 2010, no centro de eventos da PUC-RS, em Porto Alegre. Uma faixa com o dizer &#8220;<strong>A liberdade para os patr\u00f5es \u00e9 a opress\u00e3o para os trabalhadores<\/strong>&#8221; foi aberta em meio ao sal\u00e3o montado para o XXIII F\u00f3rum da Liberdade, evento que re\u00fane anualmente a nata do pensamento liberal na cidade de Porto Alegre\/RS.<\/p>\n<p align=\"justify\">Henrique Meirelles, FHC, Arm\u00ednio Fraga, presidentes de empresas como a <strong>Gerdau<\/strong>, a <strong> Renault-Nissan<\/strong>, o <strong>Ita\u00fa-Unibanco<\/strong> e a <strong>RCTV<\/strong> da Venezuela, foram alguns dos palestrantes escalados deste ano. Al\u00e9m do dono da RCTV, Marcel Granier (ganhador do pr\u00eamio &#8220;liberdade de imprensa&#8221; na noite de abertura do evento), outra estrela internacional do evento \u00e9 o economista David Friedman, que se apresenta como &#8220;anarcocapitalista&#8221; e defende um ultraliberalismo, com a privatiza\u00e7\u00e3o de todas as inst\u00e2ncias do Estado, como as pol\u00edcias e a justi\u00e7a \u2013 ele diz que os &#8220;cidad\u00e3os&#8221; se organizariam como clientes de empresas de seguran\u00e7a para se defenderem das amea\u00e7as que sofressem, e estas empresas, por sua vez, contratariam tribunais para resolver os lit\u00edgios, que por sua vez contratariam outras empresas e etc, etc. Muito diferente do que j\u00e1 vivemos?<\/p>\n<p align=\"justify\">Em meio ao protesto, que contou com panfletagem e foi puxado pelo Partido Comunista Brasileiro com apoio do PCML, da APS-PSOL e do PCR, o economista David Friedman apareceu com uma comitiva de jovens engravatados do movimento \u201cEndireita Brasil!\u201d, que sem sucesso tentou provocar alguns manifestantes. A governadora Yeda Crusius, muito esperada por todos neste primeiro dia do evento, por fim n\u00e3o apareceu e o ato terminou com nova panfletagem numa das entradas da universidade.<\/p>\n<p align=\"justify\"><em>Rodrigo Fonseca, PCB-RS.<\/em><\/p>\n","protected":false},"excerpt":{"rendered":"\n\n\nCr\u00e9dito: 3.bp.blogspot.com\n\n\n\n\n\u201cQuanto mais interven\u00e7\u00e3o, mais desigualdade. \nN\u00e3o existe sistema mais justo que o capitalismo\u201d, \nfala proferida na abertura\ndo XXIII F\u00f3rum da Liberdade.\n\u00d4 burguesia, pode esperar, a sua hora vai chegar!\n<a class=\"moretag\" href=\"https:\/\/pcb.org.br\/portal2\/397\"> <\/a>","protected":false},"author":1,"featured_media":0,"comment_status":"open","ping_status":"open","sticky":false,"template":"","format":"standard","meta":{"jetpack_post_was_ever_published":false,"_jetpack_newsletter_access":"","_jetpack_dont_email_post_to_subs":false,"_jetpack_newsletter_tier_id":0,"_jetpack_memberships_contains_paywalled_content":false,"_jetpack_memberships_contains_paid_content":false,"footnotes":"","jetpack_publicize_message":"","jetpack_publicize_feature_enabled":true,"jetpack_social_post_already_shared":false,"jetpack_social_options":{"image_generator_settings":{"template":"highway","default_image_id":0,"font":"","enabled":false},"version":2}},"categories":[38],"tags":[],"class_list":["post-397","post","type-post","status-publish","format-standard","hentry","category-c43-imperialismo"],"jetpack_publicize_connections":[],"jetpack_featured_media_url":"","jetpack_shortlink":"https:\/\/wp.me\/p659gw-6p","jetpack-related-posts":[],"jetpack_likes_enabled":true,"jetpack_sharing_enabled":true,"_links":{"self":[{"href":"https:\/\/pcb.org.br\/portal2\/wp-json\/wp\/v2\/posts\/397","targetHints":{"allow":["GET"]}}],"collection":[{"href":"https:\/\/pcb.org.br\/portal2\/wp-json\/wp\/v2\/posts"}],"about":[{"href":"https:\/\/pcb.org.br\/portal2\/wp-json\/wp\/v2\/types\/post"}],"author":[{"embeddable":true,"href":"https:\/\/pcb.org.br\/portal2\/wp-json\/wp\/v2\/users\/1"}],"replies":[{"embeddable":true,"href":"https:\/\/pcb.org.br\/portal2\/wp-json\/wp\/v2\/comments?post=397"}],"version-history":[{"count":0,"href":"https:\/\/pcb.org.br\/portal2\/wp-json\/wp\/v2\/posts\/397\/revisions"}],"wp:attachment":[{"href":"https:\/\/pcb.org.br\/portal2\/wp-json\/wp\/v2\/media?parent=397"}],"wp:term":[{"taxonomy":"category","embeddable":true,"href":"https:\/\/pcb.org.br\/portal2\/wp-json\/wp\/v2\/categories?post=397"},{"taxonomy":"post_tag","embeddable":true,"href":"https:\/\/pcb.org.br\/portal2\/wp-json\/wp\/v2\/tags?post=397"}],"curies":[{"name":"wp","href":"https:\/\/api.w.org\/{rel}","templated":true}]}}