{"id":3982,"date":"2012-12-06T11:23:44","date_gmt":"2012-12-06T11:23:44","guid":{"rendered":"http:\/\/pcb.org.br\/portal2\/?p=3982"},"modified":"2012-12-06T11:23:44","modified_gmt":"2012-12-06T11:23:44","slug":"oscar-niemeyer-uma-legenda-comunista-para-a-historia","status":"publish","type":"post","link":"https:\/\/pcb.org.br\/portal2\/3982","title":{"rendered":"Oscar Niemeyer: uma legenda comunista para a hist\u00f3ria"},"content":{"rendered":"\n<p>O mundo das artes e a cultura do trabalho perderam o legend\u00e1rio arquiteto e comunista Oscar Niemeyer. Figura da maior grandeza, que marcou o s\u00e9culo XX com a sua arte e ci\u00eancia, mas tamb\u00e9m com as ideias pelas quais lutava com convic\u00e7\u00e3o.<\/p>\n<p>O arquiteto comunista, com seus tra\u00e7os, colocou o Brasil na modernidade do mundo. Sua obra marcou a arquitetura na Europa, na \u00c1frica, na \u00c1sia, no L\u00edbano e na Am\u00e9rica. Sua genialidade se espalhou pelo Brasil em obras que refletiam as curvas, a luz e a suavidade da liberdade no tra\u00e7o do concreto que era erguido pelos trabalhadores, em prol dos quais lutou por toda uma vida. Ao projetar Bras\u00edlia, Niemeyer afirmava que n\u00e3o bastava criar uma cidade, era preciso mudar o sistema que apartava os trabalhadores de sua obra.<\/p>\n<p>Mas o homem, militante comunista, tinha a estatura de sua obra. Entrou para o nosso Partido em 1945, lutou contra a repress\u00e3o da ditadura militar, sendo desterrado para a Fran\u00e7a. L\u00e1 militou no Partido dos fuzilados, dos que heroicamente resistiram ao nazismo, o hist\u00f3rico Partido Comunista Franc\u00eas, sendo o construtor da sede daqueles comunistas.<\/p>\n<p>Sempre esteve ao lado do progresso da humanidade. Apoiou a revolu\u00e7\u00e3o bolchevique e o Estado oper\u00e1rio na URSS, sempre esteve ao lado de Cuba socialista, e quando a revolu\u00e7\u00e3o democr\u00e1tica e socialista venceu a opress\u00e3o na Arg\u00e9lia, para l\u00e1 foi o militante comunista brasileiro, construir universidades e pr\u00e9dios para atender aos interesses dos trabalhadores.<\/p>\n<p>Niemeyer esteve ao lado de gigantes do s\u00e9culo XX: foi amigo dos comunistas Fidel Castro, Pablo Neruda, Luiz Carlos Prestes, Jorge Amado, Jean-Paul Sartre e Jos\u00e9 Saramago. Apoiou todas as lutas dos trabalhadores em seu tempo, militante sempre solid\u00e1rio, altivo e disposto a lutar pelo socialismo.<\/p>\n<p>Quando o nosso Partido foi atacado pelo liquidacionismo, no IX congresso em 1991, l\u00e1 estava ele, no plen\u00e1rio do audit\u00f3rio da UERJ para dizer: \u201cEnquanto houver mis\u00e9ria e opress\u00e3o, ser comunista \u00e9 a nossa decis\u00e3o\u201d.<\/p>\n<p>Ap\u00f3s a ruptura com os liquidacionistas, que viraram as costas para a hist\u00f3ria, em 1992, Oscar Niemeyer foi eleito o presidente de honra do PCB.<\/p>\n<p>Sua luta, sua hist\u00f3ria, seu compromisso com o marxismo e o socialismo, assim como a sua arte e ci\u00eancia marcaram indelevelmente a mem\u00f3ria do tempo presente.<\/p>\n<p>Camarada Oscar Niemeyer, presente!<\/p>\n<p>Rio, 06 de dezembro de 2012.<\/p>\n<p>Comit\u00ea Central do Partido Comunista Brasileiro (PCB)<\/p>\n","protected":false},"excerpt":{"rendered":"\n\n\nfbcdn.net\n\n\n\n\n\n\n\n\n<a class=\"moretag\" href=\"https:\/\/pcb.org.br\/portal2\/3982\"> <\/a>","protected":false},"author":1,"featured_media":0,"comment_status":"open","ping_status":"open","sticky":false,"template":"","format":"standard","meta":{"jetpack_post_was_ever_published":false,"_jetpack_newsletter_access":"","_jetpack_dont_email_post_to_subs":false,"_jetpack_newsletter_tier_id":0,"_jetpack_memberships_contains_paywalled_content":false,"_jetpack_memberships_contains_paid_content":false,"footnotes":"","jetpack_publicize_message":"","jetpack_publicize_feature_enabled":true,"jetpack_social_post_already_shared":false,"jetpack_social_options":{"image_generator_settings":{"template":"highway","default_image_id":0,"font":"","enabled":false},"version":2}},"categories":[26],"tags":[],"class_list":["post-3982","post","type-post","status-publish","format-standard","hentry","category-c25-notas-politicas-do-pcb"],"jetpack_publicize_connections":[],"jetpack_featured_media_url":"","jetpack_shortlink":"https:\/\/wp.me\/p659gw-12e","jetpack-related-posts":[],"jetpack_likes_enabled":true,"jetpack_sharing_enabled":true,"_links":{"self":[{"href":"https:\/\/pcb.org.br\/portal2\/wp-json\/wp\/v2\/posts\/3982","targetHints":{"allow":["GET"]}}],"collection":[{"href":"https:\/\/pcb.org.br\/portal2\/wp-json\/wp\/v2\/posts"}],"about":[{"href":"https:\/\/pcb.org.br\/portal2\/wp-json\/wp\/v2\/types\/post"}],"author":[{"embeddable":true,"href":"https:\/\/pcb.org.br\/portal2\/wp-json\/wp\/v2\/users\/1"}],"replies":[{"embeddable":true,"href":"https:\/\/pcb.org.br\/portal2\/wp-json\/wp\/v2\/comments?post=3982"}],"version-history":[{"count":0,"href":"https:\/\/pcb.org.br\/portal2\/wp-json\/wp\/v2\/posts\/3982\/revisions"}],"wp:attachment":[{"href":"https:\/\/pcb.org.br\/portal2\/wp-json\/wp\/v2\/media?parent=3982"}],"wp:term":[{"taxonomy":"category","embeddable":true,"href":"https:\/\/pcb.org.br\/portal2\/wp-json\/wp\/v2\/categories?post=3982"},{"taxonomy":"post_tag","embeddable":true,"href":"https:\/\/pcb.org.br\/portal2\/wp-json\/wp\/v2\/tags?post=3982"}],"curies":[{"name":"wp","href":"https:\/\/api.w.org\/{rel}","templated":true}]}}