{"id":402,"date":"2010-04-16T14:07:43","date_gmt":"2010-04-16T14:07:43","guid":{"rendered":"http:\/\/pcb.org.br\/portal2\/?p=402"},"modified":"2010-04-16T14:07:43","modified_gmt":"2010-04-16T14:07:43","slug":"enchentes-no-rio-de-janeiro-que-nao-se-responsabilize-a-pobreza","status":"publish","type":"post","link":"https:\/\/pcb.org.br\/portal2\/402","title":{"rendered":"Enchentes no Rio de Janeiro: que n\u00e3o se responsabilize a pobreza!"},"content":{"rendered":"\n<p align=\"justify\">Os governantes e a m\u00eddia e a maioria dos especialistas concentraram suas argumenta\u00e7\u00f5es \u2013 para explicar o n\u00famero t\u00e3o elevado de mortes e o caos instalado na regi\u00e3o \u2013 em tr\u00eas frentes: a quantidade de chuva superou em muito a m\u00e9dia hist\u00f3rica para o per\u00edodo de tempo; a \u201cgeografia\u201d do Rio de Janeiro \u00e9 vulner\u00e1vel a esse tipo de trag\u00e9dia; a popula\u00e7\u00e3o \u00e9 a maior respons\u00e1vel pelas mortes por viver em encostas cujo solo n\u00e3o \u00e9 prop\u00edcio \u00e0 constru\u00e7\u00e3o de moradias.<\/p>\n<p align=\"justify\">Trata-se de um festival de dissimula\u00e7\u00e3o e de desrespeito \u00e0s v\u00edtimas, que serve para n\u00e3o expor o sistema capitalista e preservar governos e para justificar trag\u00e9dias semelhantes que venham a ocorrer no futuro e responsabilizar a pobreza.<\/p>\n<p align=\"justify\">O modelo de produ\u00e7\u00e3o e consumo capitalista est\u00e1 levando o planeta \u00e0 exaust\u00e3o, e a natureza vem anunciando, nos \u00faltimos anos, que acontecimentos como esses podem ser cada vez mais frequentes. \u00c9 mais que n\u00edtida a necessidade de mudar tais padr\u00f5es, e sabemos que isso n\u00e3o ocorrer\u00e1 sem uma transforma\u00e7\u00e3o profunda da sociedade.<\/p>\n<p align=\"justify\">As cidades refletem diretamente os efeitos do padr\u00e3o de desenvolvimento capitalista, seja no transporte dominado pelos autom\u00f3veis e por oligop\u00f3lios de empresas de \u00f4nibus (como no caso do Rio de Janeiro, onde exercem forte influ\u00eancia pol\u00edtica e impedem, na pr\u00e1tica, a implanta\u00e7\u00e3o ou expans\u00e3o de transportes sobre trilhos e aquavi\u00e1rio), seja na ocupa\u00e7\u00e3o hierarquizada do solo urbano, seja na oferta de infraestrutura e de servi\u00e7os sociais (estes explorados, em grande parte, por empresas privadas, como no caso da sa\u00fade, o que gera a sua concentra\u00e7\u00e3o nas \u00e1reas de alta renda e a aus\u00eancia de a\u00e7\u00f5es preventivas).<\/p>\n<p align=\"justify\">\u00c9 para as cidades que v\u00eam os que deixam o campo, em busca de emprego, sa\u00fade, educa\u00e7\u00e3o. Para a moradia, dada a ocupa\u00e7\u00e3o das \u00e1reas centrais e mais nobres pelas camadas de alta renda, restam-lhes as \u00e1reas distantes do centro \u2013 desprovidas de oferta de transporte p\u00fablico a baixo custo \u2013 ou as encostas e as margens dos rios, locais onde, em muitos casos, n\u00e3o h\u00e1 condi\u00e7\u00f5es t\u00e9cnicas para a estabilidade das habita\u00e7\u00f5es.<\/p>\n<p align=\"justify\">No Rio de Janeiro, ao processo de marginaliza\u00e7\u00e3o na ocupa\u00e7\u00e3o do solo soma-se a aus\u00eancia do Estado, a n\u00e3o-exist\u00eancia de um planejamento urbano que aponte para a supera\u00e7\u00e3o das desigualdades, para a urbaniza\u00e7\u00e3o das \u00e1reas carentes (onde haja condi\u00e7\u00f5es t\u00e9cnicas), para a distribui\u00e7\u00e3o igualit\u00e1ria da oferta de servi\u00e7os sociais e urbanos, de uma pol\u00edtica habitacional para viabilizar a moradia para todos. Ao contr\u00e1rio, \u00e9 a especula\u00e7\u00e3o imobili\u00e1ria \u2013 cada vez maior \u2013 que d\u00e1 o tom (e que tende a aumentar com as realiza\u00e7\u00f5es da Copa do Mundo de 2014 e das Olimp\u00edadas de 2016).<\/p>\n<p align=\"justify\">Quando se critica a \u201cfalta de educa\u00e7\u00e3o\u201d dessas popula\u00e7\u00f5es ao acumular lixo em encostas, a burguesia e a m\u00eddia escondem o grau de sucateamento da educa\u00e7\u00e3o p\u00fablica, a n\u00e3o exist\u00eancia de planos de conting\u00eancia e de a\u00e7\u00f5es e campanhas de preven\u00e7\u00e3o (como na conten\u00e7\u00e3o de encostas, na constru\u00e7\u00e3o de galerias pluviais e sua manuten\u00e7\u00e3o) \u2013 que demandam a participa\u00e7\u00e3o organizada da sociedade \u2013 e de uma pol\u00edtica efetiva de compensa\u00e7\u00e3o pelos danos de poss\u00edveis intemp\u00e9ries. <\/p>\n<\/p>\n<p> Os governos burgueses de S\u00e9rgio Cabral e Eduardo Paes, com apoio de Lula \u2013 incompetentes no trato da coisa p\u00fablica e omissos no atendimento \u00e0s necessidades das camadas populares, mas eficazes na aplica\u00e7\u00e3o de medidas privatizantes e no desrespeito aos direitos sociais \u2013 anunciam a remo\u00e7\u00e3o imediata de favelas como solu\u00e7\u00e3o para o problema, utilizando-se, uma vez mais, de expedientes repressores: no lugar de uma pol\u00edtica s\u00e9ria de urbaniza\u00e7\u00e3o das favelas e de ocupa\u00e7\u00e3o do solo, com a constru\u00e7\u00e3o de moradias dignas, opta-se pelo uso da for\u00e7a &#8211; no estilo &#8220;caveir\u00e3o&#8221; de ser &#8211; para remover as pessoas para abrigos, sem a garantia de uma nova moradia, em \u00e1rea segura, provida de toda a infraestrutura necess\u00e1ria.<\/p>\n<p align=\"justify\">\u00c9 preciso lembrar o exemplo de Cuba, que muito tem a nos ensinar nesse momento: devido aos valores socialistas, a popula\u00e7\u00e3o da ilha caribenha tem vencido in\u00fameros furac\u00f5es nos \u00faltimos anos, com n\u00famero reduzido de v\u00edtimas, ao contr\u00e1rio de Nova Orleans, nos EUA, h\u00e1 poucos anos, e ainda muito mais, no Haiti, no m\u00eas passado.<\/p>\n<p align=\"justify\">\u00c9 urgente lutarmos por uma nova pol\u00edtica de ocupa\u00e7\u00e3o do solo urbano e um plano urgente de constru\u00e7\u00e3o de habita\u00e7\u00f5es populares em condi\u00e7\u00f5es dignas de moradia, acesso a eletricidade, servi\u00e7os de abastecimento e transportes decentes. \u00c9 importante que os valores do altru\u00edsmo e da solidariedade, demonstrados pela popula\u00e7\u00e3o fluminense nos \u00faltimos dias, sejam cada vez mais presentes entre n\u00f3s. Mas n\u00e3o nos basta prestar solidariedade depois de cada desastre como este, que fundamentalmente s\u00f3 atinge os despossu\u00eddos, obrigados a viver em \u00e1reas de risco. A luta principal \u00e9 por uma sociedade justa e igualit\u00e1ria.<\/p>\n<p align=\"justify\">Abril de 2010<\/p>\n<p align=\"justify\"><strong>PCB \u2013 Partido Comunista Brasileiro<\/strong><\/p>\n<p align=\"justify\">Comiss\u00e3o Pol\u00edtica Nacional<\/p>\n<p>Comiss\u00e3o Pol\u00edtica Regional &#8211; Rio de Janeiro<\/p>\n","protected":false},"excerpt":{"rendered":"\n\n\nCr\u00e9dito: Brasil de Fato\n\n\n\n\n(Nota Pol\u00edtica do PCB)\nO Brasil e o mundo acompanham os acontecimentos da regi\u00e3o metropolitana do Rio de Janeiro \u2013 castigada por chuvas torrenciais que j\u00e1 vitimaram cerca de 300 pessoas.\n<a class=\"moretag\" href=\"https:\/\/pcb.org.br\/portal2\/402\"> <\/a>","protected":false},"author":1,"featured_media":0,"comment_status":"open","ping_status":"open","sticky":false,"template":"","format":"standard","meta":{"jetpack_post_was_ever_published":false,"_jetpack_newsletter_access":"","_jetpack_dont_email_post_to_subs":false,"_jetpack_newsletter_tier_id":0,"_jetpack_memberships_contains_paywalled_content":false,"_jetpack_memberships_contains_paid_content":false,"footnotes":"","jetpack_publicize_message":"","jetpack_publicize_feature_enabled":true,"jetpack_social_post_already_shared":false,"jetpack_social_options":{"image_generator_settings":{"template":"highway","default_image_id":0,"font":"","enabled":false},"version":2}},"categories":[26],"tags":[],"class_list":["post-402","post","type-post","status-publish","format-standard","hentry","category-c25-notas-politicas-do-pcb"],"jetpack_publicize_connections":[],"jetpack_featured_media_url":"","jetpack_shortlink":"https:\/\/wp.me\/p659gw-6u","jetpack-related-posts":[],"jetpack_likes_enabled":true,"jetpack_sharing_enabled":true,"_links":{"self":[{"href":"https:\/\/pcb.org.br\/portal2\/wp-json\/wp\/v2\/posts\/402","targetHints":{"allow":["GET"]}}],"collection":[{"href":"https:\/\/pcb.org.br\/portal2\/wp-json\/wp\/v2\/posts"}],"about":[{"href":"https:\/\/pcb.org.br\/portal2\/wp-json\/wp\/v2\/types\/post"}],"author":[{"embeddable":true,"href":"https:\/\/pcb.org.br\/portal2\/wp-json\/wp\/v2\/users\/1"}],"replies":[{"embeddable":true,"href":"https:\/\/pcb.org.br\/portal2\/wp-json\/wp\/v2\/comments?post=402"}],"version-history":[{"count":0,"href":"https:\/\/pcb.org.br\/portal2\/wp-json\/wp\/v2\/posts\/402\/revisions"}],"wp:attachment":[{"href":"https:\/\/pcb.org.br\/portal2\/wp-json\/wp\/v2\/media?parent=402"}],"wp:term":[{"taxonomy":"category","embeddable":true,"href":"https:\/\/pcb.org.br\/portal2\/wp-json\/wp\/v2\/categories?post=402"},{"taxonomy":"post_tag","embeddable":true,"href":"https:\/\/pcb.org.br\/portal2\/wp-json\/wp\/v2\/tags?post=402"}],"curies":[{"name":"wp","href":"https:\/\/api.w.org\/{rel}","templated":true}]}}