{"id":4044,"date":"2012-12-16T18:11:12","date_gmt":"2012-12-16T18:11:12","guid":{"rendered":"http:\/\/pcb.org.br\/portal2\/?p=4044"},"modified":"2012-12-16T18:11:12","modified_gmt":"2012-12-16T18:11:12","slug":"declaracao-do-partido-comunista-do-mexico","status":"publish","type":"post","link":"https:\/\/pcb.org.br\/portal2\/4044","title":{"rendered":"Declara\u00e7\u00e3o do Partido Comunista do M\u00e9xico"},"content":{"rendered":"\n<p><strong>Pelo poder oper\u00e1rio e popular!<\/strong><\/p>\n<p>Enrique Pe\u00f1a Nieto j\u00e1 despacha em Los Pinos, confirmando que\u00a0a transi\u00e7\u00e3o democr\u00e1tica e a altern\u00e2ncia n\u00e3o representam nenhuma mudan\u00e7a para o povo do M\u00e9xico, j\u00e1 que, sem d\u00favida, \u00e9 a f\u00f3rmula que o poder dos monop\u00f3lios encontrou para apresentar a ditadura de classe com uma fachada democr\u00e1tica.<\/p>\n<p>Doze anos de gest\u00e3o panista foram a continuidade das administra\u00e7\u00f5es priistas anteriores e, por isso, entre Calder\u00f3n e Pe\u00f1a Nieto n\u00e3o houve sen\u00e3o um interc\u00e2mbio de estafetas, um recalque, sem sobressalto algum, para continuar uma pol\u00edtica antioper\u00e1ria e antipopular, da mesma maneira que ocorreu entre Zedillo e Fox, e que ocorrer\u00e1 com L\u00f3pez Obrador.<\/p>\n<p>A ilus\u00e3o reformista de que a derrota do PRI significava a conquista da democracia e de melhores condi\u00e7\u00f5es de vida caiu por terra ao se constatar que PRI ou PAN, ou PRD, ou qualquer dos partidos registrados ou por se registrar, expressam os interesses pol\u00edticos da burguesia, a classe dominante, e contar\u00e3o com a oportunidade de efetuar a gest\u00e3o governamental e que nada ser\u00e1 alterado para garantir a explora\u00e7\u00e3o do trabalho assalariado, os superlucros dos monop\u00f3lios, a pauperiza\u00e7\u00e3o dos trabalhadores, a anula\u00e7\u00e3o da soberania popular.<\/p>\n<p>Na Presid\u00eancia da Rep\u00fablica, no controle das duas c\u00e2maras do Congresso, nos governos estaduais ou municipais, nosso povo j\u00e1 sofreu a altern\u00e2ncia; todos os partidos registrados demonstraram que chegam ao poder para servir aos interesses antag\u00f4nicos aos dos trabalhadores.<\/p>\n<p>Nas condi\u00e7\u00f5es da profunda crise econ\u00f4mica do capitalismo, a gest\u00e3o governamental est\u00e1 caracterizada por medidas para desvalorizar o trabalho, destinar os fundos p\u00fablicos para evitar a bancarrota dos monop\u00f3lios e jogar os custos sobre os trabalhadores. \u00c9 por isso que, ainda antes de tomar posse, Pe\u00f1a Nieto, em alian\u00e7a com Calder\u00f3n, atrav\u00e9s de seus partidos, PRI, PAN, PVEM, e com a cumplicidade do PRD e dos parlamentares do MORENA, aprovaram a \u201creforma trabalhista\u201d, isto \u00e9, medidas inumanas para a venda da for\u00e7a de trabalho, que s\u00e3o pesadas correntes de escravid\u00e3o contra a classe oper\u00e1ria, cancelando direitos sindicais e trabalhistas, estendendo a jornada de trabalho, abolindo os contratos coletivos, anulando as aposentadorias, as pens\u00f5es, impossibilitando o trabalho sindical e favorecendo os patr\u00f5es em todos os casos.<\/p>\n<p>\u00a0<\/p>\n<p>Mais de um milh\u00e3o de desempregados desde que se iniciou a crise, perda do poder aquisitivo do sal\u00e1rio, aumento do custo da cesta b\u00e1sica, condi\u00e7\u00f5es de trabalho insalubres e de alto risco para a vida; falta de moradia, sa\u00fade, educa\u00e7\u00e3o. As condi\u00e7\u00f5es de vida dos trabalhadores s\u00e3o insuport\u00e1veis.<\/p>\n<p>Um Gabinete de continuidade<\/p>\n<p>A integra\u00e7\u00e3o do Gabinete de Pe\u00f1a Nieto expressa o fundamentalismo nas pol\u00edticas de choque contra os trabalhadores. O chamado gabinete econ\u00f4mico \u00e9 a continuidade do de Salinas, Zedillo, Fox, Calder\u00f3n, e significa a continuada ades\u00e3o \u00e0s pol\u00edticas do FMI, BM, pagamento da d\u00edvida externa, TLCAN, benef\u00edcios para os monop\u00f3lios e sofrimento para o povo trabalhador.<\/p>\n<p>O Gabinete \u00e9 a unidade dos partidos burgueses. Al\u00e9m de nefastas figuras do priismo e de outros que formaram filas no sex\u00eanio anterior \u2013 com Calder\u00f3n \u2013, se integra gente de confian\u00e7a de Marcelo Ebrard e do pr\u00f3prio L\u00f3pez Obrador, ainda que este se revele; o Sr. Mondrag\u00f3n tem a tarefa de levar essa repress\u00e3o de \u201crosto cidad\u00e3o\u201d que exerceu na Cidade do M\u00e9xico para todo o pa\u00eds, e simultaneamente a responsabilidade de velar pelos interesses de Camacho Sol\u00eds-Ebrard no Governo Federal.<\/p>\n<p>Chamamos a aten\u00e7\u00e3o sobre a reedi\u00e7\u00e3o do PRONASOL e da \u201cpol\u00edtica social\u201d aplicada durante a gest\u00e3o de Salinas de Gortari, tarefa encomendada \u00e0 ex-governadora de \u201cesquerda\u201d Rosario Robles, hoje integrada desavergonhadamente ao Estado, encobrindo sua deser\u00e7\u00e3o para a desideologiza\u00e7\u00e3o. Assim como em 1988-1994, promoveram a coopta\u00e7\u00e3o massiva das organiza\u00e7\u00f5es sociais, restando a repress\u00e3o daquelas que resistirem. Fizeram com que as organiza\u00e7\u00f5es sociais perdessem sua independ\u00eancia e se integrassem com fun\u00e7\u00f5es coadjuvantes do Estado em mat\u00e9ria de assistencialismo social. O Governo de Pe\u00f1a Nieto buscar\u00e1 converter as organiza\u00e7\u00f5es sociais em organiza\u00e7\u00f5es paraestatais. Tudo com o \u00fanico objetivo de quebrar a resist\u00eancia contra a aplica\u00e7\u00e3o das medidas b\u00e1rbaras do capital contra a classe trabalhadora e os setores populares.<\/p>\n<p>Em mat\u00e9ria de seguran\u00e7a, o or\u00e7amento ser\u00e1 aumentado em pelo menos <a>5.194.000.000<\/a> de pesos, para seguir adquirindo armamentos e ve\u00edculos para continuar a chamada \u201cguerra contra o crime organizado\u201d, tudo isso, com o objetivo de dar continua\u00e7\u00e3o \u00e0\u00a0Iniciativa M\u00e9rida, sustentada em um discurso \u201cantiterrorista\u201d e \u201cantinarcotr\u00e1fico\u201d.<\/p>\n<p>\u201cPacto pelo M\u00e9xico\u201d, pacto contra os trabalhadores, pacto contra o M\u00e9xico<\/p>\n<p>A aspira\u00e7\u00e3o de Carlos Slim em 2005-2006, de uma plataforma de governo comum expressa no Pacto de Chapultepec, \u00e9 materializada agora por Pe\u00f1a Nieto. PRI, PAN e PRD assinaram o \u201cPacto pelo M\u00e9xico\u201d, um acordo comum para manter a governabilidade e buscar a estabiliza\u00e7\u00e3o em condi\u00e7\u00f5es de crise do sistema capitalista.<\/p>\n<p>Como oposi\u00e7\u00e3o org\u00e2nica, ou seja, a oposi\u00e7\u00e3o tolerada enquanto n\u00e3o proponha nada diferente, assinar\u00e1 o lista a MORENA, revivendo o oportunista Rafael Aguilar Talamantes, com o \u201cPartido Socialista do M\u00e9xico\u201d. Continuam buscando construir a imagem de que h\u00e1 democracia no M\u00e9xico, com seus comparsas.<\/p>\n<p>PRI-PAN-PRD demandam juntos, como na repress\u00e3o de Atenco, como na repress\u00e3o contra a APPO em Oaxaca. Trata-se de um bloco sombrio do poder dos monop\u00f3lios, um governo de coaliz\u00e3o de todas as for\u00e7as pol\u00edticas que mant\u00eam compromissos com os monop\u00f3lios mais poderosos do pa\u00eds com a miss\u00e3o de aplicar medidas econ\u00f4micas e pol\u00edticas selvagens frente \u00e0 crise. Para rach\u00e1-lo, para a derrota de sua pol\u00edtica, para sua derrocada n\u00e3o podemos voltar a confiar nas brigas de uma ala da burguesia contra outra, de um partido burgu\u00eas contra outro: somente poderosas mobiliza\u00e7\u00f5es, somente a express\u00e3o de um polo radical das classes oprimidas pode fazer frente a tal governo. Confiar em uma ou em outra ala da burguesia \u00e9 sentenciar a mobiliza\u00e7\u00e3o classista e popular \u00e0 derrota, \u00e9 perder tudo.<\/p>\n<p>Devemos opor a for\u00e7a unificada dos trabalhadores, porque, al\u00e9m de ser a continuidade dos anos anteriores, Pe\u00f1a Nieto traz o objetivo de perseguir o que lhe falta: a espolia\u00e7\u00e3o das terras comunais, a privatiza\u00e7\u00e3o da PEMEX e demais empresas do setor de energia, a privatiza\u00e7\u00e3o dos servi\u00e7os de sa\u00fade etc. etc.<\/p>\n<p>O Partido Comunista do M\u00e9xico trabalha pela cria\u00e7\u00e3o de uma frente da classe trabalhadora contra o poder dos monop\u00f3lios. Pe\u00f1a Nieto \u00e9 um inimigo dos trabalhadores e deve ser confrontado, na perspectiva da derrota do capitalismo. Essa \u00e9 nossa tarefa e nela nos empenhamos.<\/p>\n<p>Resumimos nossa t\u00e1tica para o per\u00edodo:<\/p>\n<p>Confrontar Pe\u00f1a Nieto sem alian\u00e7as com a socialdemocracia e o populismo.<\/p>\n<p>Estender a atividade do Partido nas frentes de massas para fortalec\u00ea-las, rumo \u00e0 derrocada do governo de coaliz\u00e3o e do poder dos monop\u00f3lios.<\/p>\n<p>Ligar cada demanda, cada resist\u00eancia com a quest\u00e3o do poder.<\/p>\n<p>Prolet\u00e1rios de todos os pa\u00edses, uni-vos!<\/p>\n<p>O Bir\u00f4 Pol\u00edtico do Comit\u00ea Central<\/p>\n<p>M\u00e9xico, DF 11 de dezembro de 2012<\/p>\n","protected":false},"excerpt":{"rendered":"\n\n\nPCM\n\n\n\n\n\n\n\n\nAbaixo Pe\u00f1a Nieto e o poder dos monop\u00f3lios!\n<a class=\"moretag\" href=\"https:\/\/pcb.org.br\/portal2\/4044\"> <\/a>","protected":false},"author":1,"featured_media":0,"comment_status":"open","ping_status":"open","sticky":false,"template":"","format":"standard","meta":{"jetpack_post_was_ever_published":false,"_jetpack_newsletter_access":"","_jetpack_dont_email_post_to_subs":false,"_jetpack_newsletter_tier_id":0,"_jetpack_memberships_contains_paywalled_content":false,"_jetpack_memberships_contains_paid_content":false,"footnotes":"","jetpack_publicize_message":"","jetpack_publicize_feature_enabled":true,"jetpack_social_post_already_shared":false,"jetpack_social_options":{"image_generator_settings":{"template":"highway","default_image_id":0,"font":"","enabled":false},"version":2}},"categories":[37],"tags":[],"class_list":["post-4044","post","type-post","status-publish","format-standard","hentry","category-c42-comunistas"],"jetpack_publicize_connections":[],"jetpack_featured_media_url":"","jetpack_shortlink":"https:\/\/wp.me\/p659gw-13e","jetpack-related-posts":[],"jetpack_likes_enabled":true,"jetpack_sharing_enabled":true,"_links":{"self":[{"href":"https:\/\/pcb.org.br\/portal2\/wp-json\/wp\/v2\/posts\/4044","targetHints":{"allow":["GET"]}}],"collection":[{"href":"https:\/\/pcb.org.br\/portal2\/wp-json\/wp\/v2\/posts"}],"about":[{"href":"https:\/\/pcb.org.br\/portal2\/wp-json\/wp\/v2\/types\/post"}],"author":[{"embeddable":true,"href":"https:\/\/pcb.org.br\/portal2\/wp-json\/wp\/v2\/users\/1"}],"replies":[{"embeddable":true,"href":"https:\/\/pcb.org.br\/portal2\/wp-json\/wp\/v2\/comments?post=4044"}],"version-history":[{"count":0,"href":"https:\/\/pcb.org.br\/portal2\/wp-json\/wp\/v2\/posts\/4044\/revisions"}],"wp:attachment":[{"href":"https:\/\/pcb.org.br\/portal2\/wp-json\/wp\/v2\/media?parent=4044"}],"wp:term":[{"taxonomy":"category","embeddable":true,"href":"https:\/\/pcb.org.br\/portal2\/wp-json\/wp\/v2\/categories?post=4044"},{"taxonomy":"post_tag","embeddable":true,"href":"https:\/\/pcb.org.br\/portal2\/wp-json\/wp\/v2\/tags?post=4044"}],"curies":[{"name":"wp","href":"https:\/\/api.w.org\/{rel}","templated":true}]}}