{"id":412,"date":"2010-04-22T21:46:25","date_gmt":"2010-04-22T21:46:25","guid":{"rendered":"http:\/\/pcb.org.br\/portal2\/?p=412"},"modified":"2010-04-22T21:46:25","modified_gmt":"2010-04-22T21:46:25","slug":"reflexoes-de-fidel-a-irmandade-entre-a-republica-bolivariana-e-cuba","status":"publish","type":"post","link":"https:\/\/pcb.org.br\/portal2\/412","title":{"rendered":"Reflex\u00f5es de Fidel: A irmandade entre a Rep\u00fablica Bolivariana e Cuba"},"content":{"rendered":"\n<p>Poucas vezes na vida, talvez nunca, conheci uma pessoa que tenha sido capaz de liderar uma Revolu\u00e7\u00e3o verdadeira e profunda durante mais de dez anos; sem um \u00fanico dia de descanso, em um territ\u00f3rio de menos de um milh\u00e3o de quil\u00f4metros quadrados, nesta regi\u00e3o do mundo colonizada pela pen\u00ednsula Ib\u00e9rica, que durante 300 anos dominou uma superf\u00edcie 20 vezes superior, de imensas riquezas, onde imp\u00f4s suas cren\u00e7as, sua l\u00edngua e sua cultura. N\u00e3o se poderia escrever hoje a hist\u00f3ria de nossa esp\u00e9cie no planeta ignorando o ocorrido neste hemisf\u00e9rio.<\/p>\n<p>Bol\u00edvar, por seu lado, n\u00e3o lutou s\u00f3 pela Venezuela. As \u00e1guas e as terras eram ent\u00e3o mais puras; as esp\u00e9cies variadas e abundantes; a energia contida em seu g\u00e1s e seu petr\u00f3leo, desconhecida. Duzentos anos atr\u00e1s, ao se iniciar a luta pela independ\u00eancia na Venezuela, n\u00e3o o fazia s\u00f3 pela independ\u00eancia nesse pa\u00eds, fazia-o pela de todos os povos do continente ainda colonizados.<\/p>\n<p>Bol\u00edvar sonhou em criar a maior Rep\u00fablica que tenha existido e cuja capital seria o istmo do Panam\u00e1.<\/p>\n<p>Em sua insuper\u00e1vel grandeza, O Libertador, com verdadeiro g\u00eanio revolucion\u00e1rio, foi capaz de pressagiar que os Estados Unidos \u2014 limitados originalmente ao territ\u00f3rio das treze col\u00f4nias inglesas\u2014 pareciam destinados a semearem de mis\u00e9ria a Am\u00e9rica, em nome da liberdade.<\/p>\n<p>Um fator que contribuiu para a luta da Am\u00e9rica Latina pela independ\u00eancia foi a invas\u00e3o da Espanha por Napole\u00e3o, quem com suas ambi\u00e7\u00f5es desmedidas contribuiu para criar as condi\u00e7\u00f5es prop\u00edcias para o in\u00edcio das lutas pela independ\u00eancia de nosso continente. A hist\u00f3ria da humanidade \u00e9 sinuosa e cheia de contradi\u00e7\u00f5es; e ao mesmo tempo, se torna cada vez mais complexa e dif\u00edcil.<\/p>\n<p>Nosso pa\u00eds fala com a autoridade moral de uma pequena na\u00e7\u00e3o que tem resistido mais de meio s\u00e9culo de brutal repress\u00e3o, por parte desse imp\u00e9rio previsto por Bol\u00edvar, o mais poderoso que jamais tenha existido. A imensa hipocrisia da sua pol\u00edtica e seu desprezo pelos demais povos o conduziram a situa\u00e7\u00f5es muito graves e perigosas. Entre outras consequ\u00eancias est\u00e3o as provas di\u00e1rias de cobardia e de cinismo, convertidas em pr\u00e1ticas cotidianas da pol\u00edtica internacional, j\u00e1 que a imensa maioria das pessoas honestas da Terra n\u00e3o tem a possibilidade alguma de dar a conhecer suas opini\u00f5es, nem de receber informa\u00e7\u00f5es fidedignas.<\/p>\n<p>A pol\u00edtica de princ\u00edpios e a honestidade com que sempre a Revolu\u00e7\u00e3o Cubana exp\u00f4s acertos e erros \u2014 e de modo especial determinadas normas de conduta nunca violadas ao longo de mais de 50 anos, como a de n\u00e3o torturar jamais um cidad\u00e3o\u2014 n\u00e3o conhece excep\u00e7\u00e3o alguma. Da mesma forma, nunca cedeu nem ceder\u00e1 ante a chantagem e o terror da m\u00eddia. S\u00e3o fatos hist\u00f3ricos mais que demonstrados. Trata-se de um tema sobre o que se poderia argumentar amplamente; hoje simplesmente o indicamos para explicar a raz\u00e3o da nossa amizade e nossa admira\u00e7\u00e3o pelo presidente bolivariano Hugo Ch\u00e1vez, um tema sobre o qual poderia me estender consideravelmente. Basta citar nesta ocasi\u00e3o alguns elementos para explicar por que afirmei que constitui um privil\u00e9gio conversar durante horas con ele.<\/p>\n<p>Ainda n\u00e3o tinha nascido quando do ataque ao quartel Moncada, em 26 de julho de 1953. Tinha menos de cinco anos quando do triunfo da Revolu\u00e7\u00e3o, em 1\u00ba de janeiro de 1959. Conheci-o em 1994, 35 anos depois, quando j\u00e1 tinha completado 40 anos. Pude observar a partir de ent\u00e3o seu desenvolvimento revolucion\u00e1rio durante quase 16 anos. Dotado de talento excepcional e leitor insaci\u00e1vel, posso testemunhar a sua capacidade para desenvolver e aprofundar as ideias revolucion\u00e1rias. Como em todo ser humano, o azar e as circunst\u00e2ncias desempenharam um papel decisivo no avan\u00e7o de suas ideias. \u00c9 not\u00e1vel sua capacidade de lembrar qualquer conceito e repeti-lo com incr\u00edvel precis\u00e3o muito tempo depois. \u00c9 um verdadeiro mestre no desenvolvimento e divulga\u00e7\u00e3o das ideias revolucion\u00e1rias. Possui o dom\u00ednio das mesmas e a arte de transmiti-las com espantosa eloqu\u00eancia. \u00c9 absolutamente honesto e sens\u00edvel com rela\u00e7\u00e3o \u00e0s pessoas, sumamente generoso por natureza. N\u00e3o necessita elogios e acostuma, em troca, prodig\u00e1-los generosamente. Quando n\u00e3o concordo com algum de seus pontos de vista ou qualquer decis\u00e3o sua, simplesmente transmito-lhe minha opini\u00e3o com sinceridade, no momento adequado e com o devido respeito a nossa amizade. Ao faz\u00ea-lo, sobretudo, levo em conta que \u00e9 hoje a pessoa que mais preocupa ao imp\u00e9rio, por sua capacidade de influir nas massas e pelos imensos recursos naturais de um pa\u00eds saqueado sem piedade, e a pessoa \u00e0 que com todo rigor golpeiam e tentam restar autoridade. Tanto o imp\u00e9rio como os mercen\u00e1rios a seu servi\u00e7o, intoxicados pelas mentiras e o consumismo, correm mais uma vez, o risco de subestim\u00e1-lo a ele e a seu heroico povo, mas n\u00e3o tenho a mais m\u00ednima d\u00favida de que mais uma vez receber\u00e3o uma li\u00e7\u00e3o inesquec\u00edvel. Mais de meio s\u00e9culo de luta me indica isso com toda clareza.<\/p>\n<p>Ch\u00e1vez leva a dial\u00e9tica dentro de si pr\u00f3prio. Nunca, em nenhuma \u00e9poca, nenhum governo fez tanto por seu povo, em t\u00e3o breve tempo. Satisfaz-me, de modo especial, transmitir a seu povo uma calorosa felicita\u00e7\u00e3o, ao se comemorar o 200\u00ba anivers\u00e1rio do in\u00edcio da luta pela independ\u00eancia da Venezuela e da Am\u00e9rica Latina. Quis o azar que em 19 de abril tamb\u00e9m se comemore a vit\u00f3ria da Revoluci\u00f3n contra o imperialismo na Ba\u00eda dos Porcos, h\u00e1 exatamente 49 anos. Desejamos partilhar dessa vit\u00f3ria com a p\u00e1tria de Bol\u00edvar.<\/p>\n<p>Satisfaz-me igualmente, cumprimentar todos os irm\u00e3os da ALBA.<\/p>\n<p><em>Fidel Castro Ruz<\/em><\/p>\n<p><em>Abril 18 de 2010<\/em><\/p>\n<p><em>19h24.<\/em><\/p>\n","protected":false},"excerpt":{"rendered":"\n\n\nCr\u00e9dito: ANNCOL_Brasil\n\n\n\n\nTive o privil\u00e9gio de conversar durante tr\u00eas horas, na quinta-feira 15 de abril, com o presidente da Rep\u00fablica Bolivariana da Venezuela, Hugo Ch\u00e1vez, quem teve a gentileza de visitar mais uma vez nosso pa\u00eds, desta vez vindo da Nicar\u00e1gua.\n<a class=\"moretag\" href=\"https:\/\/pcb.org.br\/portal2\/412\"> <\/a>","protected":false},"author":1,"featured_media":0,"comment_status":"open","ping_status":"open","sticky":false,"template":"","format":"standard","meta":{"jetpack_post_was_ever_published":false,"_jetpack_newsletter_access":"","_jetpack_dont_email_post_to_subs":false,"_jetpack_newsletter_tier_id":0,"_jetpack_memberships_contains_paywalled_content":false,"_jetpack_memberships_contains_paid_content":false,"footnotes":"","jetpack_publicize_message":"","jetpack_publicize_feature_enabled":true,"jetpack_social_post_already_shared":false,"jetpack_social_options":{"image_generator_settings":{"template":"highway","default_image_id":0,"font":"","enabled":false},"version":2}},"categories":[47],"tags":[],"class_list":["post-412","post","type-post","status-publish","format-standard","hentry","category-c57-revolucao-cubana"],"jetpack_publicize_connections":[],"jetpack_featured_media_url":"","jetpack_shortlink":"https:\/\/wp.me\/p659gw-6E","jetpack-related-posts":[],"jetpack_likes_enabled":true,"jetpack_sharing_enabled":true,"_links":{"self":[{"href":"https:\/\/pcb.org.br\/portal2\/wp-json\/wp\/v2\/posts\/412","targetHints":{"allow":["GET"]}}],"collection":[{"href":"https:\/\/pcb.org.br\/portal2\/wp-json\/wp\/v2\/posts"}],"about":[{"href":"https:\/\/pcb.org.br\/portal2\/wp-json\/wp\/v2\/types\/post"}],"author":[{"embeddable":true,"href":"https:\/\/pcb.org.br\/portal2\/wp-json\/wp\/v2\/users\/1"}],"replies":[{"embeddable":true,"href":"https:\/\/pcb.org.br\/portal2\/wp-json\/wp\/v2\/comments?post=412"}],"version-history":[{"count":0,"href":"https:\/\/pcb.org.br\/portal2\/wp-json\/wp\/v2\/posts\/412\/revisions"}],"wp:attachment":[{"href":"https:\/\/pcb.org.br\/portal2\/wp-json\/wp\/v2\/media?parent=412"}],"wp:term":[{"taxonomy":"category","embeddable":true,"href":"https:\/\/pcb.org.br\/portal2\/wp-json\/wp\/v2\/categories?post=412"},{"taxonomy":"post_tag","embeddable":true,"href":"https:\/\/pcb.org.br\/portal2\/wp-json\/wp\/v2\/tags?post=412"}],"curies":[{"name":"wp","href":"https:\/\/api.w.org\/{rel}","templated":true}]}}