{"id":414,"date":"2010-04-23T17:44:52","date_gmt":"2010-04-23T17:44:52","guid":{"rendered":"http:\/\/pcb.org.br\/portal2\/?p=414"},"modified":"2010-04-23T17:44:52","modified_gmt":"2010-04-23T17:44:52","slug":"a-carta-da-terra-manifesto-mundial-em-defesa-do-planeta-cochamba-abril","status":"publish","type":"post","link":"https:\/\/pcb.org.br\/portal2\/414","title":{"rendered":"A carta da terra"},"content":{"rendered":"\n<p>Um dos grandes desafios do movimento pela sustentabilidade \u00e9 tomar o cuidado para n\u00e3o \u201creinventar a roda\u201d a cada desafio que encontra. Muitas pessoas, organiza\u00e7\u00f5es e empresas que est\u00e3o buscando ter um comportamento mais sustent\u00e1vel, ou seja, ambientalmente correto, socialmente correto e economicamente justo, tem dificuldade em saber por onde come\u00e7ar.<\/p>\n<p>A <strong>Carta da Terra<\/strong> \u00e9 o melhor lugar para come\u00e7ar. \u00c9 um documento que envolveu milhares de pessoas e organiza\u00e7\u00f5es em sua reda\u00e7\u00e3o e reflete o importante compromisso que deve haver entre as gera\u00e7\u00f5es.<\/p>\n<p>A <strong>Carta da Terra<\/strong> \u00e9 uma declara\u00e7\u00e3o de princ\u00edpios \u00e9ticos fundamentais para a constru\u00e7\u00e3o, no s\u00e9culo 21, de uma sociedade global justa, sustent\u00e1vel e pac\u00edfica. Busca inspirar todos os povos a um novo sentido de interdepend\u00eancia global e responsabilidade compartilhada voltado para o bem-estar de toda a fam\u00edlia humana, da grande comunidade da vida e das futuras gera\u00e7\u00f5es. \u00c9 uma vis\u00e3o de esperan\u00e7a e um chamado \u00e0 a\u00e7\u00e3o.<\/p>\n<p><strong>Eis o texto da Carta da Terra.<\/strong><\/p>\n<p><strong>CARTA DA TERRA<\/strong><\/p>\n<p><strong>PRE\u00c2MBULO<\/strong><\/p>\n<p>Estamos num momento cr\u00edtico da hist\u00f3ria da Terra, numa \u00e9poca em que a humanidade tem de escolher o seu futuro. \u00c0 medida que o mundo se torna cada vez mais interdependente e fr\u00e1gil, o futuro encerra, ao mesmo tempo, grandes perigos e grandes promessas. Para avan\u00e7ar, devemos reconhecer que, no meio de uma magn\u00edfica diversidade de culturas e formas de vida, somos uma fam\u00edlia humana, e uma s\u00f3 comunidade na Terra, com um destino comum. Devemos conjugar for\u00e7as para gerar uma sociedade global sustent\u00e1vel, baseada no respeito pela natureza, nos direitos humanos universais, na justi\u00e7a econ\u00f3mica, e numa cultura da paz. Para alcan\u00e7ar este prop\u00f3sito, \u00e9 imperativo que n\u00f3s, os povos da Terra, declaremos a nossa responsabilidade uns para os outros, para com a grande comunidade da vida, e para com as gera\u00e7\u00f5es futuras.<\/p>\n<p><strong>Terra, a Nossa Casa<\/strong><\/p>\n<p>A humanidade \u00e9 parte de um vasto universo em evolu\u00e7\u00e3o. A Terra, a nossa casa, est\u00e1 viva como comunidade de vida \u00fanica. As for\u00e7as da natureza fazem da sobreviv\u00eancia uma aventura exigente e incerta, mas a Terra providenciou as condi\u00e7\u00f5es essenciais para a evolu\u00e7\u00e3o da vida. A capacidade de recupera\u00e7\u00e3o das comunidades vivas, e o bem-estar da humanidade, dependem da manuten\u00e7\u00e3o de uma biosfera saud\u00e1vel em todos os seus sistemas ecol\u00f3gicos, uma enorme diversidade de plantas e animais, solos f\u00e9rteis, \u00e1guas puras e ar limpo. O ambiente global com seus recursos n\u00e3o renov\u00e1veis, \u00e9 uma preocupa\u00e7\u00e3o comum a todas as pessoas. A protec\u00e7\u00e3o da beleza, diversidade e vitalidade da Terra \u00e9 um dever sagrado.<\/p>\n<p><strong>A Situa\u00e7\u00e3o Global<\/strong><\/p>\n<p>Os padr\u00f5es dominantes de produ\u00e7\u00e3o e consumo est\u00e3o a provocar a devasta\u00e7\u00e3o dos ecossistemas, a redu\u00e7\u00e3o dr\u00e1stica dos recursos, e uma explosiva extin\u00e7\u00e3o de esp\u00e9cies. As comunidades est\u00e3o a ser minadas. Os benef\u00edcios do desenvolvimento n\u00e3o s\u00e3o partilhados equitativamente, e o fosso entre ricos e pobres aumenta colossalmente. A injusti\u00e7a, a pobreza, a iletracia e os conflitos armados t\u00eam aumentado, e s\u00e3o a causa de muitos sofrimentos. O crescimento sem precedentes da popula\u00e7\u00e3o humana tem sobrecarregado os sistemas ecol\u00f3gicos e sociais.<\/p>\n<p>As bases da seguran\u00e7a global est\u00e3o amea\u00e7adas. Essas tend\u00eancias s\u00e3o perigosas mas evit\u00e1veis.<\/p>\n<p><strong>Desafios para o futuro<\/strong><\/p>\n<p>A escolha \u00e9 nossa: formar uma alian\u00e7a global para cuidar da Terra e uns dos outros, ou p\u00f4r em risco a nossa exist\u00eancia e a da diversidade da vida. S\u00e3o necess\u00e1rias mudan\u00e7as fundamentais nos nossos valores, institui\u00e7\u00f5es e modos de vida. Devemos entender que, quando as necessidades b\u00e1sicas estiverem ao alcance de todos, o desenvolvimento humano estar\u00e1 voltado, primariamente, a ser mais e n\u00e3o a ter mais. Temos o conhecimento e a tecnologia necess\u00e1rios para abastecer todos e reduzir os impactes sobre o ambiente. O crescimento de uma sociedade civil global est\u00e1 a criar novas oportunidades para construir um mundo democr\u00e1tico e humano. Os nossos desafios em quest\u00f5es ambientais, econ\u00f3micas, pol\u00edticas, sociais e espirituais est\u00e3o interligados, e juntos podemos estabelecer solu\u00e7\u00f5es que incluam todos estes aspectos.<\/p>\n<p><strong>Responsabilidade Universal<\/strong><\/p>\n<p>Para aceitarmos estas aspira\u00e7\u00f5es, devemos decidir viver com um sentido de responsabilidade universal, identificando-nos com toda a comunidade global, bem como com as nossas comunidades locais. Somos, ao mesmo tempo, cidad\u00e3os de na\u00e7\u00f5es diferentes e do mundo, no qual as dimens\u00f5es local e global est\u00e3o ligadas. Cada um partilha da responsabilidade pelo bem-estar actual, e o futuro da humanidade e de todo o mundo vivo. O esp\u00edrito de solidariedade humana e de parentesco com todas as formas de vida \u00e9 fortalecido quando vivemos com rever\u00eancia pelo mist\u00e9rio da exist\u00eancia, com gratid\u00e3o pelo dom da vida, e com humildade, considerando o lugar que ocupa o ser humano da Natureza.<\/p>\n<p>Necessitamos urgentemente de uma vis\u00e3o conjunta de valores b\u00e1sicos, para proporcionar um fundamento \u00e9tico \u00e0 comunidade global emergente. Por isso, juntos na esperan\u00e7a, afirmamos os seguintes princ\u00edpios, todos interdependentes, visando um modo de vida sustent\u00e1vel como objectivo comum, atrav\u00e9s dos quais a conduta de todos os indiv\u00edduos, organiza\u00e7\u00f5es, empresas, governos e institui\u00e7\u00f5es transnacionais ser\u00e1 guiada e avaliada.<\/p>\n<p><strong>PRINC\u00cdPIOS<\/strong><\/p>\n<p><strong>I. RESPEITAR E CUIDAR A COMUNIDADE DA VIDA<\/strong><\/p>\n<p>1. Respeitar a Terra e a vida em toda a sua diversidade.<\/p>\n<p>a) Reconhecer que todos os seres est\u00e3o interligados e que cada forma de vida tem valor, independentemente da sua utilidade para os seres humanos.<\/p>\n<p>b) Afirmar a f\u00e9 na dignidade inerente de todos os seres humanos e no potencial intelectual, art\u00edstico, \u00e9tico e espiritual da humanidade.<\/p>\n<p>\u00a0<\/p>\n<p>2. Cuidar da comunidade da vida com compreens\u00e3o, compaix\u00e3o e amor.<\/p>\n<p>a) Aceitar que, com o direito de possuir, administrar e usar os recursos naturais, vem o dever de impedir danos causados ao ambiente, e de proteger os direitos das pessoas.<\/p>\n<p>b) Assumir que o aumento da liberdade, dos conhecimentos e do poder implica aumento da responsabilidade na promo\u00e7\u00e3o do bem comum.<\/p>\n<p>3. Construir sociedades democr\u00e1ticas que sejam justas, participativas, sustent\u00e1veis e pac\u00edficas.<\/p>\n<p>a) Assegurar que as comunidades, a todos os n\u00edveis, garantam os direitos humanos e as liberdades fundamentais, e proporcionem a cada um a oportunidade de usar o seu potencial.<\/p>\n<p>b) Promover a justi\u00e7a econ\u00f3mica e social, proporcionando a todos alcan\u00e7ar uma subsist\u00eancia significativa e segura, que seja ecologicamente respons\u00e1vel.<\/p>\n<p>4. Garantir as d\u00e1divas e a beleza da Terra para as atuais e as futuras gera\u00e7\u00f5es.<\/p>\n<p>a) Reconhecer que a liberdade de ac\u00e7\u00e3o de cada gera\u00e7\u00e3o \u00e9 condicionada pelas necessidades das gera\u00e7\u00f5es futuras.<\/p>\n<p>b) Transmitir \u00e0s futuras gera\u00e7\u00f5es valores, tradi\u00e7\u00f5es e institui\u00e7\u00f5es que apoiem, a longo prazo, a prosperidade das comunidades humanas e ecol\u00f3gicas da Terra.<\/p>\n<p>Para poder cumprir estes quatro grandes compromissos, \u00e9 necess\u00e1rio:<\/p>\n<p><strong>II. INTEGRIDADE ECOL\u00d3GICA<\/strong><\/p>\n<p>5. Proteger e repor a integridade dos sistemas ecol\u00f3gicos da Terra, com especial preocupa\u00e7\u00e3o pela diversidade biol\u00f3gica, e pelos processos naturais que sustentam a vida.<\/p>\n<p>a) Adoptar planos e estrat\u00e9gias de desenvolvimento sustent\u00e1vel, a todos os n\u00edveis, que fa\u00e7am com que a conserva\u00e7\u00e3o ambiental e a reabilita\u00e7\u00e3o sejam parte integrante de todas as iniciativas de desenvolvimento.<\/p>\n<p>b) Estabelecer e proteger de forma vi\u00e1vel as reservas naturais e a biosfera, incluindo regi\u00f5es selvagens e \u00e1reas marinhas, para proteger os sistemas de sustento \u00e0 vida da Terra, manter a biodiversidade e preservar a nossa heran\u00e7a natural.<\/p>\n<p>c) Promover a recupera\u00e7\u00e3o de esp\u00e9cies e de ecossistemas amea\u00e7ados.<\/p>\n<p>d) Controlar e erradicar organismos n\u00e3o-nativos ou geneticamente modificados que causem dano \u00e0s esp\u00e9cies nativas, ao ambiente, e prevenir a introdu\u00e7\u00e3o desses organismos.<\/p>\n<p>e) Gerir o uso de recursos renov\u00e1veis como a \u00e1gua, o solo, os produtos florestais e vida marinha de uma forma que n\u00e3o ultrapasse as taxas de regenera\u00e7\u00e3o e que protejam a sa\u00fade dos ecossistemas.<\/p>\n<p>f) Gerir a extrac\u00e7\u00e3o e o uso de recursos n\u00e3o-renov\u00e1veis, como minerais e combust\u00edveis f\u00f3sseis por forma a que diminuam a exaust\u00e3o e n\u00e3o causem dano ambiental grave.<\/p>\n<p>6. Prevenir os impactes negativos para o ambiente como o melhor m\u00e9todo de prote\u00e7\u00e3o ambiental e, quando o conhecimento for limitado, assumir uma abordagem de precau\u00e7\u00e3o.<\/p>\n<p>a) Orientar ac\u00e7\u00f5es para evitar a possibilidade de s\u00e9rios ou irrevers\u00edveis danos ambientais, mesmo quando a informa\u00e7\u00e3o cient\u00edfica for incompleta ou inconclusiva.<\/p>\n<p>b) Impor o \u00f3nus da prova \u00e0queles que afirmarem que a actividade proposta n\u00e3o causar\u00e1 dano significativo, e responsabilizar as partes pelos danos causados no ambiente.<\/p>\n<p>c) Garantir que a decis\u00e3o a ser tomada se oriente pelas consequ\u00eancias humanas globais, cumulativas, de longo prazo, indirectas e de longo alcance.<\/p>\n<p>d) Impedir a polui\u00e7\u00e3o de qualquer parte do ambiente, e n\u00e3o permitir o aumento de produ\u00e7\u00e3o de subst\u00e2ncias radioactivas, t\u00f3xicas ou outras subst\u00e2ncias perigosas.<\/p>\n<p>e) Evitar que o ambiente seja danificado por actividades militares.<\/p>\n<p>7. Adotar padr\u00f5es de produ\u00e7\u00e3o, consumo e reprodu\u00e7\u00e3o que protejam as capacidades regenerativas da Terra, os direitos humanos e o bem-estar comunit\u00e1rio.<\/p>\n<p>a) Reduzir, reutilizar e reciclar materiais usados nos sistemas de produ\u00e7\u00e3o e consumo e garantir que os res\u00edduos possam ser assimilados pelos sistemas ecol\u00f3gicos<\/p>\n<p>b) Atuar com restri\u00e7\u00e3o e efici\u00eancia em rela\u00e7\u00e3o ao consumo energ\u00e9tico e recorrer cada vez mais aos recursos energ\u00e9ticos renov\u00e1veis, como a energia solar e a e\u00f3lica.<\/p>\n<p>c) Promover o desenvolvimento, a ado\u00e7\u00e3o e a transfer\u00eancia equitativa de tecnologias ambientais seguras.<\/p>\n<p>d) Incluir totalmente os custos ambientais e sociais de bens e servi\u00e7os no pre\u00e7o de venda, e habilitar os consumidores a identificar produtos que satisfa\u00e7am as mais altas normas sociais e ambientais.<\/p>\n<p>e) Garantir acesso universal aos cuidados m\u00e9dicos que fomentem a sa\u00fade reprodutiva e a reprodu\u00e7\u00e3o respons\u00e1vel.<\/p>\n<p>f) Adoptar modos de vida que acentuem a qualidade de vida e a subsist\u00eancia material num mundo finito.<\/p>\n<p>8. Desenvolver o estudo da sustentabilidade ecol\u00f3gica e promover a permuta aberta e a ampla aplica\u00e7\u00e3o do conhecimento adquirido.<\/p>\n<p>a) Apoiar a coopera\u00e7\u00e3o cient\u00edfica e tecnol\u00f3gica internacional relacionada com a sustentabilidade, com especial aten\u00e7\u00e3o \u00e0s necessidades das na\u00e7\u00f5es em desenvolvimento.<\/p>\n<p>b) Reconhecer e preservar os conhecimentos tradicionais e a sabedoria espiritual, em todas as culturas, que contribuam para a protec\u00e7\u00e3o ambiental e o bem-estar humano.<\/p>\n<p>c) Garantir que informa\u00e7\u00f5es de vital import\u00e2ncia para a sa\u00fade humana e para a protec\u00e7\u00e3o ambiental, incluindo informa\u00e7\u00e3o gen\u00e9tica, estejam dispon\u00edveis no dom\u00ednio p\u00fablico.<\/p>\n<p><strong>III. JUSTI\u00c7A SOCIAL E ECON\u00d3MICA<\/strong><\/p>\n<p>9. Erradicar a pobreza como um imperativo \u00e9tico, social e ambiental.<\/p>\n<p>a) Garantir o direito \u00e0 \u00e1gua pot\u00e1vel, ao ar puro, \u00e0 seguran\u00e7a alimentar, aos solos n\u00e3o contaminados, ao abrigo e saneamento seguro, distribuindo os necess\u00e1rios recursos nacionais e internacionais.<\/p>\n<p>b) Proporcionar educa\u00e7\u00e3o e recursos a cada ser humano, para assegurar uma subsist\u00eancia sustent\u00e1vel, e proporcionar seguran\u00e7a social, e rendimentos sociais a todos aqueles que n\u00e3o capazes de manter-se por conta pr\u00f3pria.<\/p>\n<p>c) Reconhecer os ignorados, proteger os vulner\u00e1veis, servir aqueles que sofrem, e permitir-lhes desenvolver as suas capacidades e alcan\u00e7ar as suas aspira\u00e7\u00f5es.<\/p>\n<p>10. Garantir que as actividades e institui\u00e7\u00f5es econ\u00f3micas, a todos os n\u00edveis, promovam o desenvolvimento humano de forma equitativa e sustent\u00e1vel.<\/p>\n<p>a) Promover a distribui\u00e7\u00e3o equitativa da riqueza internamente e entre as na\u00e7\u00f5es.<\/p>\n<p>b) Promover o desenvolvimento dos recursos intelectuais, financeiros, t\u00e9cnicos e sociais das na\u00e7\u00f5es em desenvolvimento, e isent\u00e1-las de d\u00edvidas internacionais onerosas.<\/p>\n<p>c) Garantir que todas as transac\u00e7\u00f5es comerciais apoiem o uso de recursos<\/p>\n<p>sustent\u00e1veis, a protec\u00e7\u00e3o ambiental e normas laborais progressistas.<\/p>\n<p>d) Exigir que corpora\u00e7\u00f5es multinacionais e organiza\u00e7\u00f5es financeiras internacionais atuem com transpar\u00eancia em benef\u00edcio do bem comum, e responsabiliz\u00e1-las, pelas consequ\u00eancias das suas atividades.<\/p>\n<p>11. Afirmar a igualdade e a equidade entre sexos como pr\u00e9-requisito para o desenvolvimento sustent\u00e1vel e assegurar o acesso universal \u00e0 educa\u00e7\u00e3o, assist\u00eancia na sa\u00fade e \u00e0s oportunidades econ\u00f3micas.<\/p>\n<p>a) Assegurar os direitos humanos das mulheres e das jovens e acabar com toda a viol\u00eancia contra elas.<\/p>\n<p>b) Promover a participa\u00e7\u00e3o ativa das mulheres em todos os aspectos da vida econ\u00f4mica, pol\u00edtica, civil, social e cultural, como parceiras plenas e parit\u00e1rias, decisoras, l\u00edderes e benefici\u00e1rias.<\/p>\n<p>c) Fortalecer as fam\u00edlias, e garantir a seguran\u00e7a e a educa\u00e7\u00e3o de todos os membros da fam\u00edlia.<\/p>\n<p>12. Defender, sem discrimina\u00e7\u00e3o, os direitos de todas as pessoas a um ambiente natural e social capaz de assegurar a dignidade humana, a sa\u00fade corporal e o bem-estar ps\u00edquico, concedendo especial aten\u00e7\u00e3o aos direitos dos povos ind\u00edgenas e das minorias.<\/p>\n<p>a) Eliminar a discrimina\u00e7\u00e3o em todas as suas formas, como baseadas em ra\u00e7a, cor, sexo, orienta\u00e7\u00e3o sexual, religi\u00e3o, idioma e origem nacional, \u00e9tnica ou social.<\/p>\n<p>b) Afirmar o direito dos povos ind\u00edgenas \u00e0 sua espiritualidade, educa\u00e7\u00e3o, terras e recursos, assim como \u00e0s suas pr\u00e1ticas, relacionadas com formas sustent\u00e1veis de vida.<\/p>\n<p>c) Honrar e apoiar os jovens das nossas comunidades, habilitando-os a cumprir o seu papel essencial na cria\u00e7\u00e3o de sociedades sustent\u00e1veis.<\/p>\n<p>d) Proteger e restaurar lugares not\u00e1veis pelo significado cultural e espiritual.<\/p>\n<p>14. Integrar, na educa\u00e7\u00e3o formal e na aprendizagem ao longo da vida, os conhecimentos, valores e capacidades necess\u00e1rias para um modo de vida sustent\u00e1vel.<\/p>\n<p>a) Oferecer a todos, especialmente \u00e0s crian\u00e7as e aos jovens, oportunidades de educa\u00e7\u00e3o que lhes permitam contribuir activamente para o desenvolvimento sustent\u00e1vel.<\/p>\n<p>b) Promover a contribui\u00e7\u00e3o das artes e humanidades, assim como das ci\u00eancias, na Educa\u00e7\u00e3o para a sustentabilidade.<\/p>\n<p>c) Intensificar o papel dos m\u00e9dia no sentido de aumentar a sensibiliza\u00e7\u00e3o para os desafios ecol\u00f3gicos e sociais.<\/p>\n<p>d) Reconhecer a import\u00e2ncia da educa\u00e7\u00e3o moral e espiritual para uma subsist\u00eancia sustent\u00e1vel.<\/p>\n<p>15. Tratar todos os seres vivos com respeito e considera\u00e7\u00e3o<\/p>\n<p>a) Impedir maus tratos aos animais integrados em sociedades humanas e proteg\u00ea-los de sofrimentos.<\/p>\n<p>b) Proteger animais selvagens de m\u00e9todos de ca\u00e7a, armadilhas e pesca, que causem sofrimento extremo, prolongado ou evit\u00e1vel.<\/p>\n<p>c) Eliminar ou evitar at\u00e9 ao m\u00e1ximo poss\u00edvel a captura ou destrui\u00e7\u00e3o de esp\u00e9cies n\u00e3o visadas.<\/p>\n<p>16. Promover uma cultura de toler\u00e2ncia, n\u00e3o viol\u00eancia e paz<\/p>\n<p>a) Estimular e apoiar o entendimento m\u00fatuo, a solidariedade e a coopera\u00e7\u00e3o entre todas as pessoas, internamente e entre as na\u00e7\u00f5es.<\/p>\n<p>b) Implementar estrat\u00e9gias amplas para prevenir conflitos armados e usar a colabora\u00e7\u00e3o na resolu\u00e7\u00e3o de problemas para manejar e resolver conflitos ambientais e outras disputas.<\/p>\n<p>c) Desmilitarizar os sistemas de seguran\u00e7a nacional at\u00e9 chegar ao n\u00edvel de uma postura n\u00e3o-provocativa da defesa, e converter os recursos militares em prop\u00f3sitos pac\u00edficos, incluindo restaura\u00e7\u00e3o ecol\u00f3gica.<\/p>\n<p>d) Eliminar armas nucleares, biol\u00f3gicas e t\u00f3xicas e outras armas de destrui\u00e7\u00e3o em massa.<\/p>\n<p>e) Assegurar que o uso do espa\u00e7o orbital e c\u00f3smico mantenha a protec\u00e7\u00e3o ambiental e paz.<\/p>\n<p>g) Reconhecer que a paz \u00e9 a plenitude criada por rela\u00e7\u00f5es correctas consigo mesmo, com outras pessoas, outras culturas, outras vidas, com a Terra e com a universalidade da qual somos parte.<\/p>\n<p><strong>O CAMINHO EM FRENTE<\/strong><\/p>\n<p>Como nunca antes na hist\u00f3ria, o destino comum chama-nos para encontrar um novo come\u00e7o. Tal renova\u00e7\u00e3o \u00e9 a promessa dos princ\u00edpios da Carta da Terra. Para cumprir esta promessa, temos que nos comprometer a adoptar e promover os valores e objectivos da Carta.<\/p>\n<p>Isto requer uma mudan\u00e7a na mente e no cora\u00e7\u00e3o. Requer um novo sentido de interdepend\u00eancia global e de responsabilidade universal. Devemos desenvolver e aplicar com imagina\u00e7\u00e3o a vis\u00e3o de um modo de vida sustent\u00e1vel aos n\u00edveis local, nacional, regional e global. A nossa diversidade cultural \u00e9 uma heran\u00e7a preciosa, e diferentes culturas encontrar\u00e3o as suas pr\u00f3prias e distintas formas de concretizar esta vis\u00e3o. Devemos aprofundar e expandir o di\u00e1logo global gerado pela Carta da Terra, porque temos muito que aprender a partir da busca iminente e conjunta pela verdade e pela sabedoria.<\/p>\n<p>A vida muitas vezes envolve tens\u00f5es entre valores importantes. Isto pode significar escolhas dif\u00edceis. Por\u00e9m, necessitamos encontrar caminhos para harmoniosamente conjugar diversidade com unidade, o exerc\u00edcio da liberdade com o bem comum, objectivos de curto prazo com metas de longo prazo. Todo o indiv\u00edduo, fam\u00edlia, organiza\u00e7\u00e3o e comunidade t\u00eam um papel vital a desempenhar. As artes, as ci\u00eancias, as religi\u00f5es, as institui\u00e7\u00f5es educativas, os meios de comunica\u00e7\u00e3o, as empresas, as organiza\u00e7\u00f5es n\u00e3o-governamentais e os governos s\u00e3o todos chamados a oferecer uma lideran\u00e7a criativa. A parceria entre governo, sociedade civil e empresas \u00e9 essencial para uma governabilidade eficaz.<\/p>\n<p>Para construir uma comunidade global sustent\u00e1vel, as na\u00e7\u00f5es do mundo devem renovar o seu compromisso com as Na\u00e7\u00f5es Unidas, cumprir as suas obriga\u00e7\u00f5es respeitando os acordos internacionais existentes e apoiar a implementa\u00e7\u00e3o dos princ\u00edpios da Carta da Terra como um instrumento internacional legalmente unificador quanto ao ambiente e ao desenvolvimento.<\/p>\n<p>Que o nosso tempo seja lembrado pelo despertar de uma nova venera\u00e7\u00e3o face \u00e0 vida, pelo compromisso firme de alcan\u00e7ar a sustentabilidade, a intensifica\u00e7\u00e3o da luta pela justi\u00e7a e pela paz, e a alegre celebra\u00e7\u00e3o da vida.<\/p>\n","protected":false},"excerpt":{"rendered":"\n\n\nCr\u00e9dito: www.cartadaterrabrasil.org\n\n\n\n\nA Carta da Terra. Manifesto mundial em defesa do planeta. Cochamba.\n<a class=\"moretag\" href=\"https:\/\/pcb.org.br\/portal2\/414\"> <\/a>","protected":false},"author":1,"featured_media":0,"comment_status":"open","ping_status":"open","sticky":false,"template":"","format":"standard","meta":{"jetpack_post_was_ever_published":false,"_jetpack_newsletter_access":"","_jetpack_dont_email_post_to_subs":false,"_jetpack_newsletter_tier_id":0,"_jetpack_memberships_contains_paywalled_content":false,"_jetpack_memberships_contains_paid_content":false,"footnotes":"","jetpack_publicize_message":"","jetpack_publicize_feature_enabled":true,"jetpack_social_post_already_shared":false,"jetpack_social_options":{"image_generator_settings":{"template":"highway","default_image_id":0,"font":"","enabled":false},"version":2}},"categories":[68],"tags":[],"class_list":["post-414","post","type-post","status-publish","format-standard","hentry","category-c81-ecologia"],"jetpack_publicize_connections":[],"jetpack_featured_media_url":"","jetpack_shortlink":"https:\/\/wp.me\/p659gw-6G","jetpack-related-posts":[],"jetpack_likes_enabled":true,"jetpack_sharing_enabled":true,"_links":{"self":[{"href":"https:\/\/pcb.org.br\/portal2\/wp-json\/wp\/v2\/posts\/414","targetHints":{"allow":["GET"]}}],"collection":[{"href":"https:\/\/pcb.org.br\/portal2\/wp-json\/wp\/v2\/posts"}],"about":[{"href":"https:\/\/pcb.org.br\/portal2\/wp-json\/wp\/v2\/types\/post"}],"author":[{"embeddable":true,"href":"https:\/\/pcb.org.br\/portal2\/wp-json\/wp\/v2\/users\/1"}],"replies":[{"embeddable":true,"href":"https:\/\/pcb.org.br\/portal2\/wp-json\/wp\/v2\/comments?post=414"}],"version-history":[{"count":0,"href":"https:\/\/pcb.org.br\/portal2\/wp-json\/wp\/v2\/posts\/414\/revisions"}],"wp:attachment":[{"href":"https:\/\/pcb.org.br\/portal2\/wp-json\/wp\/v2\/media?parent=414"}],"wp:term":[{"taxonomy":"category","embeddable":true,"href":"https:\/\/pcb.org.br\/portal2\/wp-json\/wp\/v2\/categories?post=414"},{"taxonomy":"post_tag","embeddable":true,"href":"https:\/\/pcb.org.br\/portal2\/wp-json\/wp\/v2\/tags?post=414"}],"curies":[{"name":"wp","href":"https:\/\/api.w.org\/{rel}","templated":true}]}}