{"id":4205,"date":"2013-01-20T20:51:00","date_gmt":"2013-01-20T20:51:00","guid":{"rendered":"http:\/\/pcb.org.br\/portal2\/?p=4205"},"modified":"2013-01-20T20:51:00","modified_gmt":"2013-01-20T20:51:00","slug":"saudacao-ao-aniversario-de-fundacao-do-pcb","status":"publish","type":"post","link":"https:\/\/pcb.org.br\/portal2\/4205","title":{"rendered":"SAUDA\u00c7\u00c3O AO ANIVERS\u00c1RIO DE FUNDA\u00c7\u00c3O DO PCB"},"content":{"rendered":"\n<p>A emblem\u00e1tica data de 17 de janeiro de 1950 est\u00e1 registrada no calend\u00e1rio sociopol\u00edtico de nosso pa\u00eds como o significativo acontecimento hist\u00f3rico que abriu o canal para a organiza\u00e7\u00e3o revolucion\u00e1ria dos trabalhadores bolivianos, muito al\u00e9m de suas reivindica\u00e7\u00f5es econ\u00f4micas, com um projeto de poder que constitui a Revolu\u00e7\u00e3o Democr\u00e1tica, Popular, Antiolig\u00e1rquica e Anti-imperialista, como caminho para a liberta\u00e7\u00e3o nacional e social.<\/p>\n<p>Ap\u00f3s a experi\u00eancia frustrada de 1952, do ciclo reacion\u00e1rio de ditaduras militares e da abertura democr\u00e1tica da UDP, foi imposto o modelo neoliberal do capitalismo dependente por duas d\u00e9cadas. At\u00e9 que, impulsionada pela luta da classe oper\u00e1ria, do campesinato, das nacionalidades nativas e das camadas m\u00e9dias empobrecidas, possibilitou-se a emerg\u00eancia de uma nova realidade, na qual vivemos a partir de 2006.<\/p>\n<p>O Partido acumulou uma valiosa trajet\u00f3ria de luta a servi\u00e7o do povo e de suas mais caras aspira\u00e7\u00f5es. N\u00e3o s\u00f3 conservamos como desenvolvemos tais pretens\u00f5es, enfrentando os desafios colocados pela atual correla\u00e7\u00e3o de for\u00e7as a n\u00edvel nacional e internacional. A Bol\u00edvia est\u00e1 imersa em um contexto continental do qual n\u00e3o podemos escapar. Nosso compromisso internacionalista reclama maior solidariedade com a Revolu\u00e7\u00e3o Cubana e os cinco her\u00f3is antiterroristas presos nos Estados Unidos, com a Revolu\u00e7\u00e3o Bolivariana da Venezuela e seu l\u00edder Comandante Hugo Ch\u00e1vez, com as grandes mobiliza\u00e7\u00f5es planet\u00e1rias contra a crise do sistema capitalista e com a luta pela paz promovida por povos agredidos pelo imp\u00e9rio e seus lacaios, como a S\u00edria, que se apresentam como combatentes e resistentes.<\/p>\n<p>Hoje, tendo como motivo o 63\u00b0 anivers\u00e1rio de funda\u00e7\u00e3o de nosso Partido, requeremos da milit\u00e2ncia e dos simpatizantes \u00e0 causa do socialismo, a necess\u00e1ria e indispens\u00e1vel coes\u00e3o em torno do avan\u00e7o do processo de transforma\u00e7\u00f5es para maiores mudan\u00e7as estruturais.<\/p>\n<p>A contribui\u00e7\u00e3o a este empenho est\u00e1 comprovada pela trajet\u00f3ria democr\u00e1tica e antiditatorial que custou aos comunistas persegui\u00e7\u00f5es, confinamentos, torturas, ex\u00edlios e vidas t\u00e3o valiosas, como a do l\u00edder mineiro Rosendo Garc\u00eda, do intelectual Roberto Alvarado e o exemplo de integridade revolucion\u00e1ria do ex-Secret\u00e1rio Executivo da Central Oper\u00e1ria Boliviana, camarada Sim\u00f3n Reyes.<\/p>\n<p>Assim, \u00e9 necess\u00e1rio a milit\u00e2ncia reafirmar nossa identidade e unidade ideol\u00f3gica, pol\u00edtica e org\u00e2nica, al\u00e9m de redobrar esfor\u00e7os para organizar as massas e nossos quadros com o centralismo democr\u00e1tico, a disciplina consciente, a dire\u00e7\u00e3o coletiva, a cr\u00edtica e autocr\u00edtica, que s\u00e3o raz\u00e3o de ser de toda coletividade do campo popular. Ao cerrar fileiras consciente e unitariamente, buscamos incentivar o aprofundamento revolucion\u00e1rio do caminho da emancipa\u00e7\u00e3o que o povo boliviano decidiu recorrer e sustentar pela dignidade, soberania e justi\u00e7a social. Assim, n\u00f3s comunistas bolivianos deixamos reafirmamos a linha que sempre capitaneou nossos atos na vida militante.<\/p>\n<p><em>PELO RESGATE DA P\u00c1TRIA, RUMO AO SOCIALISMO!<\/em><\/p>\n<p><em>La Paz, 17 de janeiro de 2013.<\/em><\/p>\n<p>Comiss\u00e3o Pol\u00edtica<\/p>\n<p><strong>PARTIDO COMUNISTA DA BOL\u00cdVIA<\/strong><\/p>\n<p>Tradu\u00e7\u00e3o: Partido Comunista Brasileiro (PCB)<\/p>\n","protected":false},"excerpt":{"rendered":"\n\n\n2.bp.blogspot\n\n\n\n\n\n\n\n\n<a class=\"moretag\" href=\"https:\/\/pcb.org.br\/portal2\/4205\"> <\/a>","protected":false},"author":1,"featured_media":0,"comment_status":"open","ping_status":"open","sticky":false,"template":"","format":"standard","meta":{"jetpack_post_was_ever_published":false,"_jetpack_newsletter_access":"","_jetpack_dont_email_post_to_subs":false,"_jetpack_newsletter_tier_id":0,"_jetpack_memberships_contains_paywalled_content":false,"_jetpack_memberships_contains_paid_content":false,"footnotes":"","jetpack_publicize_message":"","jetpack_publicize_feature_enabled":true,"jetpack_social_post_already_shared":false,"jetpack_social_options":{"image_generator_settings":{"template":"highway","default_image_id":0,"font":"","enabled":false},"version":2}},"categories":[46],"tags":[],"class_list":["post-4205","post","type-post","status-publish","format-standard","hentry","category-c56-memoria"],"jetpack_publicize_connections":[],"jetpack_featured_media_url":"","jetpack_shortlink":"https:\/\/wp.me\/p659gw-15P","jetpack-related-posts":[],"jetpack_likes_enabled":true,"jetpack_sharing_enabled":true,"_links":{"self":[{"href":"https:\/\/pcb.org.br\/portal2\/wp-json\/wp\/v2\/posts\/4205","targetHints":{"allow":["GET"]}}],"collection":[{"href":"https:\/\/pcb.org.br\/portal2\/wp-json\/wp\/v2\/posts"}],"about":[{"href":"https:\/\/pcb.org.br\/portal2\/wp-json\/wp\/v2\/types\/post"}],"author":[{"embeddable":true,"href":"https:\/\/pcb.org.br\/portal2\/wp-json\/wp\/v2\/users\/1"}],"replies":[{"embeddable":true,"href":"https:\/\/pcb.org.br\/portal2\/wp-json\/wp\/v2\/comments?post=4205"}],"version-history":[{"count":0,"href":"https:\/\/pcb.org.br\/portal2\/wp-json\/wp\/v2\/posts\/4205\/revisions"}],"wp:attachment":[{"href":"https:\/\/pcb.org.br\/portal2\/wp-json\/wp\/v2\/media?parent=4205"}],"wp:term":[{"taxonomy":"category","embeddable":true,"href":"https:\/\/pcb.org.br\/portal2\/wp-json\/wp\/v2\/categories?post=4205"},{"taxonomy":"post_tag","embeddable":true,"href":"https:\/\/pcb.org.br\/portal2\/wp-json\/wp\/v2\/tags?post=4205"}],"curies":[{"name":"wp","href":"https:\/\/api.w.org\/{rel}","templated":true}]}}