{"id":4219,"date":"2013-01-23T14:48:05","date_gmt":"2013-01-23T14:48:05","guid":{"rendered":"http:\/\/pcb.org.br\/portal2\/?p=4219"},"modified":"2013-01-23T14:48:05","modified_gmt":"2013-01-23T14:48:05","slug":"o-pcb-e-a-contra-reforma-trabalhista-sera-a-batalha-mais-importante-do-movimento-sindical","status":"publish","type":"post","link":"https:\/\/pcb.org.br\/portal2\/4219","title":{"rendered":"O PCB E A CONTRA-REFORMA TRABALHISTA &#8211; \u2018Ser\u00e1 a batalha mais importante do movimento sindical\u2019"},"content":{"rendered":"\n<p>Em entrevista ao\u00a0<strong><em>Imprensa Popular<\/em><\/strong>, o secret\u00e1rio-geral do PCB ataca proposta costurada entre setores do sindicalismo pelego, o empresariado e o Pal\u00e1cio do Planalto. Na vis\u00e3o de Ivan, que j\u00e1 atuou como dirigente e assessor sindical, \u201cteatro\u201d foi montado para dar legitimidade ao maior ataque que a classe trabalhadora pode sofrer nos \u00faltimos tempos.<\/p>\n<p><strong>IMPRENSA POPULAR \u2013 O projeto de ACE est\u00e1 em conson\u00e2ncia com os indicadores da atividade econ\u00f4mica no Brasil, que tem piorado nos \u00faltimos meses ap\u00f3s terem passado o in\u00edcio da crise capitalista sem grandes altera\u00e7\u00f5es?<\/strong><\/p>\n<p><strong>Ivan &#8211;<\/strong> Sem d\u00favida, a proposta de ACE est\u00e1 no contexto dos instrumentos que o estado burgu\u00eas brasileiro se prop\u00f5e a usar para superar a crise, jogando o peso nas costas dos trabalhadores. Ela surge no contexto de um pacote de bondades para a burguesia, com as obras do PAC, a concess\u00e3o de infra-estrutura log\u00edstica, com destaque para rodovias, portos e aeroportos. Segundo afirmam, isso alavancaria a economia e tiraria obst\u00e1culos para a alta das taxas de lucros, reduzindo o que eles chamam de \u201ccusto Brasil\u201d.<\/p>\n<p><strong>IP \u2013 Mesmo assim n\u00e3o \u00e9 uma novidade em se tratando do PT e da CUT. O mesmo j\u00e1 ocorre no Sindicato dos Metal\u00fargicos do ABC, assim como o Banco de Horas foi criado pelo Sindicato dos Banc\u00e1rios de S\u00e3o Paulo.<\/strong><\/p>\n<p><strong>Ivan \u2013<\/strong> Sem d\u00favidas. A rigor, o capital sempre quis retirar direitos dos trabalhadores. Quando acabou a bipolaridade no mundo, com o fim da Uni\u00e3o Sovi\u00e9tica, o capital se viu mais forte para retirar direitos, pois n\u00e3o existia mais o exemplo do bloco socialista aos trabalhadores de todo o mundo, al\u00e9m da for\u00e7a do movimento comunista e do movimento sindical, que se enfraqueceram.<\/p>\n<p>Se a l\u00f3gica at\u00e9 ali era dar os an\u00e9is para n\u00e3o perder os dedos, naquele instante come\u00e7aram a buscar todos esses an\u00e9is antes concedidos. No Brasil, \u00e9 bom lembrarmos, o governo FHC tentou fazer essa flexibiliza\u00e7\u00e3o mas a CUT, ainda com setores classistas, barrou a proposta com luta efetiva.<\/p>\n<p>Lembremos que a degenera\u00e7\u00e3o da CUT n\u00e3o come\u00e7a no governo Lula, mas antes, nas propostas de tripartismo, na filia\u00e7\u00e3o \u00e0 CIOLS, no uso de recursos do FAT. A degenera\u00e7\u00e3o da CUT ocorre\u00a0<em>pari passu<\/em> \u00e0 do PT, mas de forma mais lenta \u2013 at\u00e9 porque a central lida diretamente com as bases de trabalhadores. Quando Lula toma posse, entretanto, a CUT vira uma esp\u00e9cie de departamento do Minist\u00e9rio do Trabalho.<\/p>\n<p><strong>IP \u2013 E agora, h\u00e1 segmentos pass\u00edveis de di\u00e1logo na CUT para o enfrentamento ao projeto ou o peleguismo dos metal\u00fargicos do ABC se estendeu para toda a base da central?<\/strong><\/p>\n<p><strong>Ivan &#8211;<\/strong> Lamentavelmente a classe oper\u00e1ria, que deveria ser o setor de ponta na resist\u00eancia ao capital, foi domesticada por uma pol\u00edtica reformista, uma heran\u00e7a da lideran\u00e7a do Lula, e ali nos metal\u00fargicos do ABC a cumplicidade com o capital vicejou mais que em qualquer outra categoria do Brasil.<\/p>\n<p>Tenho impress\u00e3o de que esse projeto do governo Dilma vai encontrar alguma resist\u00eancia entre setores da CUT, alguns que ainda se dizem de esquerda. \u00c9 agora que a gente vai conferir, ser\u00e1 o teste, at\u00e9 porque, mesmo entre setores cutistas da Articula\u00e7\u00e3o, haver\u00e1 resist\u00eancia das bases.<\/p>\n<p><strong>IP &#8211; Ent\u00e3o o PCB e a corrente sindical Unidade Classista podem tensionar esses setores?<\/strong><\/p>\n<p><strong>Ivan &#8211;<\/strong> Sem menor d\u00favida, o PCB lan\u00e7ou uma nota propondo uma ampla frente classista, de organiza\u00e7\u00f5es pol\u00edticas, sindicais e populares, para barrar esse projeto &#8211; muito mais perigoso que os anteriores. Ele surge quase que como um pacto social, avalizado por Lula, pelo neto do Brizola, Dilma, CUT, metal\u00fargicos do ABC, pela CNI, Fiesp, Firjan, v\u00e3o tentar passar um rolo compressor. E o projeto certamente ser\u00e1 piorado no Congresso Nacional, como aconteceu com o C\u00f3digo Florestal.<\/p>\n<p>Devemos ter a sensibilidade de n\u00e3o sermos estreitos e ampliar essa luta inclusive para os setores incomodados da CUT.<\/p>\n<p><strong>IP \u2013 Essa nota do PCB deixa claro que se trata de uma flexibiliza\u00e7\u00e3o para baixo, e demonstra a quebra de unicidade na base&#8230;<\/strong><\/p>\n<p><strong>Ivan &#8211;<\/strong> N\u00e3o sei se eles v\u00e3o oficializar o sindicato por empresa, criando uma lei espec\u00edfica, mas na vida pr\u00e1tica \u00e9 o que vai ocorrer. Nos metal\u00fargicos do ABC o sindicato j\u00e1 \u00e9 por empresa, atrav\u00e9s das comiss\u00f5es de empresa. O sindicato, na realidade, \u00e9 um escrit\u00f3rio para organizar a parceria com o capital, um cart\u00f3rio para registrar acordos, para dar assist\u00eancia jur\u00eddica&#8230;<\/p>\n<p>Eu n\u00e3o tenho d\u00favidas de que o sonho deles \u00e9 o sindicato por empresas. Ocorre que no imagin\u00e1rio da esquerda a comiss\u00e3o de f\u00e1brica, organiza\u00e7\u00e3o da classe dentro do local de trabalho, \u00e9 algo avan\u00e7ado. Mas, num momento de refluxo, de correla\u00e7\u00e3o de for\u00e7as desfavor\u00e1vel, de individualismo entre os trabalhadores, de alto grau de competi\u00e7\u00e3o entre as empresas, ela vira uma comiss\u00e3o de s\u00f3cios, de parceiros, cujo objetivo \u00e9 salvar a empresa, fazer com que ela prevale\u00e7a diante da concorr\u00eancia.<\/p>\n<p>O ambiente da empresa \u00e9 favor\u00e1vel para a concilia\u00e7\u00e3o, a press\u00e3o \u00e9 enorme, as vota\u00e7\u00f5es s\u00e3o comandadas pelo RH, em listas secretas, sob a press\u00e3o e amea\u00e7as de demiss\u00e3o.<\/p>\n<p>O que mais lamento \u00e9 a perda do esp\u00edrito de classe, de categoria. Lembremos daquelas grandes assembleias na Vila Euclides, todos se sentiam classe, todos se sentiam categoria. N\u00e3o \u00e0 toa defendemos os sindicatos por ramo de produ\u00e7\u00e3o, para fortalecer essa solidariedade de classe. O que vai passar a ocorrer \u00e9 o acordo dentro da empresa, e n\u00e3o a conven\u00e7\u00e3o coletiva.<\/p>\n<p><strong>IP \u2013 E o item que prev\u00ea que o Minist\u00e9rio do Trabalho ter\u00e1 que reconhecer a legitimidade da comiss\u00e3o de empresa?<\/strong><\/p>\n<p><strong>Ivan &#8211;<\/strong> Isso \u00e9 uma cortina de fuma\u00e7a, porque eles dizem que s\u00f3 v\u00e3o reconhecer a comiss\u00e3o de empresa que tiver pelo menos 50% dos funcion\u00e1rios associados ao sindicato. Quem vai fazer a campanha de sindicaliza\u00e7\u00e3o vai ser a empresa, n\u00e3o vai ser o sindicato! Toda empresa que quiser o acordo espec\u00edfico ter\u00e1 muito mais que 50% de seus trabalhadores sindicalizados, mas isso em nada significar\u00e1 o aumento de consci\u00eancia pol\u00edtica da categoria, \u00e9 um expediente para legitimar o acordo espec\u00edfico e torn\u00e1-lo inquestion\u00e1vel em sua \u201clegitimidade\u201d. H\u00e1 muito tempo n\u00e3o vejo projeto de lei t\u00e3o inteligente do ponto de vista dos nossos inimigos de classe, eles est\u00e3o cercando por todos os lados!<\/p>\n<p><strong>IP \u2013 Junto a isso vemos a manipula\u00e7\u00e3o da proposta ser apresentada como uma iniciativa do Sindicato dos Metal\u00fargicos do ABC e da CUT, que ir\u00e3o ao Congresso Nacional apresentar o documento.<\/strong><\/p>\n<p><strong>Ivan \u2013<\/strong> Quase maquiav\u00e9lico. Essa \u00e9 uma lei para os grandes monop\u00f3lios, as grandes empresas, inclusive a demora da escolha do ministro do trabalho, quando da sa\u00edda do Lupi, teve a ver com a costura desse projeto, do novo ministro aceitar esse projeto e emprestar o sobrenome Brizola para colaborar na aprova\u00e7\u00e3o. Estamos vendo um grande teatro. Agora, imagina voc\u00ea chegar a um Congresso Nacional dominado pelo capital com esse projeto? Eles v\u00e3o babar de alegria, torn\u00e1-lo ainda pior. E a escolha das palavras \u00e9 c\u00ednica: \u201cautonomia\u201d, \u201cliberdade de negocia\u00e7\u00e3o\u201d, \u201cflexibiliza\u00e7\u00e3o\u201d, \u201cmoderniza\u00e7\u00e3o\u201d&#8230;<\/p>\n<hr \/>\n<h3><a href=\"https:\/\/drive.google.com\/#folders\/0B8_gvWjrwU3Zem5ERWd3NXV2SFU\" target=\"_blank\">CLIQUE AQUI E LEIA AS DEMAIS MAT\u00c9RIAS DO JORNAL IMPRENSA POPULAR, EDI\u00c7\u00c3O DE NOVEMBRO DE 2012&#8230;<\/a><\/h3>\n","protected":false},"excerpt":{"rendered":"\n\n\nEDC\n\n\n\n\n\n\n\n\nSecret\u00e1rio-geral do partido, Ivan Pinheiro refor\u00e7a necessidade de uni\u00e3o entre setores contr\u00e1rios ao projeto de lei do Acordo Coletivo Especial (ACE)\n<a class=\"moretag\" href=\"https:\/\/pcb.org.br\/portal2\/4219\"> <\/a>","protected":false},"author":1,"featured_media":0,"comment_status":"open","ping_status":"open","sticky":false,"template":"","format":"standard","meta":{"jetpack_post_was_ever_published":false,"_jetpack_newsletter_access":"","_jetpack_dont_email_post_to_subs":false,"_jetpack_newsletter_tier_id":0,"_jetpack_memberships_contains_paywalled_content":false,"_jetpack_memberships_contains_paid_content":false,"footnotes":"","jetpack_publicize_message":"","jetpack_publicize_feature_enabled":true,"jetpack_social_post_already_shared":false,"jetpack_social_options":{"image_generator_settings":{"template":"highway","default_image_id":0,"font":"","enabled":false},"version":2}},"categories":[96],"tags":[],"class_list":["post-4219","post","type-post","status-publish","format-standard","hentry","category-c109-imprensa-popular"],"jetpack_publicize_connections":[],"jetpack_featured_media_url":"","jetpack_shortlink":"https:\/\/wp.me\/p659gw-163","jetpack-related-posts":[],"jetpack_likes_enabled":true,"jetpack_sharing_enabled":true,"_links":{"self":[{"href":"https:\/\/pcb.org.br\/portal2\/wp-json\/wp\/v2\/posts\/4219","targetHints":{"allow":["GET"]}}],"collection":[{"href":"https:\/\/pcb.org.br\/portal2\/wp-json\/wp\/v2\/posts"}],"about":[{"href":"https:\/\/pcb.org.br\/portal2\/wp-json\/wp\/v2\/types\/post"}],"author":[{"embeddable":true,"href":"https:\/\/pcb.org.br\/portal2\/wp-json\/wp\/v2\/users\/1"}],"replies":[{"embeddable":true,"href":"https:\/\/pcb.org.br\/portal2\/wp-json\/wp\/v2\/comments?post=4219"}],"version-history":[{"count":0,"href":"https:\/\/pcb.org.br\/portal2\/wp-json\/wp\/v2\/posts\/4219\/revisions"}],"wp:attachment":[{"href":"https:\/\/pcb.org.br\/portal2\/wp-json\/wp\/v2\/media?parent=4219"}],"wp:term":[{"taxonomy":"category","embeddable":true,"href":"https:\/\/pcb.org.br\/portal2\/wp-json\/wp\/v2\/categories?post=4219"},{"taxonomy":"post_tag","embeddable":true,"href":"https:\/\/pcb.org.br\/portal2\/wp-json\/wp\/v2\/tags?post=4219"}],"curies":[{"name":"wp","href":"https:\/\/api.w.org\/{rel}","templated":true}]}}