{"id":423,"date":"2010-04-26T23:07:24","date_gmt":"2010-04-26T23:07:24","guid":{"rendered":"http:\/\/pcb.org.br\/portal2\/?p=423"},"modified":"2010-04-26T23:07:24","modified_gmt":"2010-04-26T23:07:24","slug":"edmilson-costa-e-o-pre-candidato-a-vice-da-pre-candidatura-propria-de-ivan-pinheiro-a-presidencia","status":"publish","type":"post","link":"https:\/\/pcb.org.br\/portal2\/423","title":{"rendered":"EDMILSON COSTA \u00c9 O PR\u00c9-CANDIDATO A VICE DA PR\u00c9-CANDIDATURA PR\u00d3PRIA DE IVAN PINHEIRO \u00c0 PRESID\u00caNCIA"},"content":{"rendered":"\n<p><strong>A Comiss\u00e3o Pol\u00edtica Nacional do PCB decidiu lan\u00e7ar EDMILSON COSTA como pr\u00e9-candidato a Vice-Presidente da Rep\u00fablica, na chapa encabe\u00e7ada por IVAN PINHEIRO, Secret\u00e1rio Geral do Partido. <\/strong><\/p>\n<p><strong>Edmilson Costa<\/strong> \u00e9 doutor em Economia pela Universidade Estadual de Campinas, com p\u00f3s-doutorado no Instituto de Filosofia e Ci\u00eancias Humanas da mesma institui\u00e7\u00e3o, al\u00e9m de professoruniversit\u00e1rio. Natural do Maranh\u00e3o, Edmilson \u00e9 militante do PCB desde os tempos de estudante. Foi secret\u00e1rio-geral da Uni\u00e3o Maranhense dos Estudantes Secundaristas, em 1968, e presidente da Casa dos Estudantes Universit\u00e1rios do Maranh\u00e3o, em 1973. Em S\u00e3o Paulo, exerceu o jornalismo por mais de 10 anos e posteriormente se especializou nos estudos de Economia.<\/p>\n<p>Como militante comunista, <strong>Edmilson Costa<\/strong> participou, tanto na clandestinidade quanto na legalidade, de todas as lutas pelas liberdades democr\u00e1ticas no Brasil. Nas \u00faltimas elei\u00e7\u00f5es municipais, foi pr\u00e9-candidato a prefeito de S\u00e3o Paulo. Membro do Comit\u00ea Central do PCB desde o IX Congresso, foi um dos articuladores do processo de resist\u00eancia \u00e0 tentativa de liquida\u00e7\u00e3o do Partido e, durante v\u00e1rios per\u00edodos, foi secret\u00e1rio pol\u00edtico do PCB em S\u00e3o Paulo.<\/p>\n<p>Atualmente, <strong>Edmilson Costa<\/strong> \u00e9 membro da Comiss\u00e3o Pol\u00edtica do Comit\u00ea Central do PCB e seu Secret\u00e1rio de Rela\u00e7\u00f5es Internacionais, tendo representado o Partido em v\u00e1rios congressos, semin\u00e1rios e encontrosinternacionais.<\/p>\n<div>\n<p>\u00c9 autor de <em>O Imperialismo<\/em> (Global Editora, 1989), <em>A Pol\u00edtica Salarial no Brasil <\/em>(Boitempo Editorial, 1997), <em>Um Projeto para o Brasil<\/em> (Tecno-Cient\u00edfica, 1998) e <em>A Globaliza\u00e7\u00e3o e o Capitalismo Contempor\u00e2neo<\/em> (Express\u00e3o Popular, 2009), al\u00e9m de v\u00e1rios ensaios publicados em revistas e sites especializados no Brasil e no exterior.<\/p>\n<\/p><\/div>\n<p>Al\u00e9m de toda atividade pol\u00edtica e acad\u00eamica, <strong>Edmilson Costa<\/strong> \u00e9 poeta e compositor. Tem tr\u00eas livros de poesia publicados e, de suas mais de 70 composi\u00e7\u00f5es de MPB com diversos parceiros da cena musical paulistana, cerca de vinte delas est\u00e3o gravadas por artistas de S\u00e3o Paulo e de outros Estados.<\/p>\n","protected":false},"excerpt":{"rendered":"\n\n\nCr\u00e9dito: PCB\n\n\n\n\n\nPCB lan\u00e7a pr\u00e9-candidato \u00e0 Presid\u00eancia da Rep\u00fablica\n<a class=\"moretag\" href=\"https:\/\/pcb.org.br\/portal2\/423\"> <\/a>","protected":false},"author":1,"featured_media":0,"comment_status":"open","ping_status":"open","sticky":false,"template":"","format":"standard","meta":{"jetpack_post_was_ever_published":false,"_jetpack_newsletter_access":"","_jetpack_dont_email_post_to_subs":false,"_jetpack_newsletter_tier_id":0,"_jetpack_memberships_contains_paywalled_content":false,"_jetpack_memberships_contains_paid_content":false,"footnotes":"","jetpack_publicize_message":"","jetpack_publicize_feature_enabled":true,"jetpack_social_post_already_shared":false,"jetpack_social_options":{"image_generator_settings":{"template":"highway","default_image_id":0,"font":"","enabled":false},"version":2}},"categories":[62],"tags":[],"class_list":["post-423","post","type-post","status-publish","format-standard","hentry","category-c73-eleicoes-2010"],"jetpack_publicize_connections":[],"jetpack_featured_media_url":"","jetpack_shortlink":"https:\/\/wp.me\/p659gw-6P","jetpack-related-posts":[],"jetpack_likes_enabled":true,"jetpack_sharing_enabled":true,"_links":{"self":[{"href":"https:\/\/pcb.org.br\/portal2\/wp-json\/wp\/v2\/posts\/423","targetHints":{"allow":["GET"]}}],"collection":[{"href":"https:\/\/pcb.org.br\/portal2\/wp-json\/wp\/v2\/posts"}],"about":[{"href":"https:\/\/pcb.org.br\/portal2\/wp-json\/wp\/v2\/types\/post"}],"author":[{"embeddable":true,"href":"https:\/\/pcb.org.br\/portal2\/wp-json\/wp\/v2\/users\/1"}],"replies":[{"embeddable":true,"href":"https:\/\/pcb.org.br\/portal2\/wp-json\/wp\/v2\/comments?post=423"}],"version-history":[{"count":0,"href":"https:\/\/pcb.org.br\/portal2\/wp-json\/wp\/v2\/posts\/423\/revisions"}],"wp:attachment":[{"href":"https:\/\/pcb.org.br\/portal2\/wp-json\/wp\/v2\/media?parent=423"}],"wp:term":[{"taxonomy":"category","embeddable":true,"href":"https:\/\/pcb.org.br\/portal2\/wp-json\/wp\/v2\/categories?post=423"},{"taxonomy":"post_tag","embeddable":true,"href":"https:\/\/pcb.org.br\/portal2\/wp-json\/wp\/v2\/tags?post=423"}],"curies":[{"name":"wp","href":"https:\/\/api.w.org\/{rel}","templated":true}]}}