{"id":435,"date":"2010-05-01T20:23:24","date_gmt":"2010-05-01T20:23:24","guid":{"rendered":"http:\/\/pcb.org.br\/portal2\/?p=435"},"modified":"2010-05-01T20:23:24","modified_gmt":"2010-05-01T20:23:24","slug":"primeiro-de-maio-contra-a-crise-do-capital-e-a-hora-da-luta-pelo-socialismo","status":"publish","type":"post","link":"https:\/\/pcb.org.br\/portal2\/435","title":{"rendered":"Primeiro de Maio: Contra a Crise do Capital, \u00e9 a hora da luta pelo Socialismo"},"content":{"rendered":"\n<p>Trata-se de um 1\u00ba de Maio especial, pois ocorre ap\u00f3s a grave crise que atingiu a economia capitalista em todo o mundo. Os governos e Estados capitalistas reagiram ajudando com enormes somas de dinheiro p\u00fablico, grandes empresas financeiras e industriais. Os trabalhadores, por seu lado, amargaram o desemprego e o aumento da mis\u00e9ria. Dados do pr\u00f3prio FMI indicam que 53 milh\u00f5es de crian\u00e7as em todo o mundo poder\u00e3o morrer por causa dos efeitos da crise.<\/p>\n<p align=\"justify\">Enquanto os Estados capitalistas em todo o mundo agiram para salvar os lucros das grandes empresas, os trabalhadores se debateram com o desemprego. Quem ficou na produ\u00e7\u00e3o e n\u00e3o foi degolado pelo fac\u00e3o das demiss\u00f5es em massa, sente na pele o aumento da explora\u00e7\u00e3o, pois as empresas tentam recuperar os n\u00edveis de produtividade com um n\u00famero menor de trabalhadores.<\/p>\n<p align=\"justify\">No Brasil o governo Lula n\u00e3o agiu diferente. Concedeu empr\u00e9stimos a grandes empresas e diminuiu imposto como o IPI para desovar os estoques que estavam encalhados por causa da superprodu\u00e7\u00e3o. Por\u00e9m, a crise s\u00f3 foi atenuada para a burguesia. Para os trabalhadores e aposentados nenhuma medida significativa foi tomada. O aumento do consumo se baseia no endividamento privado, em que o cr\u00e9dito consignado garante aos bancos o desconto direto nos sal\u00e1rios, sem qualquer risco de inadimpl\u00eancia.<\/p>\n<p align=\"justify\">No governo Lula, as fra\u00e7\u00f5es mais financeirizadas do capital, determinam uma pol\u00edtica juros altos que beneficia os detentores dos t\u00edtulos da d\u00edvida p\u00fablica. A prioridade do governo Lula no que tange aos gastos do governo \u00e9 o de remunerar os t\u00edtulos p\u00fablicos, que consome cerca de 1\/3 do or\u00e7amento, enquanto pol\u00edticas p\u00fablicas como sa\u00fade, educa\u00e7\u00e3o e habita\u00e7\u00e3o ficam a mingua. O mesmo vale para as aposentadorias e pens\u00f5es, com reajustes menores para quem ganha mais de um sal\u00e1rio m\u00ednimo. Essa pol\u00edtica de cortar gastos nas \u00e1reas sociais para favorecer os detentores dos t\u00edtulos p\u00fablicos, est\u00e1 por tr\u00e1s das recentes trag\u00e9dias que mataram centenas de trabalhadores no Rio de Janeiro e S\u00e3o Paulo, por causa das enchentes e deslizamentos de terra. Sem uma pol\u00edtica habitacional de Estado, com o governo Lula jogando o atendimento dessa demanda para atender os interesses do mercado imobili\u00e1rio, os setores mais pobres da classe trabalhadora s\u00e3o obrigados a morar em \u00e1reas consideradas de risco. Tanto os governo de Serra (PSDB) e Kassab (DEM) em S\u00e3o Paulo, como os governos de Eduardo Paes e S\u00e9rgio Cabral no Rio de Janeiro, ambos do PMDB, assim como outros pelo Brasil \u00e0 fora, cortaram as verbas p\u00fablicas que poderiam evitar tais trag\u00e9dias.<\/p>\n<p align=\"justify\">Enquanto a propaganda oficial mostra um pa\u00eds que vai \u00e0s mil maravilhas, a verdade \u00e9 que as massas trabalhadoras vivem dias de incerteza e inseguran\u00e7a. Nas grandes cidades brasileiras, al\u00e9m de viverem em condi\u00e7\u00f5es de vida indignas, sem acesso a pol\u00edticas p\u00fablicas que universalizem o acesso \u00e0 educa\u00e7\u00e3o e a sa\u00fade de qualidade, por exemplo, a juventude negra e pobre \u00e9 v\u00edtima da viol\u00eancia do narcotr\u00e1fico e da pol\u00edcia. No campo crescem as den\u00fancias de trabalhadores vivendo em condi\u00e7\u00f5es an\u00e1logas \u00e0 da escravid\u00e3o. A concentra\u00e7\u00e3o de renda no meio rural brasileiro \u00e9 a segunda maior do mundo, perdendo apenas para a Nam\u00edbia, pequeno pa\u00eds africano. Como o governo Lula acomodou os interesses do grande capital exportador no bloco conservador, o incentivo ao agroneg\u00f3cio amplia a concentra\u00e7\u00e3o de terra e se torna a causa direta pela n\u00e3o realiza\u00e7\u00e3o da Reforma Agr\u00e1ria no Brasil.<\/p>\n<p align=\"justify\">Para o PCB, a sa\u00edda para essa situa\u00e7\u00e3o passa pela retomada da organiza\u00e7\u00e3o e das lutas dos trabalhadores brasileiros. Uma luta que em nossa opini\u00e3o n\u00e3o passa pelo apoio a um novo ciclo de desenvolvimento capitalista. Os problemas mais sentidos pelas massas trabalhadoras no Brasil n\u00e3o \u00e9 resultado de um baixo desenvolvimento do capitalismo, mas, ao contr\u00e1rio, pelo alto grau de desenvolvimento do capitalismo em nosso pa\u00eds. Nesse sentido, o PCB entende que a retomada das lutas dos trabalhadores brasileiros, passa pela forma\u00e7\u00e3o de uma frente Anti-Capitalista e Anti-Imperialista, capaz n\u00e3o s\u00f3 de dirigir as lutas, mas tamb\u00e9m, de construir um movimento contra-hegem\u00f4nico que dispute a consci\u00eancia dos trabalhadores para a luta pelo socialismo.<\/p>\n<p align=\"justify\">No plano sindical, o PCB luta pelo fortalecimento da <strong>Intersindical (Instrumento de Luta e Organiza\u00e7\u00e3o da Classe Trabalhadora)<\/strong>, como espa\u00e7o capaz de aglutinar o sindicalismo classista e combativo e que realizar\u00e1 em 13, 14 e 15 de novembro seu Encontro Nacional.<\/p>\n<p align=\"justify\">Por fim, pelo car\u00e1ter internacionalista do 1\u00ba de Maio, o PCB se solidariza com a luta dos povos em todo o mundo contra o imperialismo e o capitalismo. Declaramos nosso irrestrito apoio \u00e0 Revolu\u00e7\u00e3o Cubana e \u00e0s suas conquistas. Declaramos tamb\u00e9m nosso apoio ao povo do Haiti, exigindo a retirada de todas as tropas estrangeiras do pa\u00eds, incluindo as do Brasil.<\/p>\n<p align=\"justify\">Rio de Janeiro, 1\u00ba de Maio de 2010.<\/p>\n<p align=\"justify\">Comiss\u00e3o Pol\u00edtica Nacional do PCB<\/p>\n","protected":false},"excerpt":{"rendered":"\n\n\nCr\u00e9dito: PCB\n\n\n\n\n(Nota Pol\u00edtica do PCB)\nNesse 1\u00ba de Maio de 2010, dia internacional de luta, o Partido Comunista Brasileiro sa\u00fada todos os trabalhadores.\n<a class=\"moretag\" href=\"https:\/\/pcb.org.br\/portal2\/435\"> <\/a>","protected":false},"author":1,"featured_media":0,"comment_status":"open","ping_status":"open","sticky":false,"template":"","format":"standard","meta":{"jetpack_post_was_ever_published":false,"_jetpack_newsletter_access":"","_jetpack_dont_email_post_to_subs":false,"_jetpack_newsletter_tier_id":0,"_jetpack_memberships_contains_paywalled_content":false,"_jetpack_memberships_contains_paid_content":false,"footnotes":"","jetpack_publicize_message":"","jetpack_publicize_feature_enabled":true,"jetpack_social_post_already_shared":false,"jetpack_social_options":{"image_generator_settings":{"template":"highway","default_image_id":0,"font":"","enabled":false},"version":2}},"categories":[26],"tags":[],"class_list":["post-435","post","type-post","status-publish","format-standard","hentry","category-c25-notas-politicas-do-pcb"],"jetpack_publicize_connections":[],"jetpack_featured_media_url":"","jetpack_shortlink":"https:\/\/wp.me\/p659gw-71","jetpack-related-posts":[],"jetpack_likes_enabled":true,"jetpack_sharing_enabled":true,"_links":{"self":[{"href":"https:\/\/pcb.org.br\/portal2\/wp-json\/wp\/v2\/posts\/435","targetHints":{"allow":["GET"]}}],"collection":[{"href":"https:\/\/pcb.org.br\/portal2\/wp-json\/wp\/v2\/posts"}],"about":[{"href":"https:\/\/pcb.org.br\/portal2\/wp-json\/wp\/v2\/types\/post"}],"author":[{"embeddable":true,"href":"https:\/\/pcb.org.br\/portal2\/wp-json\/wp\/v2\/users\/1"}],"replies":[{"embeddable":true,"href":"https:\/\/pcb.org.br\/portal2\/wp-json\/wp\/v2\/comments?post=435"}],"version-history":[{"count":0,"href":"https:\/\/pcb.org.br\/portal2\/wp-json\/wp\/v2\/posts\/435\/revisions"}],"wp:attachment":[{"href":"https:\/\/pcb.org.br\/portal2\/wp-json\/wp\/v2\/media?parent=435"}],"wp:term":[{"taxonomy":"category","embeddable":true,"href":"https:\/\/pcb.org.br\/portal2\/wp-json\/wp\/v2\/categories?post=435"},{"taxonomy":"post_tag","embeddable":true,"href":"https:\/\/pcb.org.br\/portal2\/wp-json\/wp\/v2\/tags?post=435"}],"curies":[{"name":"wp","href":"https:\/\/api.w.org\/{rel}","templated":true}]}}