{"id":4354,"date":"2013-02-20T12:35:27","date_gmt":"2013-02-20T12:35:27","guid":{"rendered":"http:\/\/pcb.org.br\/portal2\/?p=4354"},"modified":"2013-02-20T12:35:27","modified_gmt":"2013-02-20T12:35:27","slug":"os-medicos-que-faltam-e-a-velha-desigualdade","status":"publish","type":"post","link":"https:\/\/pcb.org.br\/portal2\/4354","title":{"rendered":"Os m\u00e9dicos que faltam e a velha desigualdade&#8230;"},"content":{"rendered":"<br \/>\n<hr \/>\n<p>No Brasil atuam 388 mil m\u00e9dicos, 215,6 mil (55%) deles vinculados \u00e0 rede p\u00fablica. Considerada a demanda do Sistema \u00danico de Sa\u00fade (SUS), a quantidade \u00e9 insuficiente. E enquanto a m\u00e9dia brasileira \u00e9 de dois m\u00e9dicos por 1.000 habitantes, no SUS a rela\u00e7\u00e3o cai quase \u00e0 metade (1,1 m\u00e9dico\/1.000).<\/p>\n<p>O Par\u00e1 tem a menor propor\u00e7\u00e3o de m\u00e9dicos no SUS. S\u00e3o 1 m\u00e9dico para cada grupo de 2 mil habitantes (0,5\/1.000). Em seguida est\u00e3o Maranh\u00e3o (0,52\/1.000) e Minas Gerais (0,75\/1.000). Com maior n\u00famero de m\u00e9dicos na rede p\u00fablica por grupo de mil habitantes (taxa de 1,72), o Distrito Federal chega perto da m\u00e9dia brasileira &#8211; incluindo a medicina privada. Logo depois, com 1,58 m\u00e9dico por conjunto de mil habitantes, aparece o Rio de Janeiro.<\/p>\n<p>Isso significa que as popula\u00e7\u00f5es desses locais recebem bom atendimento? Passe em um hospital p\u00fablico e confira&#8230;<\/p>\n","protected":false},"excerpt":{"rendered":"O\u00a0Olhar Comunista dessa ter\u00e7a comenta os dados da\u00a0Pesquisa Demografia M\u00e9dica no Brasil 2,\u00a0patrocinada pelo Conselho Federal de Medicina (CFM) e pelo Conselho Regional de Medicina de S\u00e3o Paulo (Cremesp).\n<a class=\"moretag\" href=\"https:\/\/pcb.org.br\/portal2\/4354\"> <\/a>","protected":false},"author":1,"featured_media":0,"comment_status":"open","ping_status":"open","sticky":false,"template":"","format":"standard","meta":{"jetpack_post_was_ever_published":false,"_jetpack_newsletter_access":"","_jetpack_dont_email_post_to_subs":false,"_jetpack_newsletter_tier_id":0,"_jetpack_memberships_contains_paywalled_content":false,"_jetpack_memberships_contains_paid_content":false,"footnotes":"","jetpack_publicize_message":"","jetpack_publicize_feature_enabled":true,"jetpack_social_post_already_shared":false,"jetpack_social_options":{"image_generator_settings":{"template":"highway","default_image_id":0,"font":"","enabled":false},"version":2}},"categories":[100],"tags":[],"class_list":["post-4354","post","type-post","status-publish","format-standard","hentry","category-c113-a-semana-no-olhar-comunista"],"jetpack_publicize_connections":[],"jetpack_featured_media_url":"","jetpack_shortlink":"https:\/\/wp.me\/p659gw-18e","jetpack-related-posts":[],"jetpack_likes_enabled":true,"jetpack_sharing_enabled":true,"_links":{"self":[{"href":"https:\/\/pcb.org.br\/portal2\/wp-json\/wp\/v2\/posts\/4354","targetHints":{"allow":["GET"]}}],"collection":[{"href":"https:\/\/pcb.org.br\/portal2\/wp-json\/wp\/v2\/posts"}],"about":[{"href":"https:\/\/pcb.org.br\/portal2\/wp-json\/wp\/v2\/types\/post"}],"author":[{"embeddable":true,"href":"https:\/\/pcb.org.br\/portal2\/wp-json\/wp\/v2\/users\/1"}],"replies":[{"embeddable":true,"href":"https:\/\/pcb.org.br\/portal2\/wp-json\/wp\/v2\/comments?post=4354"}],"version-history":[{"count":0,"href":"https:\/\/pcb.org.br\/portal2\/wp-json\/wp\/v2\/posts\/4354\/revisions"}],"wp:attachment":[{"href":"https:\/\/pcb.org.br\/portal2\/wp-json\/wp\/v2\/media?parent=4354"}],"wp:term":[{"taxonomy":"category","embeddable":true,"href":"https:\/\/pcb.org.br\/portal2\/wp-json\/wp\/v2\/categories?post=4354"},{"taxonomy":"post_tag","embeddable":true,"href":"https:\/\/pcb.org.br\/portal2\/wp-json\/wp\/v2\/tags?post=4354"}],"curies":[{"name":"wp","href":"https:\/\/api.w.org\/{rel}","templated":true}]}}