{"id":436,"date":"2010-05-02T15:24:35","date_gmt":"2010-05-02T15:24:35","guid":{"rendered":"http:\/\/pcb.org.br\/portal2\/?p=436"},"modified":"2010-05-02T15:24:35","modified_gmt":"2010-05-02T15:24:35","slug":"o-desfile-dos-obrigados","status":"publish","type":"post","link":"https:\/\/pcb.org.br\/portal2\/436","title":{"rendered":"O desfile dos \u201cobrigados\u201d"},"content":{"rendered":"\n<p>Algumas ag\u00eancias e blogueiros andam dizendo que neste desfile de Primeiro de Maio os cubanos foram desfilar sob amea\u00e7a, pressionados pelos administradores de centros de trabalho e diretores de escolas.<\/p>\n<p>Se v\u00ea que sabem pressionar bem esses diretores, aposto que mais de meio milh\u00e3o de cidad\u00e3os da capital \u2013 e ningu\u00e9m deu o n\u00famero oficial \u2013 lotaram a Pra\u00e7a da Revolu\u00e7\u00e3o neste s\u00e1bado de sol e orgulho. Isso para n\u00e3o falar do resto das mais importantes pra\u00e7as e avenidas do pa\u00eds que igualmente ficaram repletas de compatriotas vestindo as cores da bandeira cubana.<\/p>\n<p>Al\u00e9m disso, \u00e9 estranho que nenhum foto como a que ilustra este artigo, feita pela equipe de foto-reportagem de <a href=\"http:\/\/www.bohemia.cu\/\" target=\"_blank\">Bohemia<\/a>, foi difundida pelos correspondentes das referidas ag\u00eancias, e t\u00e3o pouco pelos blogueiros sensacionistas. Com o trabalho que divulgam os mal chamados \u201cjornalistas independentes\u201d, para tirar de onde n\u00e3o h\u00e1 as mais esdr\u00faxulas conclus\u00f5es, resulta que nenhuma imagem, como esta, eles comentaram, mesmo estando vis\u00edvel aos olhos de qualquer um.<\/p>\n<p>Acontece que tudo o que encoraja nesta grande Ilha \u00e9 uma s\u00f3 obriga\u00e7\u00e3o a animar essa multid\u00e3o que desfilou neste Dia Internacional dos Trabalhadores: um compromisso, sim, mas com eles mesmo e sua dignidade. A P\u00e1tria convocou e s\u00f3 imaturos ficaram sentados.<\/p>\n<p>Uma magn\u00edfica galeria de fotos do Desfile encontra-se em <a href=\"http:\/\/www.bohemia.cu\/galerias\/2010\/primero-de-mayo\/sumario-1ro-mayo.html\" target=\"_blank\">Bohemia<\/a><\/p>\n<p style=\"margin: 0cm 0cm 0pt;\">Fonte: <a href=\"http:\/\/www.bohemia.cu\/galerias\/2010\/primero-de-mayo\/sumario-1ro-mayo.html\" target=\"_blank\">http:\/\/www.bohemia.cu\/galerias\/2010\/primero-de-mayo\/sumario-1ro-mayo.html<\/a><\/p>\n<p style=\"margin: 0cm 0cm 0pt;\">\u00a0<\/p>\n<p style=\"margin: 0cm 0cm 0pt;\">Veja imagens em: <a href=\"http:\/\/picasaweb.google.com\/101676997400199733856\/PrimeiroDeMaioEmCuba\" target=\"_blank\">http:\/\/picasaweb.google.com\/101676997400199733856\/PrimeiroDeMaioEmCuba<\/a><\/p>\n<p>Traduzido por Dario da Silva<\/p>\n","protected":false},"excerpt":{"rendered":"\n\n\nCr\u00e9dito: Bohemia\n\n\n\n\nVladia Rubio\n<a class=\"moretag\" href=\"https:\/\/pcb.org.br\/portal2\/436\"> <\/a>","protected":false},"author":1,"featured_media":0,"comment_status":"open","ping_status":"open","sticky":false,"template":"","format":"standard","meta":{"jetpack_post_was_ever_published":false,"_jetpack_newsletter_access":"","_jetpack_dont_email_post_to_subs":false,"_jetpack_newsletter_tier_id":0,"_jetpack_memberships_contains_paywalled_content":false,"_jetpack_memberships_contains_paid_content":false,"footnotes":"","jetpack_publicize_message":"","jetpack_publicize_feature_enabled":true,"jetpack_social_post_already_shared":false,"jetpack_social_options":{"image_generator_settings":{"template":"highway","default_image_id":0,"font":"","enabled":false},"version":2}},"categories":[47],"tags":[],"class_list":["post-436","post","type-post","status-publish","format-standard","hentry","category-c57-revolucao-cubana"],"jetpack_publicize_connections":[],"jetpack_featured_media_url":"","jetpack_shortlink":"https:\/\/wp.me\/p659gw-72","jetpack-related-posts":[],"jetpack_likes_enabled":true,"jetpack_sharing_enabled":true,"_links":{"self":[{"href":"https:\/\/pcb.org.br\/portal2\/wp-json\/wp\/v2\/posts\/436","targetHints":{"allow":["GET"]}}],"collection":[{"href":"https:\/\/pcb.org.br\/portal2\/wp-json\/wp\/v2\/posts"}],"about":[{"href":"https:\/\/pcb.org.br\/portal2\/wp-json\/wp\/v2\/types\/post"}],"author":[{"embeddable":true,"href":"https:\/\/pcb.org.br\/portal2\/wp-json\/wp\/v2\/users\/1"}],"replies":[{"embeddable":true,"href":"https:\/\/pcb.org.br\/portal2\/wp-json\/wp\/v2\/comments?post=436"}],"version-history":[{"count":0,"href":"https:\/\/pcb.org.br\/portal2\/wp-json\/wp\/v2\/posts\/436\/revisions"}],"wp:attachment":[{"href":"https:\/\/pcb.org.br\/portal2\/wp-json\/wp\/v2\/media?parent=436"}],"wp:term":[{"taxonomy":"category","embeddable":true,"href":"https:\/\/pcb.org.br\/portal2\/wp-json\/wp\/v2\/categories?post=436"},{"taxonomy":"post_tag","embeddable":true,"href":"https:\/\/pcb.org.br\/portal2\/wp-json\/wp\/v2\/tags?post=436"}],"curies":[{"name":"wp","href":"https:\/\/api.w.org\/{rel}","templated":true}]}}