{"id":44,"date":"2009-12-21T08:39:04","date_gmt":"2009-12-21T08:39:04","guid":{"rendered":"http:\/\/pcb.org.br\/portal2\/?p=44"},"modified":"2009-12-21T08:39:04","modified_gmt":"2009-12-21T08:39:04","slug":"palestina-livre-essa-luta-e-de-todos-nos","status":"publish","type":"post","link":"https:\/\/pcb.org.br\/portal2\/44","title":{"rendered":"Palestina Livre! Essa luta \u00e9 de todos n\u00f3s."},"content":{"rendered":"\n<p>A insana investida israelense ocorreu \u00e0s v\u00e9speras da posse do ent\u00e3o rec\u00e9m eleito presidente dos EUA, Barack Obama, candidato pelo Partido Democrata, que, durante a campanha, havia prometido uma mudan\u00e7a radical na pol\u00edtica externa norte- americana, incluindo a retirada das tropas estadunidenses do Iraque e do Afeganist\u00e3o, al\u00e9m do reconhecimento do Estado Palestino e do fim dos conflitos na regi\u00e3o.<\/p>\n<p>Passado um ano, nada disso ocorreu. Ao contr\u00e1rio, o que se v\u00ea \u00e9 justamente o recrudescimento da agressividade imperialista na regi\u00e3o do Oriente M\u00e9dio.<\/p>\n<p>A popula\u00e7\u00e3o da Faixa de Gaza foi submetida a um dos maiores ataques por terra e ar desde o fim da 2\u00aa Guerra Mundial. Mais de uma tonelada de bombas foram despejadas por dia sobre um povo indefeso, em condi\u00e7\u00f5es desiguais para combater.<\/p>\n<p>Al\u00e9m dos ataques militares, Israel aumentou o cerco a Gaza, proibindo a entrada de rem\u00e9dios e alimentos durante dias, o que agravou sobremaneira a condi\u00e7\u00e3o de pen\u00faria do povo palestino, v\u00edtima de um verdadeiro genoc\u00eddio.<\/p>\n<p>At\u00e9 hoje, diversos hospitais operam em condi\u00e7\u00f5es prec\u00e1rias, falta distribui\u00e7\u00e3o de \u00e1gua em v\u00e1rias partes de Gaza e o embargo a diversos produtos de primeira necessidade ainda continua nas fronteiras policiadas por Israel.<\/p>\n<p>De tudo o que se tentou destruir, a \u00fanica coisa que n\u00e3o se abalou foi a determina\u00e7\u00e3o do povo palestino em resistir heroicamente, como tem feito h\u00e1 d\u00e9cadas contra a invas\u00e3o israelense, promovida e apoiada pelo imperialismo, sobretudo o norte-americano.<\/p>\n<p>A cada dia que passa cai mais a m\u00e1scara de Obama, cujas promessas de campanha para o Oriente M\u00e9dio n\u00e3o passaram de palavras ao vento: mant\u00e9m-se o processo de opress\u00e3o e o quadro de instabilidade na regi\u00e3o. Acima do discurso f\u00e1cil de campanha eleitoral, est\u00e3o os interesses das grandes empresas b\u00e9licas e do petr\u00f3leo, que de fato mandam na Casa Branca e operam as a\u00e7\u00f5es no Oriente M\u00e9dio.<\/p>\n<p>N\u00f3s do PCB sempre estivemos ao lado dos povos que lutam contra a opress\u00e3o e o dom\u00ednio imperialista em seus territ\u00f3rios. Estivemos ao lado do povo palestino em todos os momentos mais dif\u00edceis da sua resist\u00eancia e luta pol\u00edtica e n\u00e3o ser\u00e1 diferente enquanto n\u00e3o se conquistar a autonomia do Estado Palestino.<\/p>\n<p>Conclamamos toda a nossa milit\u00e2ncia e as organiza\u00e7\u00f5es internacionalistas a promoverem atos de solidariedade aos povos do Oriente M\u00e9dio que lutam contra as ocupa\u00e7\u00f5es e imposi\u00e7\u00f5es imperialistas e, em especial ao povo palestino que, a cada ataque, a cada a\u00e7\u00e3o fascista do Estado de Israel e dos EUA, nos d\u00e3o uma li\u00e7\u00e3o de hero\u00edsmo, resist\u00eancia e persist\u00eancia pelo direito de viver em sua terra, com paz, liberdade e dignidade.<\/p>\n<p>Comit\u00ea Central do PCB<\/p>\n<p>Dezembro de 2009.<\/p>\n","protected":false},"excerpt":{"rendered":"\n\n\nCr\u00e9dito: Latuff\n\n\n\n\n(Nota Pol\u00edtica do PCB)\nO pr\u00f3ximo dia 27 de dezembro marca um ano da invas\u00e3o genocida do Estado de Israel \u00e0 Faixa de Gaza, que destruiu toda a infraestrutura da regi\u00e3o, saneamento, distribui\u00e7\u00e3o de \u00e1gua e eletricidade, comunica\u00e7\u00e3o e rodovias, al\u00e9m de escolas, creches, hospitais, dezenas de milhares de resid\u00eancias e centenas de pr\u00e9dios p\u00fablicos.\n<a class=\"moretag\" href=\"https:\/\/pcb.org.br\/portal2\/44\"> <\/a>","protected":false},"author":1,"featured_media":0,"comment_status":"open","ping_status":"open","sticky":false,"template":"","format":"standard","meta":{"jetpack_post_was_ever_published":false,"_jetpack_newsletter_access":"","_jetpack_dont_email_post_to_subs":false,"_jetpack_newsletter_tier_id":0,"_jetpack_memberships_contains_paywalled_content":false,"_jetpack_memberships_contains_paid_content":false,"footnotes":"","jetpack_publicize_message":"","jetpack_publicize_feature_enabled":true,"jetpack_social_post_already_shared":false,"jetpack_social_options":{"image_generator_settings":{"template":"highway","default_image_id":0,"font":"","enabled":false},"version":2}},"categories":[26],"tags":[],"class_list":["post-44","post","type-post","status-publish","format-standard","hentry","category-c25-notas-politicas-do-pcb"],"jetpack_publicize_connections":[],"jetpack_featured_media_url":"","jetpack_shortlink":"https:\/\/wp.me\/p659gw-I","jetpack-related-posts":[],"jetpack_likes_enabled":true,"jetpack_sharing_enabled":true,"_links":{"self":[{"href":"https:\/\/pcb.org.br\/portal2\/wp-json\/wp\/v2\/posts\/44","targetHints":{"allow":["GET"]}}],"collection":[{"href":"https:\/\/pcb.org.br\/portal2\/wp-json\/wp\/v2\/posts"}],"about":[{"href":"https:\/\/pcb.org.br\/portal2\/wp-json\/wp\/v2\/types\/post"}],"author":[{"embeddable":true,"href":"https:\/\/pcb.org.br\/portal2\/wp-json\/wp\/v2\/users\/1"}],"replies":[{"embeddable":true,"href":"https:\/\/pcb.org.br\/portal2\/wp-json\/wp\/v2\/comments?post=44"}],"version-history":[{"count":0,"href":"https:\/\/pcb.org.br\/portal2\/wp-json\/wp\/v2\/posts\/44\/revisions"}],"wp:attachment":[{"href":"https:\/\/pcb.org.br\/portal2\/wp-json\/wp\/v2\/media?parent=44"}],"wp:term":[{"taxonomy":"category","embeddable":true,"href":"https:\/\/pcb.org.br\/portal2\/wp-json\/wp\/v2\/categories?post=44"},{"taxonomy":"post_tag","embeddable":true,"href":"https:\/\/pcb.org.br\/portal2\/wp-json\/wp\/v2\/tags?post=44"}],"curies":[{"name":"wp","href":"https:\/\/api.w.org\/{rel}","templated":true}]}}