{"id":4487,"date":"2013-03-18T16:40:54","date_gmt":"2013-03-18T16:40:54","guid":{"rendered":"http:\/\/pcb.org.br\/portal2\/?p=4487"},"modified":"2013-03-18T16:40:54","modified_gmt":"2013-03-18T16:40:54","slug":"democracia-de-cooptacao-e-o-apassivamento-da-classe-trabalhadora","status":"publish","type":"post","link":"https:\/\/pcb.org.br\/portal2\/4487","title":{"rendered":"Democracia de coopta\u00e7\u00e3o e o apassivamento da classe trabalhadora"},"content":{"rendered":"\n<p align=\"RIGHT\">\u201c<em>O Nada de qualquer coisa \u00e9 uma nada determinado\u201d<\/em><\/p>\n<p align=\"RIGHT\"><em>Hegel (Grande L\u00f3gica)<\/em><\/p>\n<p>O capital cumpriu sua tarefa, mundializou-se, monopolizou-se, estendeu suas garras dissolvendo as mais ternas ilus\u00f5es rom\u00e2nticas no frio calculo ego\u00edsta, subordinou ou campo \u00e0 cidade, a ci\u00eancia \u00e0 ind\u00fastria, a est\u00e9tica ao mercado, mercantilizou todas as esferas da vida. Na sua forma madura e parasit\u00e1ria, bem diversa daquela pela qual os ide\u00f3logos liberais projetavam seus mitos futuros, o capital assume a forma de sua nega\u00e7\u00e3o tornando-se um enorme entrave \u00e0 vida humana.<\/p>\n<h2><a href=\"https:\/\/docs.google.com\/document\/d\/1K86ouShh6qJtaqMN0NxOm7IGWKNgXZba23jXBU6145k\/edit\" target=\"_blank\">Ler na \u00cdNTEGRA&#8230;<\/a><\/h2>\n","protected":false},"excerpt":{"rendered":"\n\n\nLatuff\n\n\n\n\n\n\n\n\nMauro Luis Iasi\n<a class=\"moretag\" href=\"https:\/\/pcb.org.br\/portal2\/4487\"> <\/a>","protected":false},"author":1,"featured_media":0,"comment_status":"open","ping_status":"open","sticky":false,"template":"","format":"standard","meta":{"jetpack_post_was_ever_published":false,"_jetpack_newsletter_access":"","_jetpack_dont_email_post_to_subs":false,"_jetpack_newsletter_tier_id":0,"_jetpack_memberships_contains_paywalled_content":false,"_jetpack_memberships_contains_paid_content":false,"footnotes":"","jetpack_publicize_message":"","jetpack_publicize_feature_enabled":true,"jetpack_social_post_already_shared":false,"jetpack_social_options":{"image_generator_settings":{"template":"highway","default_image_id":0,"font":"","enabled":false},"version":2}},"categories":[54],"tags":[],"class_list":["post-4487","post","type-post","status-publish","format-standard","hentry","category-c65-lulismo"],"jetpack_publicize_connections":[],"jetpack_featured_media_url":"","jetpack_shortlink":"https:\/\/wp.me\/p659gw-1an","jetpack-related-posts":[],"jetpack_likes_enabled":true,"jetpack_sharing_enabled":true,"_links":{"self":[{"href":"https:\/\/pcb.org.br\/portal2\/wp-json\/wp\/v2\/posts\/4487","targetHints":{"allow":["GET"]}}],"collection":[{"href":"https:\/\/pcb.org.br\/portal2\/wp-json\/wp\/v2\/posts"}],"about":[{"href":"https:\/\/pcb.org.br\/portal2\/wp-json\/wp\/v2\/types\/post"}],"author":[{"embeddable":true,"href":"https:\/\/pcb.org.br\/portal2\/wp-json\/wp\/v2\/users\/1"}],"replies":[{"embeddable":true,"href":"https:\/\/pcb.org.br\/portal2\/wp-json\/wp\/v2\/comments?post=4487"}],"version-history":[{"count":0,"href":"https:\/\/pcb.org.br\/portal2\/wp-json\/wp\/v2\/posts\/4487\/revisions"}],"wp:attachment":[{"href":"https:\/\/pcb.org.br\/portal2\/wp-json\/wp\/v2\/media?parent=4487"}],"wp:term":[{"taxonomy":"category","embeddable":true,"href":"https:\/\/pcb.org.br\/portal2\/wp-json\/wp\/v2\/categories?post=4487"},{"taxonomy":"post_tag","embeddable":true,"href":"https:\/\/pcb.org.br\/portal2\/wp-json\/wp\/v2\/tags?post=4487"}],"curies":[{"name":"wp","href":"https:\/\/api.w.org\/{rel}","templated":true}]}}