{"id":4539,"date":"2013-03-27T00:57:38","date_gmt":"2013-03-27T00:57:38","guid":{"rendered":"http:\/\/pcb.org.br\/portal2\/?p=4539"},"modified":"2013-03-27T00:57:38","modified_gmt":"2013-03-27T00:57:38","slug":"sobre-o-acordo-com-o-eurogrupo","status":"publish","type":"post","link":"https:\/\/pcb.org.br\/portal2\/4539","title":{"rendered":"Sobre o acordo com o Eurogrupo"},"content":{"rendered":"\n<p>O acordo alcan\u00e7ado pelo Eurogrupo durante a manh\u00e3 foi o cl\u00edmax da primeira fase dos planos da Troika contra o povo cipriota. O acordo n\u00e3o s\u00f3 n\u00e3o ajuda a tratar os problemas que confrontam a economia como tamb\u00e9m aprofunda a crise pois levar\u00e1 a mais consequ\u00eancias penosas para o nosso pa\u00eds e o nosso povo. O resultado levar\u00e1 a mais alto desemprego, \u00e0 implementa\u00e7\u00e3o de medidas de austeridade adicionais, a cortes e privatiza\u00e7\u00f5es, provocando problemas enormes para pequenos e m\u00e9dias empresas obrigando-as a encerrar.<\/p>\n<p>Nos \u00faltimos dias nossos &#8220;parceiros&#8221; europeus revelaram com cinismo que este era o seu plano desde o princ\u00edpio. Isto equivale a dizer: eles fixaram objectivos e seguiram uma rota espec\u00edfica para a sua implementa\u00e7\u00e3o.<\/p>\n<p>Em rela\u00e7\u00e3o ao AKEL, n\u00f3s apont\u00e1mos desde o in\u00edcio que a rota seguida pela Troika para tratar a crise econ\u00f3mica era um beco sem sa\u00edda. A tentativa de resgatar o Euro atrav\u00e9s dos tr\u00eas pilares da austeridade, cortes e privatiza\u00e7\u00f5es simplesmente aprofundou a recess\u00e3o ainda mais e levou os pa\u00edses e povo do Sul da Europa ao desastre. Infelizmente, os c\u00edrculos dirigentes da Uni\u00e3o Europeia teimosamente insistem nestas pol\u00edticas de beco sem sa\u00edda as quais n\u00e3o levam ao desenvolvimento. Nosso aprisionamento nestes modos de pensamento, tal como o governo Anastasiades est\u00e1 a actuar, n\u00e3o cria qualquer perspectiva de ultrapassar os problemas mas, ao inv\u00e9s, carrega os ombros do povo trabalhador com enormes consequ\u00eancias negativas.<\/p>\n<p>Nossa op\u00e7\u00e3o como povo \u00e9 libertar-nos desta estrutura de racioc\u00ednio, resistir \u00e0s amea\u00e7as de Troika e procurar uma solu\u00e7\u00e3o fora desta estrutura.<\/p>\n<p>O sr. Anastasiades durante a elei\u00e7\u00e3o fez campanha pelo voto do povo de Chipre e assumiu o mandato prometendo melhorar o acordo do Memorando de Novembro de 2012. Ele baseou a sua posi\u00e7\u00e3o sobre as rela\u00e7\u00f5es de amizade com a chanceler alem\u00e3 A. Merkel e os outros l\u00edderes europeus. No fim descobriu da forma mais dura que a \u00fanica coisa em que os seus &#8220;amigos&#8221; estiveram interessados era servir os seus pr\u00f3prios interesses ao inv\u00e9s de apoiar a Rep\u00fablica de Chipre. Quando apont\u00e1mos esta realidade brutal durante a administra\u00e7\u00e3o Christofias eles ridicularizaram-nos. Agora foi provado que a \u00fanica coisa em que os &#8220;parceiros&#8221; europeus se concentravam era colocar-nos constantemente diante de dilemas de chantagem e ele, por sua vez, est\u00e1 a fazer o mesmo ao povo cipriota. Infelizmente o sr. Anastasiades em apenas tr\u00eas semanas p\u00f4s de lado tudo o que havia prometido ao povo cipriota.<\/p>\n<p>Em todo este processo, lamentamos observar que ele n\u00e3o aceitou ter uma discuss\u00e3o real sobre a proposta de procurar uma solu\u00e7\u00e3o fora da estrutura da Troika. Ele simplesmente informou-nos acerca da manobra do governo. Uma vez que importantes respons\u00e1veis do partido DISY provocadoramente declaram que o sr. Anastasiades assegurou o acordo dos partidos pol\u00edticos antes de proceder \u00e0 aceita\u00e7\u00e3o do acordo da noite passada, enfatizou que isto \u00e9 uma completa mentira. O sr. Anastasiades informou os partidos pol\u00edticos acerca do acordo que havia conclu\u00eddo. Nem ele pediu nem teve o nosso apoio. Al\u00e9m disso, durante todo este tempo reiteradamente sublinh\u00e1mos que a nossa posi\u00e7\u00e3o era procurar uma solu\u00e7\u00e3o fora da Troika.<\/p>\n<p>Acreditamos que o acordo Anastasiades \u2013 Eurogrupo \u00e9 o princ\u00edpio de novas desgra\u00e7as para Chipre e o nosso povo. \u00c9 dever dos partidos pol\u00edticos projectar um caminho de sa\u00edda para o povo e trazer de volta a esperan\u00e7a e a perspectiva. Asseguramos ao povo que o AKEL tomar\u00e1 iniciativas em rela\u00e7\u00e3o tanto ao governo como aos partidos pol\u00edticos para iniciar um di\u00e1logo que levar\u00e1 \u00e0 formula\u00e7\u00e3o de uma proposta para uma sa\u00edda desta crise.<\/p>\n<p>Ao mesmo tempo propomos e insistimos no seguinte:<\/p>\n<p>1. A realiza\u00e7\u00e3o de um referendo de modo que o povo cipriota decida sobre o acordo Anastasiades-Troika. Estas decis\u00f5es determinar\u00e3o o nosso futuro por muitos anos e o povo tem todo o direito de dizer o seu ponto de vista.<\/p>\n<p>2. Exigimos que os procedimentos para punir os respons\u00e1veis por todos os problemas que assaltam a economia de Chipre deveriam ser postos em ac\u00e7\u00e3o. Para este prop\u00f3sito, o Relat\u00f3rio\u00a0<a href=\"http:\/\/www.cyprusnewsreport.com\/?q=node\/6355\" target=\"_blank\">Alvarez &amp; Marshall<\/a> deveria ser encaminhado directamente para a C\u00e2mara dos Deputados e o Procurador-Geral.<\/p>\n<p>3. Apelamos ao Governador do Banco Central a que submeta \u00e0 C\u00e2mara dos Deputados os nomes de todos aqueles que durante este per\u00edodo recente tenham levado dinheiro em massa para fora do pa\u00eds e dos bancos cipriotas e que possuam postos pol\u00edticos ou estatais. A investiga\u00e7\u00e3o deve ser estendida tamb\u00e9m aos seus familiares.<\/p>\n<p>Dirigimo-nos ao povo cipriota, declarando que estamos a enfrentar tempos muito dif\u00edceis. Atravess\u00e1mos tempos muito dif\u00edceis tamb\u00e9m no passado. N\u00f3s n\u00e3o capitul\u00e1mos ou nos rendemos. Nem capitularemos ou nos renderemos agora. N\u00e3o capitularemos mas resistiremos, travando a batalha e venceremos.<\/p>\n<p><strong>Comunicado de imprensa do CC do AKEL, 25 de Mar\u00e7o de 2013, Nic\u00f3sia<\/strong><\/p>\n<p><strong>O original encontra-se em\u00a0<a href=\"http:\/\/www.akel.org.cy\/nqcontent.cfm?a_id=8676&amp;tt=graphic&amp;lang=l3\" target=\"_blank\">http:\/\/www.akel.org.cy\/nqcontent.cfm?a_id=8676&amp;tt=graphic&amp;lang=l3<\/a> <\/strong><\/p>\n<p><strong>Esta declara\u00e7\u00e3o encontra-se em\u00a0<a href=\"http:\/\/resistir.info\/\" target=\"_blank\">http:\/\/resistir.info\/<\/a> .<\/strong><\/p>\n","protected":false},"excerpt":{"rendered":"\npor AKEL\n<a class=\"moretag\" href=\"https:\/\/pcb.org.br\/portal2\/4539\"> <\/a>","protected":false},"author":1,"featured_media":0,"comment_status":"open","ping_status":"open","sticky":false,"template":"","format":"standard","meta":{"jetpack_post_was_ever_published":false,"_jetpack_newsletter_access":"","_jetpack_dont_email_post_to_subs":false,"_jetpack_newsletter_tier_id":0,"_jetpack_memberships_contains_paywalled_content":false,"_jetpack_memberships_contains_paid_content":false,"footnotes":"","jetpack_publicize_message":"","jetpack_publicize_feature_enabled":true,"jetpack_social_post_already_shared":false,"jetpack_social_options":{"image_generator_settings":{"template":"highway","default_image_id":0,"font":"","enabled":false},"version":2}},"categories":[38],"tags":[],"class_list":["post-4539","post","type-post","status-publish","format-standard","hentry","category-c43-imperialismo"],"jetpack_publicize_connections":[],"jetpack_featured_media_url":"","jetpack_shortlink":"https:\/\/wp.me\/p659gw-1bd","jetpack-related-posts":[],"jetpack_likes_enabled":true,"jetpack_sharing_enabled":true,"_links":{"self":[{"href":"https:\/\/pcb.org.br\/portal2\/wp-json\/wp\/v2\/posts\/4539","targetHints":{"allow":["GET"]}}],"collection":[{"href":"https:\/\/pcb.org.br\/portal2\/wp-json\/wp\/v2\/posts"}],"about":[{"href":"https:\/\/pcb.org.br\/portal2\/wp-json\/wp\/v2\/types\/post"}],"author":[{"embeddable":true,"href":"https:\/\/pcb.org.br\/portal2\/wp-json\/wp\/v2\/users\/1"}],"replies":[{"embeddable":true,"href":"https:\/\/pcb.org.br\/portal2\/wp-json\/wp\/v2\/comments?post=4539"}],"version-history":[{"count":0,"href":"https:\/\/pcb.org.br\/portal2\/wp-json\/wp\/v2\/posts\/4539\/revisions"}],"wp:attachment":[{"href":"https:\/\/pcb.org.br\/portal2\/wp-json\/wp\/v2\/media?parent=4539"}],"wp:term":[{"taxonomy":"category","embeddable":true,"href":"https:\/\/pcb.org.br\/portal2\/wp-json\/wp\/v2\/categories?post=4539"},{"taxonomy":"post_tag","embeddable":true,"href":"https:\/\/pcb.org.br\/portal2\/wp-json\/wp\/v2\/tags?post=4539"}],"curies":[{"name":"wp","href":"https:\/\/api.w.org\/{rel}","templated":true}]}}