{"id":4568,"date":"2013-04-01T19:47:43","date_gmt":"2013-04-01T19:47:43","guid":{"rendered":"http:\/\/pcb.org.br\/portal2\/?p=4568"},"modified":"2013-04-01T19:47:43","modified_gmt":"2013-04-01T19:47:43","slug":"o-estardalhaco-midiatico-e-os-direitos-das-domesticas","status":"publish","type":"post","link":"https:\/\/pcb.org.br\/portal2\/4568","title":{"rendered":"O estardalha\u00e7o midi\u00e1tico e os direitos das dom\u00e9sticas"},"content":{"rendered":"<br \/>\n<hr \/>\n<p>Resqu\u00edcio da uma sociedade forjada entre a &#8220;Casa Grande&#8221; e a &#8220;Senzala&#8221;, a rela\u00e7\u00e3o de trabalho dos empregados dom\u00e9sticos no Brasil tem sido pauta constante nos \u00faltimos dias &#8211; seja na TV, no radio ou nos ve\u00edculos impressos, como acontecimento de inesgot\u00e1vel interesse jornal\u00edstico com amplitude para a quase totalidade da popula\u00e7\u00e3o.<\/p>\n<p>Quem dera se os direitos dos trabalhadores merecessem tal const\u00e2ncia na m\u00eddia burguesa&#8230; O que a cobertura revela \u00e9 a total dissocia\u00e7\u00e3o entre o dia-a-dia de editores e chefes de reportagem dos grandes ve\u00edculos e a maioria acachapante da popula\u00e7\u00e3o.<\/p>\n<p>A cobertura, majoritariamente, \u00e9 feita para os patr\u00f5es &#8211; n\u00e3o se enfocou qualquer mat\u00e9ria a partir do ponto de vista e dos interesses dos trabalhadores; e a constante veicula\u00e7\u00e3o do assunto faz qualquer leigo crer que o tema importa \u00e0 totalidade dos lares brasileiros, numa vis\u00e3o de mundo elitista &#8211; a mesma que, na publicidade dos jornais, apresenta propagandas de cadeiras na casa dos milhares de reais.<\/p>\n<p>Por fim, e o mais importante, fazem crer que os direitos levar\u00e3o ao preju\u00edzo dos trabalhadores e redu\u00e7\u00e3o do n\u00famero de vagas. Reafirma-se assim a velha l\u00f3gica escravocata, muito bem consumida pelo que por d\u00e9cadas se convencionou chamar de &#8220;classe m\u00e9dia&#8221;, p\u00fablico central das mat\u00e9rias.<\/p>\n","protected":false},"excerpt":{"rendered":"O\u00a0Olhar Comunista desta segunda destaca a cobertura midi\u00e1tica sobre os direitos garantidos aos empregados dom\u00e9sticos.\n<a class=\"moretag\" href=\"https:\/\/pcb.org.br\/portal2\/4568\"> <\/a>","protected":false},"author":1,"featured_media":0,"comment_status":"open","ping_status":"open","sticky":false,"template":"","format":"standard","meta":{"jetpack_post_was_ever_published":false,"_jetpack_newsletter_access":"","_jetpack_dont_email_post_to_subs":false,"_jetpack_newsletter_tier_id":0,"_jetpack_memberships_contains_paywalled_content":false,"_jetpack_memberships_contains_paid_content":false,"footnotes":"","jetpack_publicize_message":"","jetpack_publicize_feature_enabled":true,"jetpack_social_post_already_shared":false,"jetpack_social_options":{"image_generator_settings":{"template":"highway","default_image_id":0,"font":"","enabled":false},"version":2}},"categories":[100],"tags":[],"class_list":["post-4568","post","type-post","status-publish","format-standard","hentry","category-c113-a-semana-no-olhar-comunista"],"jetpack_publicize_connections":[],"jetpack_featured_media_url":"","jetpack_shortlink":"https:\/\/wp.me\/p659gw-1bG","jetpack-related-posts":[],"jetpack_likes_enabled":true,"jetpack_sharing_enabled":true,"_links":{"self":[{"href":"https:\/\/pcb.org.br\/portal2\/wp-json\/wp\/v2\/posts\/4568","targetHints":{"allow":["GET"]}}],"collection":[{"href":"https:\/\/pcb.org.br\/portal2\/wp-json\/wp\/v2\/posts"}],"about":[{"href":"https:\/\/pcb.org.br\/portal2\/wp-json\/wp\/v2\/types\/post"}],"author":[{"embeddable":true,"href":"https:\/\/pcb.org.br\/portal2\/wp-json\/wp\/v2\/users\/1"}],"replies":[{"embeddable":true,"href":"https:\/\/pcb.org.br\/portal2\/wp-json\/wp\/v2\/comments?post=4568"}],"version-history":[{"count":0,"href":"https:\/\/pcb.org.br\/portal2\/wp-json\/wp\/v2\/posts\/4568\/revisions"}],"wp:attachment":[{"href":"https:\/\/pcb.org.br\/portal2\/wp-json\/wp\/v2\/media?parent=4568"}],"wp:term":[{"taxonomy":"category","embeddable":true,"href":"https:\/\/pcb.org.br\/portal2\/wp-json\/wp\/v2\/categories?post=4568"},{"taxonomy":"post_tag","embeddable":true,"href":"https:\/\/pcb.org.br\/portal2\/wp-json\/wp\/v2\/tags?post=4568"}],"curies":[{"name":"wp","href":"https:\/\/api.w.org\/{rel}","templated":true}]}}