{"id":4569,"date":"2013-04-02T03:50:07","date_gmt":"2013-04-02T03:50:07","guid":{"rendered":"http:\/\/pcb.org.br\/portal2\/?p=4569"},"modified":"2013-04-02T03:50:07","modified_gmt":"2013-04-02T03:50:07","slug":"algo-de-podre-no-estado-de-israel","status":"publish","type":"post","link":"https:\/\/pcb.org.br\/portal2\/4569","title":{"rendered":"Algo de podre no estado de Israel"},"content":{"rendered":"\n<p>Diz-se que o diabo arrasta com ele um fedor de fogo e enxofre. Os feitos do diabo s\u00e3o frequentemente descritos como &#8220;o mal mais alucinado&#8221;.\u00a0<strong>[1]<\/strong> E quem pare\u00e7a (seja ou n\u00e3o seja) inocente \u00e9 sempre descrito como &#8220;cheirando a rosas.&#8221; Parece haver, pois, associa\u00e7\u00e3o antiga entre feitos e fedores.<\/p>\n<p>O ex\u00e9rcito israelense recentemente se empenhou em demonstrar essa associa\u00e7\u00e3o. Dia 6 de mar\u00e7o, o Middle East Monitor noticiou\u00a0<strong>[2]<\/strong> que<\/p>\n<p style=\"padding-left: 60px; text-align: left;\">&#8220;o ex\u00e9rcito de Israel atacou casas de palestinos na vila de Nabi Saleh com jatos de \u00e1gua podre de esgoto, como puni\u00e7\u00e3o aos palestinos que organizavam protestos semanais contra o Muro do Apartheid constru\u00eddo em terra roubada. O grupo de defesa de direitos humanos B&#8217;Tselem publicou um v\u00eddeo\u00a0<strong>[3]<\/strong> no qual se veem caminh\u00f5es-tanques blindados israelenses, armados com &#8216;canh\u00f5es d&#8217;\u00e1gua&#8217;, lan\u00e7ando \u00e1gua podre de esgotos sobre casas de palestinos.&#8221;<\/p>\n<p>A \u00e1gua podre de esgoto \u00e9 l\u00edquido t\u00e3o mal-cheiroso que n\u00e3o h\u00e1 quem n\u00e3o se afaste para o mais longe que possa, de quem feda como fede aquela \u00e1gua podre. N\u00e3o \u00e9 a primeira vez que o ex\u00e9rcito de Israel usa esse tipo de t\u00e1tica imunda.<\/p>\n<p>Os colonos sionistas orgulham-se muito da pr\u00e1tica de lan\u00e7ar os esgotos\u00a0<strong>[4]<\/strong> bem longe das pr\u00f3prias col\u00f4nias, quase sempre erguidas nas \u00e1reas mais altas, diretamente nos campos e cidades palestinas, nos vales abaixo. Ao que tudo indica, s\u00e3o pr\u00e1ticas conhecidas e, muito provavelmente, aprovadas pelo estado de Israel.<\/p>\n<p>Duvido que muitos dos israelenses envolvidos nessas manobras tenham algum dia lido O Inferno, de Dante. Naquele poema \u00e9pico, o inferno \u00e9 lugar afogado em esgoto e podrid\u00e3o: as a\u00e7\u00f5es dos israelenses parecem desejar reproduzir o mesmo cen\u00e1rio. Estar\u00e3o os israelenses dedicados a converter em inferno a Terra Santa? Sim, pelo menos no que tenha a ver com os palestinos. Por isso os colonos e os soldados copiam os passos dos amaldi\u00e7oados de Dante.<\/p>\n<p>At\u00e9 onde vai o fedor das a\u00e7\u00f5es dos israelenses? Com certeza chega at\u00e9 Londres. Recentemente, o deputado David Ward, do partido Democr\u00e1tico Liberal escreveu num livro de visitas do Memorial do Holocausto que<\/p>\n<p style=\"padding-left: 60px; text-align: left;\">&#8220;tendo visitado Auschwitz duas vezes (&#8230;) muito me entristece ver que os judeus, v\u00edtimas de n\u00edveis inacredit\u00e1veis de persegui\u00e7\u00e3o durante o Holocausto, j\u00e1 estivessem, poucos anos depois de libertados daqueles campos de morte, a infligir tais atrocidades aos palestinos no novo Estado de Israel e que continuem a fazer o mesmo at\u00e9 hoje, diariamente, na Cisjord\u00e2nia e em Gaza.&#8221;\u00a0<strong>[5]<\/strong><\/p>\n<p>A refer\u00eancia que Ward fez a &#8220;os judeus&#8221; \u00e9 qualificada, porque nem todos os judeus ap\u00f3iam o sionismo nem a ideia de que Israel tenha algum direito a ocupar &#8220;Jud\u00e9ia e Samaria&#8221;, muito menos a comandar pogroms\u00a0<strong>[6]<\/strong> como se veem hoje, em a\u00e7\u00f5es de limpeza \u00e9tnica em \u00e1reas que o estado israelense controla. A verdade \u00e9 que cada dia mais e mais judeus norte-americanos manifestam-se contra o que Israel faz na Palestina.\u00a0<strong>[7]<\/strong><\/p>\n<p>Mas Ward acerta no que diz do comportamento do &#8220;estado judeu&#8221;. E \u00e9 poss\u00edvel que a generaliza\u00e7\u00e3o errada, na frase de Ward, seja resultado da propaganda israelense, que nunca se cansa de repetir que Israel representa(ria) todos os judeus do mundo.<\/p>\n<p>Mas nem todos d\u00e3o sinais de desgostar do fedor que emana do estado de Israel: h\u00e1 os que gostam. O partido Liberal Democr\u00e1tico do deputado Ward chamou-o \u00e0s falas, pelo crime de ter denunciado que os crimes do mal mais alucinado continua a ser praticados contra os palestinos, por autoproclamados representantes de todos os judeus.<\/p>\n<p>Teria bastado uma advert\u00eancia discreta, que lembrasse Ward de que, em todos os casos, devem-se evitar generaliza\u00e7\u00f5es. Mas, usando processo semelhante ao que se v\u00ea nos regimes totalit\u00e1rios, o partido Liberal Democr\u00e1tico ordenou<\/p>\n<p style=\"padding-left: 60px; text-align: left;\">que o deputado &#8220;procure a divis\u00e3o do partido chamada Amigos de Israel, para informar-se sobre o correto linguajar que os deputados devem empregar sempre que falarem sobre o conflito Israel-palestinos.&#8221;<\/p>\n<p>O deputado obedeceu e distribuiu as exigidas desculpas p\u00fablicas. Meu nariz fareja a\u00ed um horr\u00edvel fedor de censura.<\/p>\n<p>Mas uma coisa \u00e9 punir algu\u00e9m por chamar a aten\u00e7\u00e3o para o abjeto comportamento de Israel. Outra, diferente, \u00e9 insistir no desatino de pretender que o que \u00e9 insano e abjeto seria justo e bom. Haveria algu\u00e9m suficientemente c\u00ednico, impiedoso, a ponto de impor a outros seres humanos esse tipo de castigo nauseabundo e em seguida elogiar o castigo e todo o fedor, ante as c\u00e2meras de televis\u00e3o de todo mundo? Parece que h\u00e1. Parece que vive em Washington, onde negar os fedores que emanam de Israel \u00e9 pr\u00e1tica quase un\u00e2nime. Parece que \u00e9 presidente dos EUA.<\/p>\n<p>Dia 15\/3, antes de partir para visitar Israel, o presidente Obama disse, em entrevista ao Canal 2 da televis\u00e3o israelense,\u00a0<strong>[8]<\/strong> que admira muito &#8220;os valores centrais&#8221; de Israel.<\/p>\n<p>Em an\u00e1lise que publicou depois, o jornalista israelense Gideon Levy \u2013 que tem nariz honesto e fareja podrid\u00f5es onde as haja \u2013 perguntou<\/p>\n<p style=\"padding-left: 60px; text-align: left;\">&#8220;de que valores Obama falava? De desumanizar os palestinos? Da atitude contra migrantes africanos? Da arrog\u00e2ncia? Do racismo? Do nacionalismo? Obama admira isso? Ser\u00e1 que jamais, antes, ouviu falar de \u00f4nibus segregados (palestinos n\u00e3o entram)? Ser\u00e1 que jamais antes ouviu falar de comunidades convivendo no mesmo territ\u00f3rio, uma com todos os direitos, a outra sem nenhum direito? Ter\u00e1 esquecido&#8230; tudo?!<\/p>\n<p>Dizer que admira &#8216;os valores centrais&#8217; de um dos pa\u00edses mais racistas do mundo, onde h\u00e1 muro e pol\u00edticas de apartheid, significa, isso sim, trair todos os valores centrais do movimento pelos direitos civis nos EUA \u2013 o movimento que tornou poss\u00edvel o milagre-Obama.&#8221;\u00a0<strong>[9]<\/strong><\/p>\n<p>O caso \u00e9 que, chegado a Israel, o presidente Obama disse que o apoio dos EUA \u00e0quela Israel que Levy descreve ser\u00e1 &#8220;eterno&#8221;, forever.\u00a0<strong>[10]<\/strong> Deve-se acrescentar que, ao mesmo tempo, o presidente insistiu que os palestinos parem de querer o fim das constru\u00e7\u00f5es nas col\u00f4nias em territ\u00f3rio ocupado e das correspondentes pol\u00edticas de esgoto podre&#8230; ou jamais ter\u00e3o qualquer conversa\u00e7\u00e3o de &#8220;paz&#8221; com os israelenses.<\/p>\n<p>No que tenha a ver com Israel, nem o presidente Obama nem a maior parte dos pol\u00edticos no Congresso dos EUA s\u00e3o capazes de ver a diferen\u00e7a entre o certo e o errado, entre o justo e o &#8220;mal mais alucinado&#8221;. Por isso vivem num mundo \u00e0 parte, estanque, s\u00f3 deles, cujos par\u00e2metros e &#8216;valores&#8217; s\u00e3o definidos e &#8216;ensinados&#8217; a eles por um lobby sionista ao qual se deram poderes orwellianos.<\/p>\n<p>Nesse mundo excepcional, abunda o duplipensar. Racismo, apartheid, limpeza \u00e9tnica e o uso t\u00e1tico de \u00e1gua podre de esgotos e Skunk desaparecem, substitu\u00eddos por imagin\u00e1rios &#8216;valores centrais&#8217; que cheiram a rosas.<\/p>\n<p>O presidente, se quiser, que se afogue o quanto queira, privadamente, nos fedores mais nauseabundos, e chame-os de cheiro de rosa o quanto queira. Mas quando tenta vender a n\u00f3s todos a falcatrua, \u00e9 a credibilidade de seus discursos que se vai pelo esgoto. Lembremos o que George Orwell ensinou sobre o mau uso do discurso pol\u00edtico.<strong>[11]<\/strong><\/p>\n<p>Usada para o mal mais desatinado, a fala pol\u00edtica torna poss\u00edvel &#8220;defender o indefens\u00e1vel&#8221; e &#8220;foi constru\u00edda para fazer mentiras soarem como verdades, para tornar respeit\u00e1vel o assassinato e para dar ao vento apar\u00eancia de solidez.&#8221; A isso est\u00e1 reduzida a fala da maioria dos pol\u00edticos, no que tenha a ver com Israel\/Palestina.<\/p>\n<p>Que isso continuar\u00e1 para sempre, como quer o presidente Obama, \u00e9 puro exagero, hip\u00e9rbole. Considere-se um recente relat\u00f3rio da CIA,\u00a0<strong>[12]<\/strong> que questiona a capacidade do estado sionista para conseguir sobreviver outros vinte anos.<\/p>\n<p>A verdade \u00e9 que o fedor que emana de Israel indica podrid\u00e3o sociopol\u00edtica intestina, t\u00e3o podre quanto as t\u00e1ticas podres que Israel usa contra moradores n\u00e3o judeus. Mais cedo ou mais tarde, qualquer homem, qualquer mulher que ainda preserve boa consci\u00eancia humana (e melhor se mantiverem tamb\u00e9m nariz honesto e em funcionamento) passar\u00e3o a recusar a ter qualquer associa\u00e7\u00e3o ou contato com esse estado, na pr\u00e1tica, j\u00e1 estado de apartheid.<\/p>\n<p>25\/Mar\u00e7o\/2013<\/p>\n<p>[1] Orig. &#8220;most foul&#8221;. A express\u00e3o aparece em Hamlet, ato 1, cena 5, quando o espectro do rei assassinado conta a Hamlet sobre o crime de que foi v\u00edtima:<em>Murder most foul, as in the best it is, but this most foul, strange and unnatural <\/em>&#8221; [aprox. &#8220;Assassinato \u00e9 sempre [o mal] mais alucinado, mas esse do qual falo \u00e9 o mais alucinado de todos, estranho, contra a natureza&#8221;]. Foul sempre significa &#8220;mau&#8221;, em algum sentido. O espectro diz a Hamlet que, dentre os assassinatos, sempre o pior dos crimes, assassinar o pr\u00f3prio irm\u00e3o \u00e9 o crime pior [NTs, com informa\u00e7\u00f5es de<a href=\"http:\/\/wiki.answers.com\/Q\/Murder_most_foul_meaning_in_Shakespeare\" target=\"_blank\">http:\/\/wiki.answers.com\/Q\/Murder_most_foul_meaning_in_Shakespeare<\/a> ]. [2]\u00a0<a href=\"http:\/\/www.middleeastmonitor.com\/news\/middle-east\/5416-israeli-security-forces-spray-raw-sewage-at-palestinian-homes\" target=\"_blank\">www.middleeastmonitor.com\/&#8230;<\/a> [3]\u00a0<a href=\"http:\/\/www.youtube.com\/watch?v=-njv7RJqtRM\" target=\"_blank\">http:\/\/www.youtube.com\/watch?v=-njv7RJqtRM<\/a> [4]\u00a0<a href=\"http:\/\/www.imemc.org\/article\/58538\" target=\"_blank\">http:\/\/www.imemc.org\/article\/58538<\/a> [5]\u00a0<a href=\"http:\/\/www.thetelegraphandargus.co.uk\/news\/10190675.MP_David_Ward_censured_by_Lib_Dems_over__Jews__reference\/\" target=\"_blank\">www.thetelegraphandargus.co.uk\/&#8230;<\/a> [6]\u00a0<a href=\"http:\/\/news.bbc.co.uk\/2\/hi\/middle_east\/7770384.stm\" target=\"_blank\">http:\/\/news.bbc.co.uk\/2\/hi\/middle_east\/7770384.stm<\/a> [7]\u00a0<a href=\"http:\/\/www.aish.com\/jw\/s\/48918377.html\" target=\"_blank\">http:\/\/www.aish.com\/jw\/s\/48918377.html<\/a> [8]\u00a0<a href=\"http:\/\/www.jpost.com\/International\/Article.aspx?id=180902\" target=\"_blank\">http:\/\/www.jpost.com\/International\/Article.aspx?id=180902<\/a> [9]\u00a0<a href=\"http:\/\/www.haaretz.com\/opinion\/when-obama-speaks-and-says-nothing.premium-1.509911\" target=\"_blank\">www.haaretz.com\/opinion\/when-obama-speaks-and-says-nothing.premium-1.509911<\/a> [10]\u00a0<a href=\"http:\/\/www.commondreams.org\/headline\/2013\/03\/20-3\" target=\"_blank\">http:\/\/www.commondreams.org\/headline\/2013\/03\/20-3<\/a> [11]\u00a0<a href=\"http:\/\/en.wikipedia.org\/wiki\/Politics_and_the_English_Language\" target=\"_blank\">http:\/\/en.wikipedia.org\/wiki\/Politics_and_the_English_Language<\/a> . O artigo de Orwell pode ser lido, em portugu\u00eas, em<a href=\"http:\/\/criticanarede.com\/linguagempolitica.html\" target=\"_blank\">http:\/\/criticanarede.com\/linguagempolitica.html<\/a> [12]\u00a0<a href=\"http:\/\/www.globalresearch.ca\/cia-report-israel-will-fall-in-20-years\/12706\" target=\"_blank\">http:\/\/www.globalresearch.ca\/cia-report-israel-will-fall-in-20-years\/12706<\/a><\/p>\n<p><strong>[*]\u00a0Professor de Hist\u00f3ria na West Chester University, EUA<\/strong><\/p>\n<p>O original encontra-se em\u00a0<a href=\"http:\/\/www.tothepointanalyses.com\/category\/israel\" target=\"_blank\">http:\/\/www.tothepointanalyses.com\/category\/israel<\/a> . Tradu\u00e7\u00e3o de Vila Vudu.<\/p>\n<p><strong>Este artigo encontra-se em\u00a0<a href=\"http:\/\/resistir.info\/\" target=\"_blank\">http:\/\/resistir.info\/<\/a> .<\/strong><\/p>\n","protected":false},"excerpt":{"rendered":"Lawrence Davidson\u00a0[*] \n<a class=\"moretag\" href=\"https:\/\/pcb.org.br\/portal2\/4569\"> <\/a>","protected":false},"author":1,"featured_media":0,"comment_status":"open","ping_status":"open","sticky":false,"template":"","format":"standard","meta":{"jetpack_post_was_ever_published":false,"_jetpack_newsletter_access":"","_jetpack_dont_email_post_to_subs":false,"_jetpack_newsletter_tier_id":0,"_jetpack_memberships_contains_paywalled_content":false,"_jetpack_memberships_contains_paid_content":false,"footnotes":"","jetpack_publicize_message":"","jetpack_publicize_feature_enabled":true,"jetpack_social_post_already_shared":false,"jetpack_social_options":{"image_generator_settings":{"template":"highway","default_image_id":0,"font":"","enabled":false},"version":2}},"categories":[78],"tags":[],"class_list":["post-4569","post","type-post","status-publish","format-standard","hentry","category-c91-solidariedade-a-palestina"],"jetpack_publicize_connections":[],"jetpack_featured_media_url":"","jetpack_shortlink":"https:\/\/wp.me\/p659gw-1bH","jetpack-related-posts":[],"jetpack_likes_enabled":true,"jetpack_sharing_enabled":true,"_links":{"self":[{"href":"https:\/\/pcb.org.br\/portal2\/wp-json\/wp\/v2\/posts\/4569","targetHints":{"allow":["GET"]}}],"collection":[{"href":"https:\/\/pcb.org.br\/portal2\/wp-json\/wp\/v2\/posts"}],"about":[{"href":"https:\/\/pcb.org.br\/portal2\/wp-json\/wp\/v2\/types\/post"}],"author":[{"embeddable":true,"href":"https:\/\/pcb.org.br\/portal2\/wp-json\/wp\/v2\/users\/1"}],"replies":[{"embeddable":true,"href":"https:\/\/pcb.org.br\/portal2\/wp-json\/wp\/v2\/comments?post=4569"}],"version-history":[{"count":0,"href":"https:\/\/pcb.org.br\/portal2\/wp-json\/wp\/v2\/posts\/4569\/revisions"}],"wp:attachment":[{"href":"https:\/\/pcb.org.br\/portal2\/wp-json\/wp\/v2\/media?parent=4569"}],"wp:term":[{"taxonomy":"category","embeddable":true,"href":"https:\/\/pcb.org.br\/portal2\/wp-json\/wp\/v2\/categories?post=4569"},{"taxonomy":"post_tag","embeddable":true,"href":"https:\/\/pcb.org.br\/portal2\/wp-json\/wp\/v2\/tags?post=4569"}],"curies":[{"name":"wp","href":"https:\/\/api.w.org\/{rel}","templated":true}]}}