{"id":457,"date":"2010-05-11T16:56:49","date_gmt":"2010-05-11T16:56:49","guid":{"rendered":"http:\/\/pcb.org.br\/portal2\/?p=457"},"modified":"2010-05-11T16:56:49","modified_gmt":"2010-05-11T16:56:49","slug":"pela-formacao-de-uma-frente-judia-arabe-pela-defesa-da-democracia","status":"publish","type":"post","link":"https:\/\/pcb.org.br\/portal2\/457","title":{"rendered":"Pela forma\u00e7\u00e3o de uma frente Judia-\u00c1rabe pela defesa da democracia"},"content":{"rendered":"\n<p align=\"justify\">O Comit\u00ea Central do Partido Comunista de Israel (PCI) clama contra o recrudescimento contra a democracia no espa\u00e7o de Israel e contra os processos de fascistiza\u00e7\u00e3o; e chama para uma ampla frente em defesa da democracia.<\/p>\n<p align=\"justify\">Os recentes ataques contra jornalistas e a imprensa e a constante tentativa de cercear a liberdade de express\u00e3o; impedindo a publica\u00e7\u00e3o dos casos de pris\u00e3o; cobrando um jornalismo de \u201cespionagem\u201d e proibindo a publica\u00e7\u00e3o de documentos sobre opera\u00e7\u00f5es ilegais de assassinatos de Palestinos nos Territ\u00f3rios Ocupados; tratando o jornalista que publica os documentos (aprovados pela censura) com pris\u00e3o, enquanto n\u00e3o toma nenhuma provid\u00eancia contra os oficiais que autorizaram os assassinatos; incitando contra o jornal di\u00e1rio \u201cHaaretz\u201d, que publicou o artigo \u2013 tudo isso \u00e9 express\u00e3o da grave deteriora\u00e7\u00e3o \u00e0 luz dos esfor\u00e7os do governo em destruir a democracia.<\/p>\n<p align=\"justify\">Esse \u00faltimo assunto \u00e9 outra parte dos ataques recentes contra a democracia: as mudan\u00e7as pol\u00edticas dos \u201cpoliciais de assalto\u201d pressionam contra o Membro do Knesset, Muhammad Barakeh, membro do Comit\u00ea Pol\u00edtico do PCI e l\u00edder da Frente Democr\u00e1tica pela Paz e Igualdade; o incitamento contra a Funda\u00e7\u00e3o Novo Israel (FNI) e a Associa\u00e7\u00e3o por Direitos Civis em Israel (ADCI); a mar\u00e9 de legisla\u00e7\u00e3o racista e antidemocr\u00e1tica no Knesset; o banimento dos protestos populares contra o Muro da Separa\u00e7\u00e3o em Bil\u2019in e Nil\u2019in; a persegui\u00e7\u00e3o da pol\u00edcia contra manifestantes em Sheikh Jarrah; e os ataques com tiros no clube do PCI em Umm El-Fahem.<\/p>\n<p align=\"justify\">Nossas previs\u00f5es se tornaram realidade: a pol\u00edtica sistem\u00e1tica de banimento das liberdades dos cidad\u00e3os \u00c1rabes, al\u00e9m de n\u00e3o ter sido parada, est\u00e1 agora contra todos os cidad\u00e3os de Israel, Judeus e \u00c1rabes. A persegui\u00e7\u00e3o aos comunistas \u00e9 acompanhada pela persegui\u00e7\u00e3o a democratas e liberais.<\/p>\n<p align=\"justify\">\u00c0 luz da urgente necessidade de uma luta em defesa do homem e dos direitos civis, o PCI chama para um esfor\u00e7o crescente de forma\u00e7\u00e3o de uma frente Judia-\u00c1rabe em defesa da democracia. Essa frente deve incluir todos aqueles que prezam a democracia, independente de diferen\u00e7as ideol\u00f3gicas.<\/p>\n<p align=\"justify\">Formar uma frente de defesa da democracia, na arena nacional e nas arenas locais &#8211; \u00e9 nossa responsabilidade e nossa miss\u00e3o entre os trabalhadores e os jovens, entre ambos os povos desse pa\u00eds.<\/p>\n<p align=\"justify\"><strong>Por um Oriente M\u00e9dio Livre de armas nucleares <\/strong><\/p>\n<p align=\"justify\">O acordo EUA-R\u00fassia sobre a redu\u00e7\u00e3o do arsenal de armas nucleares \u00e9 um passo na dire\u00e7\u00e3o certa. A resolu\u00e7\u00e3o da C\u00fapula \u00c1rabe por um Oriente M\u00e9dio livre de armadas nucleares \u00e9, tamb\u00e9m, um passo na dire\u00e7\u00e3o certa.<\/p>\n<p align=\"justify\">O PCI reitera a import\u00e2ncia da luta para a destrui\u00e7\u00e3o de tais armas, para um futuro no qual Israel, assim como os pa\u00edses vizinhos, e o Oriente M\u00e9dio num todo, estar\u00e3o livres das armas nucleares e todas as armas de destrui\u00e7\u00e3o em massa.<\/p>\n<p align=\"justify\"><strong>Desentendimentos n\u00e3o quebraram a \u201cAlian\u00e7a Estrat\u00e9gica\u201d <\/strong><\/p>\n<p align=\"justify\">De acordo com reportagens, a administra\u00e7\u00e3o de Obama est\u00e1 demandando, do governo de Netanyahu, o congelamento de constru\u00e7\u00f5es na vizinhan\u00e7a \u00c1rabe da Jerusal\u00e9m Oriental e ao longo da Cisjord\u00e2nia, para alcan\u00e7ar um acordo com a Autoridade Palestina em dois anos.<\/p>\n<p align=\"justify\">Consideramos que todas as medidas que limitam a expans\u00e3o dos colonos e a expuls\u00e3o dos Palestinos de seus lares e terras como passos importantes. No entanto, as declara\u00e7\u00f5es da administra\u00e7\u00e3o Obama relativas a essas quest\u00f5es est\u00e3o para serem testadas em suas implementa\u00e7\u00f5es.<\/p>\n<p align=\"justify\">Os desacordos t\u00e1ticos entre Obama e Netanyahu n\u00e3o afetaram a alian\u00e7a estrat\u00e9gica entre Israel e EUA. Pelo contr\u00e1rio, recentemente a administra\u00e7\u00e3o Obama fez a transfer\u00eancia de tr\u00eas milh\u00f5es de d\u00f3lares para Israel, para a compra de 25 avi\u00f5es F-35 e avi\u00f5es de carga, como parte das prepara\u00e7\u00f5es de um poss\u00edvel assalto ao Ir\u00e3. Enquanto isso, os EUA continuam armazenando equipamento militar em Israel.<\/p>\n<p align=\"justify\"><strong>Pobreza entre os trabalhadores <\/strong><\/p>\n<p align=\"justify\">Recentemente, o Banco de Israel se juntou \u00e0s fileiras daqueles que t\u00eam alertado, h\u00e1 anos \u2013 o PCI inclusive \u2013 contra a pol\u00edtica que leva, mais e mais, as fam\u00edlias dos trabalhadores para a pobreza e a desigualdade. Os resultados do Banco de Israel mostram hoje, novamente, a pol\u00edtica de privatiza\u00e7\u00e3o, redu\u00e7\u00e3o de impostos para os ricos, desemprego, redu\u00e7\u00e3o de direitos trabalhistas, assim como uma repress\u00e3o contra a organiza\u00e7\u00e3o sindical aprofundam o fosso entre o capital e o trabalho, aumentando a riquezas dos ricos e o n\u00famero de pessoas abaixo do n\u00edvel da pobreza.<\/p>\n<p align=\"justify\">O PCI, contra essa pol\u00edtica, est\u00e1 do lado daqueles trabalhadores que lutam para formarem sindicatos nos seus espa\u00e7os de trabalho, melhorando seus sal\u00e1rios e condi\u00e7\u00f5es de trabalho.<\/p>\n<p align=\"justify\"><a href=\"http:\/\/www.maki.org.il\/he\/english-mainmenu-106\" target=\"_blank\">http:\/\/www.maki.org.il\/he\/english-mainmenu-106 <\/a><\/p>\n","protected":false},"excerpt":{"rendered":"\n\n\nCr\u00e9dito: PCI\n\n\n\n\nPartido Comunista de Israel:\n<a class=\"moretag\" href=\"https:\/\/pcb.org.br\/portal2\/457\"> <\/a>","protected":false},"author":1,"featured_media":0,"comment_status":"open","ping_status":"open","sticky":false,"template":"","format":"standard","meta":{"jetpack_post_was_ever_published":false,"_jetpack_newsletter_access":"","_jetpack_dont_email_post_to_subs":false,"_jetpack_newsletter_tier_id":0,"_jetpack_memberships_contains_paywalled_content":false,"_jetpack_memberships_contains_paid_content":false,"footnotes":"","jetpack_publicize_message":"","jetpack_publicize_feature_enabled":true,"jetpack_social_post_already_shared":false,"jetpack_social_options":{"image_generator_settings":{"template":"highway","default_image_id":0,"font":"","enabled":false},"version":2}},"categories":[71],"tags":[],"class_list":["post-457","post","type-post","status-publish","format-standard","hentry","category-c84-solidariedade"],"jetpack_publicize_connections":[],"jetpack_featured_media_url":"","jetpack_shortlink":"https:\/\/wp.me\/p659gw-7n","jetpack-related-posts":[],"jetpack_likes_enabled":true,"jetpack_sharing_enabled":true,"_links":{"self":[{"href":"https:\/\/pcb.org.br\/portal2\/wp-json\/wp\/v2\/posts\/457","targetHints":{"allow":["GET"]}}],"collection":[{"href":"https:\/\/pcb.org.br\/portal2\/wp-json\/wp\/v2\/posts"}],"about":[{"href":"https:\/\/pcb.org.br\/portal2\/wp-json\/wp\/v2\/types\/post"}],"author":[{"embeddable":true,"href":"https:\/\/pcb.org.br\/portal2\/wp-json\/wp\/v2\/users\/1"}],"replies":[{"embeddable":true,"href":"https:\/\/pcb.org.br\/portal2\/wp-json\/wp\/v2\/comments?post=457"}],"version-history":[{"count":0,"href":"https:\/\/pcb.org.br\/portal2\/wp-json\/wp\/v2\/posts\/457\/revisions"}],"wp:attachment":[{"href":"https:\/\/pcb.org.br\/portal2\/wp-json\/wp\/v2\/media?parent=457"}],"wp:term":[{"taxonomy":"category","embeddable":true,"href":"https:\/\/pcb.org.br\/portal2\/wp-json\/wp\/v2\/categories?post=457"},{"taxonomy":"post_tag","embeddable":true,"href":"https:\/\/pcb.org.br\/portal2\/wp-json\/wp\/v2\/tags?post=457"}],"curies":[{"name":"wp","href":"https:\/\/api.w.org\/{rel}","templated":true}]}}