{"id":4573,"date":"2013-04-03T19:51:02","date_gmt":"2013-04-03T19:51:02","guid":{"rendered":"http:\/\/pcb.org.br\/portal2\/?p=4573"},"modified":"2013-04-03T19:51:02","modified_gmt":"2013-04-03T19:51:02","slug":"por-que-yoani-nao-denuncia-a-greve-de-fome-em-cuba","status":"publish","type":"post","link":"https:\/\/pcb.org.br\/portal2\/4573","title":{"rendered":"Por que Yoani n\u00e3o denuncia a greve de fome em Cuba?"},"content":{"rendered":"\n<p>Prisioneiros em Cuba \u201cest\u00e3o em greve de fome h\u00e1 43 dias em protesto contra o confisco de bens pessoais como fotografias, cartas e exemplares do Cor\u00e3o\u201d \u2026 e a blogueira Yoani Sanchez n\u00e3o d\u00e1 uma palavra sobre o assunto. Por qu\u00ea?<\/p>\n<p>A \u201cONG Centro de Direitos Constitucionais, baseada em Nova York, afirma que a greve de fome j\u00e1 alcan\u00e7a 130 dos 166? detentos em Cuba\u2026 e a blogueira Yoani Sanchez n\u00e3o d\u00e1 uma palavra sobre o assunto. Por qu\u00ea?<\/p>\n<p>O antrop\u00f3logo Mark Mason, especialista em fatores culturais causadores de sofrimento humano, em entrevista \u00e0 rede russa RT declarou: \u201cMais da metade deles est\u00e1 livre de acusa\u00e7\u00f5es. Eles deveriam estar na rua, sa\u00edrem da pris\u00e3o hoje mesmo\u201d. No entanto, est\u00e3o presos em Cuba, em greve de fome\u2026 e a blogueira Yoani Sanchez n\u00e3o d\u00e1 uma palavra sobre o assunto. Por qu\u00ea?<\/p>\n<p>O mesmo antrop\u00f3logo prosseguiu: \u201cEu n\u00e3o consigo descrever as condi\u00e7\u00f5es horr\u00edveis, o tratamento e a humilha\u00e7\u00e3o que muitos desses detentos reportaram. Eles s\u00e3o obrigados a ficar em p\u00e9, sem roupas, em salas geladas por horas. S\u00f3 isso j\u00e1 constitui estresse f\u00edsico, \u00e9 uma tortura psicol\u00f3gica indescrit\u00edvel\u201d. E agora h\u00e1 a greve de fome\u2026 e a blogueira Yoani Sanchez n\u00e3o d\u00e1 uma palavra sobre o assunto. Por qu\u00ea?<\/p>\n<p>Um dos prisioneiros relatou que \u201cEles realmente tentam de tudo para nos quebrar, incluindo tortura f\u00edsica e psicol\u00f3gica. Eu mesmo fui torturado com eletrochoques e waterboarding [simula\u00e7\u00e3o de afogamento]. Presenciei ainda crian\u00e7as entre nove e 12 anos dentro dos campos. \u00c9 muito dif\u00edcil observar essas crian\u00e7as sendo espancadas em minha frente\u201d. Por isso muitos dos 133 detentos em Cuba est\u00e3o em greve de fome desde o dia 6 de fevereiro\u2026 e a blogueira Yoani Sanchez n\u00e3o d\u00e1 uma palavra sobre o assunto. Por qu\u00ea?<\/p>\n<p>Sabe por qu\u00ea? Porque tudo isso est\u00e1 acontecendo na ilha de Cuba, mas n\u00e3o sob administra\u00e7\u00e3o cubana. Tudo isso se passa na pris\u00e3o de Guant\u00e2namo, na Base Naval dos Estados Unidos na Ba\u00eda de Guant\u00e2namo, sob responsabilidade dos Estados Unidos da Am\u00e9rica.<\/p>\n<p>Por isso Yoani Sanchez n\u00e3o fala nada. Tamb\u00e9m as Damas de Blanco est\u00e3o silentes. Yoani Sanchez n\u00e3o fala nada, e mais uma vez deixa cair a m\u00e1scara e mostra a servi\u00e7o de quem se encontra.<\/p>\n<p>Fonte: Outras Palavras<\/p>\n","protected":false},"excerpt":{"rendered":"\nPor Ant\u00f4nio Mello, no Blog do Mello\n<a class=\"moretag\" href=\"https:\/\/pcb.org.br\/portal2\/4573\"> <\/a>","protected":false},"author":1,"featured_media":0,"comment_status":"open","ping_status":"open","sticky":false,"template":"","format":"standard","meta":{"jetpack_post_was_ever_published":false,"_jetpack_newsletter_access":"","_jetpack_dont_email_post_to_subs":false,"_jetpack_newsletter_tier_id":0,"_jetpack_memberships_contains_paywalled_content":false,"_jetpack_memberships_contains_paid_content":false,"footnotes":"","jetpack_publicize_message":"","jetpack_publicize_feature_enabled":true,"jetpack_social_post_already_shared":false,"jetpack_social_options":{"image_generator_settings":{"template":"highway","default_image_id":0,"font":"","enabled":false},"version":2}},"categories":[77],"tags":[],"class_list":["post-4573","post","type-post","status-publish","format-standard","hentry","category-c90-solidariedade-a-cuba"],"jetpack_publicize_connections":[],"jetpack_featured_media_url":"","jetpack_shortlink":"https:\/\/wp.me\/p659gw-1bL","jetpack-related-posts":[],"jetpack_likes_enabled":true,"jetpack_sharing_enabled":true,"_links":{"self":[{"href":"https:\/\/pcb.org.br\/portal2\/wp-json\/wp\/v2\/posts\/4573","targetHints":{"allow":["GET"]}}],"collection":[{"href":"https:\/\/pcb.org.br\/portal2\/wp-json\/wp\/v2\/posts"}],"about":[{"href":"https:\/\/pcb.org.br\/portal2\/wp-json\/wp\/v2\/types\/post"}],"author":[{"embeddable":true,"href":"https:\/\/pcb.org.br\/portal2\/wp-json\/wp\/v2\/users\/1"}],"replies":[{"embeddable":true,"href":"https:\/\/pcb.org.br\/portal2\/wp-json\/wp\/v2\/comments?post=4573"}],"version-history":[{"count":0,"href":"https:\/\/pcb.org.br\/portal2\/wp-json\/wp\/v2\/posts\/4573\/revisions"}],"wp:attachment":[{"href":"https:\/\/pcb.org.br\/portal2\/wp-json\/wp\/v2\/media?parent=4573"}],"wp:term":[{"taxonomy":"category","embeddable":true,"href":"https:\/\/pcb.org.br\/portal2\/wp-json\/wp\/v2\/categories?post=4573"},{"taxonomy":"post_tag","embeddable":true,"href":"https:\/\/pcb.org.br\/portal2\/wp-json\/wp\/v2\/tags?post=4573"}],"curies":[{"name":"wp","href":"https:\/\/api.w.org\/{rel}","templated":true}]}}