{"id":4580,"date":"2013-04-04T00:04:43","date_gmt":"2013-04-04T00:04:43","guid":{"rendered":"http:\/\/pcb.org.br\/portal2\/?p=4580"},"modified":"2013-04-04T00:04:43","modified_gmt":"2013-04-04T00:04:43","slug":"mais-um-militante-do-mst-assassinado","status":"publish","type":"post","link":"https:\/\/pcb.org.br\/portal2\/4580","title":{"rendered":"Mais um militante do MST assassinado"},"content":{"rendered":"<br \/>\n<hr \/>\n<p>O companheiro F\u00e1bio dos Santos Silva, de 35 anos, foi morto com 15 tiros em Igua\u00ed, no interior da Bahia. Trata-se do terceiro caso em pouqu\u00edssimo tempo (dois ocorreram em Campos dos Goytacazes, no Rio de Janeiro).<\/p>\n<p>\u00c9 significativo que o fato ocorra na semana em que lembramos o Golpe de 1964, e pouqu\u00edssimo tempo ap\u00f3s a OAB do Rio de Janeiro ter sido alvo de atentado terrorista, al\u00e9m das amea\u00e7as de agrupamento neonazista ao PCB no edif\u00edcio da sede de seu Comit\u00ea Central.<\/p>\n<p>N\u00e3o podemos deixar passar batido &#8211; para piorar a situa\u00e7\u00e3o -, nessa conjuntura de avan\u00e7o das a\u00e7\u00f5es do pior tipo de direita, as presen\u00e7as de Marcos Feliciano e Blairo Maggi nas presid\u00eancias respectivas das comiss\u00f5es de Direitos Humanos e Meio Ambiente no parlamento brasileiro.<\/p>\n<p>O Pal\u00e1cio do Planalto continua permitindo que tais fatos continuem ocorrendo a esmo para n\u00e3o se indispor com os por\u00f5es da ditadura e as &#8220;bases de apoio parlamentar&#8221; da bancada evang\u00e9lica e do Agroneg\u00f3cio, numa prova cabal de que a presidente Dilma perdeu completamente a vergonha na cara.<\/p>\n","protected":false},"excerpt":{"rendered":"\nO\u00a0Olhar Comunista desta quarta comenta o assassinato do terceiro militante do MST nos \u00faltimos meses. Para o Minist\u00e9rio da Justi\u00e7a, a Pol\u00edcia Federal,o Incra e a Secretaria Nacional de Direitos Humanos fica a pergunta: quantos mais morrer\u00e3o at\u00e9 que se tome uma medida efetiva?\n<a class=\"moretag\" href=\"https:\/\/pcb.org.br\/portal2\/4580\"> <\/a>","protected":false},"author":1,"featured_media":0,"comment_status":"open","ping_status":"open","sticky":false,"template":"","format":"standard","meta":{"jetpack_post_was_ever_published":false,"_jetpack_newsletter_access":"","_jetpack_dont_email_post_to_subs":false,"_jetpack_newsletter_tier_id":0,"_jetpack_memberships_contains_paywalled_content":false,"_jetpack_memberships_contains_paid_content":false,"footnotes":"","jetpack_publicize_message":"","jetpack_publicize_feature_enabled":true,"jetpack_social_post_already_shared":false,"jetpack_social_options":{"image_generator_settings":{"template":"highway","default_image_id":0,"font":"","enabled":false},"version":2}},"categories":[100],"tags":[],"class_list":["post-4580","post","type-post","status-publish","format-standard","hentry","category-c113-a-semana-no-olhar-comunista"],"jetpack_publicize_connections":[],"jetpack_featured_media_url":"","jetpack_shortlink":"https:\/\/wp.me\/p659gw-1bS","jetpack-related-posts":[],"jetpack_likes_enabled":true,"jetpack_sharing_enabled":true,"_links":{"self":[{"href":"https:\/\/pcb.org.br\/portal2\/wp-json\/wp\/v2\/posts\/4580","targetHints":{"allow":["GET"]}}],"collection":[{"href":"https:\/\/pcb.org.br\/portal2\/wp-json\/wp\/v2\/posts"}],"about":[{"href":"https:\/\/pcb.org.br\/portal2\/wp-json\/wp\/v2\/types\/post"}],"author":[{"embeddable":true,"href":"https:\/\/pcb.org.br\/portal2\/wp-json\/wp\/v2\/users\/1"}],"replies":[{"embeddable":true,"href":"https:\/\/pcb.org.br\/portal2\/wp-json\/wp\/v2\/comments?post=4580"}],"version-history":[{"count":0,"href":"https:\/\/pcb.org.br\/portal2\/wp-json\/wp\/v2\/posts\/4580\/revisions"}],"wp:attachment":[{"href":"https:\/\/pcb.org.br\/portal2\/wp-json\/wp\/v2\/media?parent=4580"}],"wp:term":[{"taxonomy":"category","embeddable":true,"href":"https:\/\/pcb.org.br\/portal2\/wp-json\/wp\/v2\/categories?post=4580"},{"taxonomy":"post_tag","embeddable":true,"href":"https:\/\/pcb.org.br\/portal2\/wp-json\/wp\/v2\/tags?post=4580"}],"curies":[{"name":"wp","href":"https:\/\/api.w.org\/{rel}","templated":true}]}}