{"id":4586,"date":"2013-04-04T20:53:29","date_gmt":"2013-04-04T20:53:29","guid":{"rendered":"http:\/\/pcb.org.br\/portal2\/?p=4586"},"modified":"2013-04-04T20:53:29","modified_gmt":"2013-04-04T20:53:29","slug":"fidel-castro-o-que-esta-acontecendo-na-coreia","status":"publish","type":"post","link":"https:\/\/pcb.org.br\/portal2\/4586","title":{"rendered":"Fidel Castro: O que est\u00e1 acontecendo na Coreia?"},"content":{"rendered":"\n<p>Para entender a atual crise que afeta a pen\u00ednsula coreana nada melhor do que colocar a presente conjuntura em seu contexto hist\u00f3rico. E ningu\u00e9m melhor do que Fidel para oferecer-nos uma vis\u00e3o sint\u00e9tica e did\u00e1tica do tema, dada a complexidade do processo que conduziu a esta grave situa\u00e7\u00e3o atual. Compartilhamos duas \u201creflex\u00f5es\u201d que o Comandante escreveu, em julho de 2008, e que conservam toda sua atualidade.<\/p>\n<p>Os acontecimentos que se sucederam depois dos seus escritos em nada modificam as teses centrais que ali se apresentam. Pelo contr\u00e1rio, o desenlace atual estava j\u00e1 escrito no jogo de for\u00e7as que o imperialismo e seus aliados estabeleceram depois da Guerra da Coreia com o prop\u00f3sito de conter o &#8220;expansionismo&#8221; sovi\u00e9tico e as &#8220;ambi\u00e7\u00f5es territoriais&#8221; da triunfante Revolu\u00e7\u00e3o Chinesa.<\/p>\n<p>Confio que com este material possamos compreender um pouco melhor as caracter\u00edsticas e implica\u00e7\u00f5es da crise que se est\u00e1 desenvolvendo nessa parte do mundo que, para variar, foi apresentada de um modo brutalmente desfigurado pelos meios de comunica\u00e7\u00e3o a servi\u00e7o do imperialismo: uma Coreia m\u00e1, agressiva, beligerante, a do Norte; e outra Coreia boa, amiga do Ocidente e amante da paz, a Coreia do Sul. Oculta-se que este \u00e9 um pa\u00eds ocupado pelos Estados Unidos e que cuja pol\u00edtica exterior n\u00e3o \u00e9 decidida pelo povo sul-coreano nem em Seul, ela \u00e9 determinada em Washington, mais concretamente no Pent\u00e1gono.<\/p>\n<p>Fonte:\u00a0<a href=\"http:\/\/www.cubasi.cu\/cubasi-noticias-cuba-mundo-ultima-hora\/item\/15891-fidel-castro-%C2%BFque-esta-ocurriendo-en-corea\" target=\"_blank\">http:\/\/www.cubasi.cu\/cubasi-noticias-cuba-mundo-ultima-hora\/item\/15891-fidel-castro-%C2%BFque-esta-ocurriendo-en-corea<\/a><\/p>\n<p>Tradu\u00e7\u00e3o: PCB PARTIDO COMUNISTA BRASILEIRO<\/p>\n","protected":false},"excerpt":{"rendered":"\nEscrito por Atilio Bor\u00f3n\n<a class=\"moretag\" href=\"https:\/\/pcb.org.br\/portal2\/4586\"> <\/a>","protected":false},"author":1,"featured_media":0,"comment_status":"open","ping_status":"open","sticky":false,"template":"","format":"standard","meta":{"jetpack_post_was_ever_published":false,"_jetpack_newsletter_access":"","_jetpack_dont_email_post_to_subs":false,"_jetpack_newsletter_tier_id":0,"_jetpack_memberships_contains_paywalled_content":false,"_jetpack_memberships_contains_paid_content":false,"footnotes":"","jetpack_publicize_message":"","jetpack_publicize_feature_enabled":true,"jetpack_social_post_already_shared":false,"jetpack_social_options":{"image_generator_settings":{"template":"highway","default_image_id":0,"font":"","enabled":false},"version":2}},"categories":[71],"tags":[],"class_list":["post-4586","post","type-post","status-publish","format-standard","hentry","category-c84-solidariedade"],"jetpack_publicize_connections":[],"jetpack_featured_media_url":"","jetpack_shortlink":"https:\/\/wp.me\/p659gw-1bY","jetpack-related-posts":[],"jetpack_likes_enabled":true,"jetpack_sharing_enabled":true,"_links":{"self":[{"href":"https:\/\/pcb.org.br\/portal2\/wp-json\/wp\/v2\/posts\/4586","targetHints":{"allow":["GET"]}}],"collection":[{"href":"https:\/\/pcb.org.br\/portal2\/wp-json\/wp\/v2\/posts"}],"about":[{"href":"https:\/\/pcb.org.br\/portal2\/wp-json\/wp\/v2\/types\/post"}],"author":[{"embeddable":true,"href":"https:\/\/pcb.org.br\/portal2\/wp-json\/wp\/v2\/users\/1"}],"replies":[{"embeddable":true,"href":"https:\/\/pcb.org.br\/portal2\/wp-json\/wp\/v2\/comments?post=4586"}],"version-history":[{"count":0,"href":"https:\/\/pcb.org.br\/portal2\/wp-json\/wp\/v2\/posts\/4586\/revisions"}],"wp:attachment":[{"href":"https:\/\/pcb.org.br\/portal2\/wp-json\/wp\/v2\/media?parent=4586"}],"wp:term":[{"taxonomy":"category","embeddable":true,"href":"https:\/\/pcb.org.br\/portal2\/wp-json\/wp\/v2\/categories?post=4586"},{"taxonomy":"post_tag","embeddable":true,"href":"https:\/\/pcb.org.br\/portal2\/wp-json\/wp\/v2\/tags?post=4586"}],"curies":[{"name":"wp","href":"https:\/\/api.w.org\/{rel}","templated":true}]}}