{"id":4587,"date":"2013-04-05T00:49:02","date_gmt":"2013-04-05T00:49:02","guid":{"rendered":"http:\/\/pcb.org.br\/portal2\/?p=4587"},"modified":"2013-04-05T00:49:02","modified_gmt":"2013-04-05T00:49:02","slug":"ii-acampamento-de-formacao-marca-a-nova-fase-de-crescimento-da-ujc","status":"publish","type":"post","link":"https:\/\/pcb.org.br\/portal2\/4587","title":{"rendered":"II Acampamento de Forma\u00e7\u00e3o marca a nova fase de crescimento da UJC"},"content":{"rendered":"\n<p>O II Acampamento Nacional de Forma\u00e7\u00e3o da UJC, realizado em Aracaju-SE, \u00e9 um marco hist\u00f3rico para a Juventude Comunista. Essa atividade representa a passagem de uma etapa de reorganiza\u00e7\u00e3o para um processo de massifica\u00e7\u00e3o da UJC. O Acampamento de Forma\u00e7\u00e3o representou um momento de estudo e qualifica\u00e7\u00e3o te\u00f3rica e pol\u00edtica da milit\u00e2ncia.<\/p>\n<p>Contando com a grande receptividade e organiza\u00e7\u00e3o da UJC e do PCB em Sergipe, esta atividade contou com a participa\u00e7\u00e3o de aproximadamente 80 militantes de treze diferentes estados do pa\u00eds. Al\u00e9m desse reconhecimento da milit\u00e2ncia, contaram-se tamb\u00e9m com significativas sauda\u00e7\u00f5es das seguintes organiza\u00e7\u00f5es internacionais: Juventude Comunista Venezuelana, Juventude Comunista dos Povos da Espanha, Juventude Trabalhadora Socialista da Alemanha, Liga da Juventude Comunista do M\u00e9xico e Juventude Comunista Grega (KNE), caracterizando a import\u00e2ncia que a UJC t\u00eam hoje no contexto internacional.<\/p>\n<p>Construir esse Acampamento Nacional na regi\u00e3o nordeste tem um significado pol\u00edtico-organizativo importante, pois, representa o crescimento e fortalecimento massivo da UJC nesta regi\u00e3o do pa\u00eds, principalmente a partir de nosso VI Congresso Nacional, ocorrido no ano passado.<\/p>\n<p>Foram discutidos neste curso: o m\u00e9todo de Marx, a quest\u00e3o da organiza\u00e7\u00e3o em Lenin, a realidade brasileira e os Comunistas, al\u00e9m da import\u00e2ncia da utiliza\u00e7\u00e3o dos mecanismos de agita\u00e7\u00e3o e propaganda para a atua\u00e7\u00e3o dos Jovens Comunistas nesse momento hist\u00f3rico.<\/p>\n<p>A prioridade desses momentos de forma\u00e7\u00e3o representa a retomada do estudo da teoria marxista com o objetivo de qualificar a pr\u00e1tica dos Comunistas, retomando a tradi\u00e7\u00e3o da pr\u00e1xis, enquanto unidade entre teoria e pr\u00e1tica, caracter\u00edstica significativa do legado do Movimento Comunista Internacional. Segundo Adriana Henning, da Coordena\u00e7\u00e3o Nacional da UJC, \u00a0\u201c\u2026o sucesso do Acampamento representa o novo ciclo de organiza\u00e7\u00e3o da UJC. Agora estamos maduros para aprofundarmos a massifica\u00e7\u00e3o e enraizamento desta hist\u00f3rica organiza\u00e7\u00e3o dos Jovens Comunistas no movimento de massas. A forma\u00e7\u00e3o pol\u00edtica e ideol\u00f3gica de nossos militantes.\u201d<\/p>\n<p>Tamb\u00e9m durante o encontro, a Coordena\u00e7\u00e3o Nacional da UJC apresentou o calend\u00e1rio de Lutas priorit\u00e1rias dos comunistas e a intensifica\u00e7\u00e3o das a\u00e7\u00f5es de Agita\u00e7\u00e3o e Propaganda nos Estados. Al\u00e9m disso, a alegria, camaradagem e troca de experi\u00eancias entre os militantes foram a t\u00f4nica do clima deste vitorioso Acampamento, mais uma a\u00e7\u00e3o que projeta a UJC enquanto uma alternativa revolucion\u00e1ria para a juventude brasileira.<\/p>\n<p><strong>VIVA A UNI\u00c3O DA JUVENTUDE COMUNISTA!!<\/strong><\/p>\n<p><strong>OUSAR LUTAR, OUSAR VENCER!!<\/strong><\/p>\n<p><a href=\"http:\/\/ujc.org.br\/ujc\/?p=649\" target=\"_blank\">http:\/\/ujc.org.br\/ujc\/?p=649<\/a><\/p>\n","protected":false},"excerpt":{"rendered":"\n<a class=\"moretag\" href=\"https:\/\/pcb.org.br\/portal2\/4587\"> <\/a>","protected":false},"author":1,"featured_media":0,"comment_status":"open","ping_status":"open","sticky":false,"template":"","format":"standard","meta":{"jetpack_post_was_ever_published":false,"_jetpack_newsletter_access":"","_jetpack_dont_email_post_to_subs":false,"_jetpack_newsletter_tier_id":0,"_jetpack_memberships_contains_paywalled_content":false,"_jetpack_memberships_contains_paid_content":false,"footnotes":"","jetpack_publicize_message":"","jetpack_publicize_feature_enabled":true,"jetpack_social_post_already_shared":false,"jetpack_social_options":{"image_generator_settings":{"template":"highway","default_image_id":0,"font":"","enabled":false},"version":2}},"categories":[27],"tags":[],"class_list":["post-4587","post","type-post","status-publish","format-standard","hentry","category-c27-ujc"],"jetpack_publicize_connections":[],"jetpack_featured_media_url":"","jetpack_shortlink":"https:\/\/wp.me\/p659gw-1bZ","jetpack-related-posts":[],"jetpack_likes_enabled":true,"jetpack_sharing_enabled":true,"_links":{"self":[{"href":"https:\/\/pcb.org.br\/portal2\/wp-json\/wp\/v2\/posts\/4587","targetHints":{"allow":["GET"]}}],"collection":[{"href":"https:\/\/pcb.org.br\/portal2\/wp-json\/wp\/v2\/posts"}],"about":[{"href":"https:\/\/pcb.org.br\/portal2\/wp-json\/wp\/v2\/types\/post"}],"author":[{"embeddable":true,"href":"https:\/\/pcb.org.br\/portal2\/wp-json\/wp\/v2\/users\/1"}],"replies":[{"embeddable":true,"href":"https:\/\/pcb.org.br\/portal2\/wp-json\/wp\/v2\/comments?post=4587"}],"version-history":[{"count":0,"href":"https:\/\/pcb.org.br\/portal2\/wp-json\/wp\/v2\/posts\/4587\/revisions"}],"wp:attachment":[{"href":"https:\/\/pcb.org.br\/portal2\/wp-json\/wp\/v2\/media?parent=4587"}],"wp:term":[{"taxonomy":"category","embeddable":true,"href":"https:\/\/pcb.org.br\/portal2\/wp-json\/wp\/v2\/categories?post=4587"},{"taxonomy":"post_tag","embeddable":true,"href":"https:\/\/pcb.org.br\/portal2\/wp-json\/wp\/v2\/tags?post=4587"}],"curies":[{"name":"wp","href":"https:\/\/api.w.org\/{rel}","templated":true}]}}