{"id":4589,"date":"2013-04-06T14:52:54","date_gmt":"2013-04-06T14:52:54","guid":{"rendered":"http:\/\/pcb.org.br\/portal2\/?p=4589"},"modified":"2013-04-06T14:52:54","modified_gmt":"2013-04-06T14:52:54","slug":"milhares-de-estudantes-e-trabalhadores-ganham-as-ruas-de-porto-alegre-contra-o-aumento-abusivo-no-valor-das-passagens-de-onibus","status":"publish","type":"post","link":"https:\/\/pcb.org.br\/portal2\/4589","title":{"rendered":"Milhares de estudantes e trabalhadores ganham as ruas de Porto Alegre contra o aumento abusivo no valor das passagens de \u00f4nibus"},"content":{"rendered":"\n<p>Em Porto Alegre, milhares de estudantes e trabalhadores ganham as ruas para manifestar seu descontentamento com o abusivo aumento no valor das passagens de \u00f4nibus. Um amplo processo de reorganiza\u00e7\u00e3o e mobiliza\u00e7\u00e3o se coloca contra o processo de privatiza\u00e7\u00e3o do transporte p\u00fablico que, atualmente, \u00e9 controlado por quatro empresas (CARRIS, UNIBUS, STS, CONORTE) que maximizam seus lucros pagando baixos sal\u00e1rios aos trabalhadores. Em poucas semanas, as principais ruas e avenidas da zona central da cidade foram tomadas por manifestantes que, reunidos em diversos atos (22\/03, 25\/03, 27\/03, 01\/04 e 04\/04), vem demonstrando a for\u00e7a do poder popular.<\/p>\n<p>Este movimento vem sofrendo uma forte marginaliza\u00e7\u00e3o midi\u00e1tica, principalmente pela via televisiva, vindo a moldar a opini\u00e3o p\u00fablica de que estes estudantes e trabalhadores s\u00e3o, nada mais, nada menos, do que grandes \u201cbaderneiros\u201d. Sabemos que este apelo se coloca no sentido de buscar enfraquecer esta onda de manifesta\u00e7\u00f5es com medo de que ela deixe de ser \u201capenas uma onda\u201d, e passe a mudar a realidade, com o povo na rua lutando por seus direitos.<\/p>\n<p>Nesta quinta-feira, nem mesmo a chuva foi capaz de frear este movimento. A concentra\u00e7\u00e3o em frente a Prefeitura teve um sabor especial quando, pr\u00f3ximo das 18:30 abaixo de chuva, foi repassada aos manifestantes a informa\u00e7\u00e3o de que o reajuste havia sido revogado temporariamente por uma liminar judicial, gerando uma ampla comemora\u00e7\u00e3o e valoriza\u00e7\u00e3o da luta.<\/p>\n<p>A partir dai as ruas foram, mais uma vez, tomadas pelos milhares de estudantes e trabalhadores. Com aproximadamente tr\u00eas horas de caminhada, a manifesta\u00e7\u00e3o se reuniu no Largo Glenio Peres e decidiu pontos fundamentais para a continua\u00e7\u00e3o do movimento. Dessa forma, ser\u00e1 realizada uma assembleia no domingo (08\/04), no parque da reden\u00e7\u00e3o, assim como foi tirado o indicativo de mais atos nas pr\u00f3ximas semanas.<\/p>\n<p>*Vicente Cabrera Calheiros \u00e9 mestrando em Educa\u00e7\u00e3o F\u00edsica na Universidade Federal de Santa Maria\/RS e militante do PCB.<\/p>\n","protected":false},"excerpt":{"rendered":"Vicente Cabrera Calheiros*\n<a class=\"moretag\" href=\"https:\/\/pcb.org.br\/portal2\/4589\"> <\/a>","protected":false},"author":1,"featured_media":0,"comment_status":"open","ping_status":"open","sticky":false,"template":"","format":"standard","meta":{"jetpack_post_was_ever_published":false,"_jetpack_newsletter_access":"","_jetpack_dont_email_post_to_subs":false,"_jetpack_newsletter_tier_id":0,"_jetpack_memberships_contains_paywalled_content":false,"_jetpack_memberships_contains_paid_content":false,"footnotes":"","jetpack_publicize_message":"","jetpack_publicize_feature_enabled":true,"jetpack_social_post_already_shared":false,"jetpack_social_options":{"image_generator_settings":{"template":"highway","default_image_id":0,"font":"","enabled":false},"version":2}},"categories":[20],"tags":[],"class_list":["post-4589","post","type-post","status-publish","format-standard","hentry","category-c1-popular"],"jetpack_publicize_connections":[],"jetpack_featured_media_url":"","jetpack_shortlink":"https:\/\/wp.me\/p659gw-1c1","jetpack-related-posts":[],"jetpack_likes_enabled":true,"jetpack_sharing_enabled":true,"_links":{"self":[{"href":"https:\/\/pcb.org.br\/portal2\/wp-json\/wp\/v2\/posts\/4589","targetHints":{"allow":["GET"]}}],"collection":[{"href":"https:\/\/pcb.org.br\/portal2\/wp-json\/wp\/v2\/posts"}],"about":[{"href":"https:\/\/pcb.org.br\/portal2\/wp-json\/wp\/v2\/types\/post"}],"author":[{"embeddable":true,"href":"https:\/\/pcb.org.br\/portal2\/wp-json\/wp\/v2\/users\/1"}],"replies":[{"embeddable":true,"href":"https:\/\/pcb.org.br\/portal2\/wp-json\/wp\/v2\/comments?post=4589"}],"version-history":[{"count":0,"href":"https:\/\/pcb.org.br\/portal2\/wp-json\/wp\/v2\/posts\/4589\/revisions"}],"wp:attachment":[{"href":"https:\/\/pcb.org.br\/portal2\/wp-json\/wp\/v2\/media?parent=4589"}],"wp:term":[{"taxonomy":"category","embeddable":true,"href":"https:\/\/pcb.org.br\/portal2\/wp-json\/wp\/v2\/categories?post=4589"},{"taxonomy":"post_tag","embeddable":true,"href":"https:\/\/pcb.org.br\/portal2\/wp-json\/wp\/v2\/tags?post=4589"}],"curies":[{"name":"wp","href":"https:\/\/api.w.org\/{rel}","templated":true}]}}