{"id":4606,"date":"2013-04-10T16:38:26","date_gmt":"2013-04-10T16:38:26","guid":{"rendered":"http:\/\/pcb.org.br\/portal2\/?p=4606"},"modified":"2013-04-10T16:38:26","modified_gmt":"2013-04-10T16:38:26","slug":"o-pt-pode-ter-se-tornado-qualquer-coisa-menos-o-pcb-ainda-mais-o-do-seculo-xxi","status":"publish","type":"post","link":"https:\/\/pcb.org.br\/portal2\/4606","title":{"rendered":"O PT pode ter se tornado qualquer coisa, menos o PCB. Ainda mais o do s\u00e9culo XXI&#8230;"},"content":{"rendered":"\n<p>Em entrevista ao site IHU Online, reproduzida no mesmo dia pelo Brasil de Fato, Rud\u00e1 Ricci, apresentado como soci\u00f3logo,\u00a0faz uma declara\u00e7\u00e3o estapaf\u00fardia, que preferimos creditar \u00e0 sua ignor\u00e2ncia para n\u00e3o declararmos que foi a fria e crua m\u00e1-f\u00e9.<\/p>\n<p>Numa cr\u00edtica \u00e0 trajet\u00f3ria do PT nos \u00faltimos 10 anos, Rud\u00e1 diz que &#8220;o PT se acomodou \u00e0s cl\u00e1ssicas ideologias de esquerda que tanto criticou na sua origem: estatismo, centralismo, personalismo, burocratiza\u00e7\u00e3o. O PT se tornou o PCB do s\u00e9culo XXI&#8221;. Essa foi das maiores mentiras j\u00e1 ditas em qualquer 1\u00ba abril &#8211; por coincid\u00eancia, o dia da publica\u00e7\u00e3o.<\/p>\n<p>Antes de dialogar com o entrevistado, um par\u00eantesis necess\u00e1rio: causa estranheza a escolha editorial feita para o t\u00edtulo da entrevista, justamente &#8220;O PT se tornou o PCB do s\u00e9culo XXI&#8221;.<\/p>\n<p>Da entrevista, citamos sem grandes dificuldades outras duas declara\u00e7\u00f5es mais fidedignas da realidade petista, que certamente preencheriam a manchete com maior precis\u00e3o factual: &#8221; O PT&#8230; \u00e9 uma mera estrutura de poder sem imagina\u00e7\u00e3o e programa&#8221; e &#8220;o PT se &#8216;peemedebizou&#8217; &#8220;.<\/p>\n<p>At\u00e9 porque, se as duas cita\u00e7\u00f5es acima est\u00e3o corret\u00edssimas, a compara\u00e7\u00e3o com o PCB n\u00e3o cabe: o PT pode ter se tornado qualquer coisa, menos o PCB. Ainda mais o do s\u00e9culo XXI&#8230;<\/p>\n<p>Nem em seus piores momentos, nos grandes erros estrat\u00e9gicos e t\u00e1ticos, o PCB se assemelhou a essa camarilha. Enquanto o PCB enviou combatentes para lutar ao lado dos republicanos na Guerra Civil Espanhola, o PT envia tropas para a ocupa\u00e7\u00e3o do Haiti; enquanto o PCB lutou pelo monop\u00f3lio do petr\u00f3leo e a cria\u00e7\u00e3o da Petrobras, o PT entrega nossas reservas em leil\u00f5es da ANP; enquanto nossos militantes foram julgados na justi\u00e7a brasileira pelo fato de serem comunistas, o PT tem alguns de seus dirigentes importantes condenados &#8211; com tramita\u00e7\u00e3o em julgado &#8211; por corrup\u00e7\u00e3o ativa e passiva; enquanto o PCB sempre lutou pelos direitos trabalhistas e previdenci\u00e1rios, o PT apresenta uma proposta de Acordo Coletivo Especial que acaba com esses direitos e se lambuza nos conselhos de administra\u00e7\u00e3o dos fundos de pens\u00e3o.<\/p>\n<p>Por fim, em uma hist\u00f3ria cujos contornos ainda s\u00e3o desconhecidos, enquanto o PCB passou a maior parte de sua hist\u00f3ria na clandestinidade, o PT se legalizava em 11 de fevereiro de 1982 \u2013 mesmo ano em que a Pol\u00edcia Federal acabou com um Congresso clandestino do PCB e prendeu todos seus participantes . Ali\u00e1s, ao contr\u00e1rio de Lula, nenhum integrante do PCB jamais declarou que os governos Medici e Geisel tiveram aspectos\u00a0positivos &#8211; afinal de contas, o PCB era criminalizado nesse per\u00edodo e 13 de seus integrantes continuam com o destino de seus restos mortais desconhecido.<\/p>\n<p>Rud\u00e1 erra at\u00e9 mesmo nos itens que levanta para sua compara\u00e7\u00e3o. Ao falar sobre &#8220;estatismo&#8221;, o soci\u00f3logo se esquece da iniciativa do PCB de lutar pelo Poder Popular com a cria\u00e7\u00e3o dos conselhos populares, lan\u00e7ados pelo Partido na d\u00e9cada de 1950. Ao citar o &#8220;centralismo&#8221; e o \u201cpersonalismo\u201d, esquece de dizer que no PCB todas as decis\u00f5es foram e s\u00e3o tomadas coletivamente, e que sobreviveu \u00e0s perdas, divis\u00f5es e defec\u00e7\u00f5es de algumas de suas maiores figuras p\u00fablicas. J\u00e1 no PT, o que Lula fala vira lei, trata-se de uma organiza\u00e7\u00e3o ref\u00e9m do senhor Luis In\u00e1cio. Por fim, sobre a &#8220;burocratiza\u00e7\u00e3o&#8221;: n\u00e3o h\u00e1, nos 91 anos de hist\u00f3ria do PCB, arrivistas, carreiristas e oportunistas que cheguem perto dos &#8220;feitos biogr\u00e1ficos&#8221; de um Del\u00fabio Soares.<\/p>\n<p><strong>Autocr\u00edtica, o PCB faz na pr\u00e1tica<\/strong><\/p>\n<p>Desfeita tal aberra\u00e7\u00e3o comparativa, \u00e9 preciso afirmar: se o PCB n\u00e3o pode ser comparado ao PT, nem em seus piores momentos, qui\u00e7\u00e1 o PCB do S\u00e9culo XXI. Como um f\u00eanix renascido das cinzas, de toda a sorte de desvios reformistas, o PCB dos \u00faltimos anos \u00e9 a ant\u00edtese do PT e de seus acordos eleitoreiros e rebaixados, da arte de governar &#8220;como nunca antes na hist\u00f3ria desse pa\u00eds&#8221; para banqueiros e empreiteiras, de rela\u00e7\u00f5es imperiais com nossos povos vizinhos, de alian\u00e7as comerciais armamentistas com Israel para o assassinato do povo palestino, de submiss\u00e3o \u00e0 FIFA e ao COI em &#8220;mamatas ol\u00edmpicas&#8221;, de alian\u00e7as em governos estaduais e municipais que colocam suas PMs para o assassinato da popula\u00e7\u00e3o pobre, do &#8220;ter&#8221; vale mais que &#8220;ser&#8221; do consumismo endividador desenfreado, das fotos esp\u00farias e sorridentes ao lado de personagens como Fernando Collor, Jos\u00e9 Sarney, Renan Calheiros e outros canalhas menos votados.<\/p>\n<p>N\u00e3o, Rud\u00e1, o PCB nunca frequentou e nem frequenta o esgoto da pol\u00edtica. Seja l\u00e1 o que o PT se tornou, \u00e9 l\u00e1 que ele chafurda.<\/p>\n<p><em>Paulo Schueler \u00e9 jornalista e membro do Comit\u00ea Central do PCB<\/em><\/p>\n","protected":false},"excerpt":{"rendered":"Paulo Schueler\n<a class=\"moretag\" href=\"https:\/\/pcb.org.br\/portal2\/4606\"> <\/a>","protected":false},"author":1,"featured_media":0,"comment_status":"open","ping_status":"open","sticky":false,"template":"","format":"standard","meta":{"jetpack_post_was_ever_published":false,"_jetpack_newsletter_access":"","_jetpack_dont_email_post_to_subs":false,"_jetpack_newsletter_tier_id":0,"_jetpack_memberships_contains_paywalled_content":false,"_jetpack_memberships_contains_paid_content":false,"footnotes":"","jetpack_publicize_message":"","jetpack_publicize_feature_enabled":true,"jetpack_social_post_already_shared":false,"jetpack_social_options":{"image_generator_settings":{"template":"highway","default_image_id":0,"font":"","enabled":false},"version":2}},"categories":[23],"tags":[],"class_list":["post-4606","post","type-post","status-publish","format-standard","hentry","category-c29-organizacao"],"jetpack_publicize_connections":[],"jetpack_featured_media_url":"","jetpack_shortlink":"https:\/\/wp.me\/p659gw-1ci","jetpack-related-posts":[],"jetpack_likes_enabled":true,"jetpack_sharing_enabled":true,"_links":{"self":[{"href":"https:\/\/pcb.org.br\/portal2\/wp-json\/wp\/v2\/posts\/4606","targetHints":{"allow":["GET"]}}],"collection":[{"href":"https:\/\/pcb.org.br\/portal2\/wp-json\/wp\/v2\/posts"}],"about":[{"href":"https:\/\/pcb.org.br\/portal2\/wp-json\/wp\/v2\/types\/post"}],"author":[{"embeddable":true,"href":"https:\/\/pcb.org.br\/portal2\/wp-json\/wp\/v2\/users\/1"}],"replies":[{"embeddable":true,"href":"https:\/\/pcb.org.br\/portal2\/wp-json\/wp\/v2\/comments?post=4606"}],"version-history":[{"count":0,"href":"https:\/\/pcb.org.br\/portal2\/wp-json\/wp\/v2\/posts\/4606\/revisions"}],"wp:attachment":[{"href":"https:\/\/pcb.org.br\/portal2\/wp-json\/wp\/v2\/media?parent=4606"}],"wp:term":[{"taxonomy":"category","embeddable":true,"href":"https:\/\/pcb.org.br\/portal2\/wp-json\/wp\/v2\/categories?post=4606"},{"taxonomy":"post_tag","embeddable":true,"href":"https:\/\/pcb.org.br\/portal2\/wp-json\/wp\/v2\/tags?post=4606"}],"curies":[{"name":"wp","href":"https:\/\/api.w.org\/{rel}","templated":true}]}}