{"id":4611,"date":"2013-04-11T16:48:35","date_gmt":"2013-04-11T16:48:35","guid":{"rendered":"http:\/\/pcb.org.br\/portal2\/?p=4611"},"modified":"2013-04-11T16:48:35","modified_gmt":"2013-04-11T16:48:35","slug":"debates-sobre-marx-e-o-capital-no-rj","status":"publish","type":"post","link":"https:\/\/pcb.org.br\/portal2\/4611","title":{"rendered":"DEBATES SOBRE MARX E O CAPITAL NO RJ"},"content":{"rendered":"\n<p>O Rio de janeiro sediar\u00e1, nos dias 17 e 18 de abril, dois debates que integram o projeto MARX: a cria\u00e7\u00e3o destruidora, realizado pela Boitempo Editorial e outras institui\u00e7\u00f5es em seis cidades brasileiras. O evento no Rio tem como parceiros o Instituto de Filosofia e Ci\u00eancias Sociais (IFCS) e o Laborat\u00f3rio de Estudos sobre Hegemonia e Contra-Hegemonia (LEHC), ambos da Universidade Federal do Rio de Janeiro (UFRJ). A iniciativa re\u00fane renomados acad\u00eamicos cariocas para debater a atualidade de Karl Marx e de sua obra m\u00e1xima,\u00a0<em>O capital<\/em>, em tempos de crise.<\/p>\n<p>Abrindo os debates, no dia 17, \u00e0s 14h, participam da mesa &#8220;Marx, as crises e o capitalismo contempor\u00e2neo&#8221;, os professores Carlos Eduardo Martins, Marcelo Carcanholo, Marco Aur\u00e9lio Santana e Virg\u00ednia Fontes. Em seguida, no dia 18, tamb\u00e9m \u00e0s 14h, ter\u00e1 lugar o debate &#8220;A teoria marxista como cria\u00e7\u00e3o destruidora&#8221;, com participa\u00e7\u00e3o de Luiz Eduardo Motta, Marildo Menegat, Mauro Iasi e media\u00e7\u00e3o de Carlos Eduardo Martins. A entrada para os debates \u00e9 gratuita e n\u00e3o h\u00e1 necessidade de inscri\u00e7\u00e3o pr\u00e9via.<\/p>\n<p>Para encerrar o projeto nacional, entre 07 e 15 de maio acontecer\u00e1 o IV Curso Livre Marx-Engels, em S\u00e3o Paulo. Com curadoria de Jos\u00e9 Paulo Netto, um dos maiores especialistas em Marx, as aulas ser\u00e3o ministradas por alguns dos principais nomes do marxismo brasileiro em uma apresenta\u00e7\u00e3o tem\u00e1tica e cronol\u00f3gica da obra de Karl Marx e Friedrich Engels.<\/p>\n<p>Esse projeto marca o hist\u00f3rico lan\u00e7amento da edi\u00e7\u00e3o especial, com tradu\u00e7\u00e3o in\u00e9dita, do livro I\u00a0<em>d\u2019O Capital<\/em>, de Karl Marx, 15\u00ba t\u00edtulo da Cole\u00e7\u00e3o Marx Engels, al\u00e9m de\u00a0<em>Para entender O capital<\/em>, de David Harvey;\u00a0<em>Menos que nada: Hegel e a sombra do materialismo dial\u00e9tico<\/em>, de Slavoj \u017di\u017eek;\u00a0<em>Estado e forma pol\u00edtica<\/em>, de Alysson Leandro Mascaro, professor da Faculdade de Direito da Universidade de S\u00e3o Paulo; e o n\u00famero 20 da revista<em>Margem Esquerda<\/em>.<\/p>\n<p>Confira a programa\u00e7\u00e3o completa no site do projeto:\u00a0<a href=\"http:\/\/marxcriacaodestruidora.com.br\/\" target=\"_blank\">http:\/\/marxcriacaodestruidora.com.br<\/a><\/p>\n<p><strong>Servi\u00e7o<\/strong><\/p>\n<p><strong>MARX: a cria\u00e7\u00e3o destruidora no Rio de Janeiro<\/strong><\/p>\n<p><strong>Debate \u201cMarx, as crises e o capitalismo contempor\u00e2neo\u201d<\/strong><\/p>\n<p>com Carlos Eduardo Martins, Marcelo Carcanholo, Marco Aur\u00e9lio Santana e Virg\u00ednia Fontes.<\/p>\n<p>Dia 17\/04 | quarta-feira | \u00e0s 14h<\/p>\n<p>Sal\u00e3o Nobre do IFCS\/UFRJ<\/p>\n<p>Largo de S\u00e3o Francisco de Paula, n\u00ba 01, 2\u00ba andar | Rio de Janeiro<\/p>\n<p><strong>Debate \u201cA teoria marxista como cria\u00e7\u00e3o destruidora\u201d<\/strong><\/p>\n<p>Luiz Eduardo Motta, Marildo Menegat, Mauro Iasi e media\u00e7\u00e3o de Carlos Eduardo Martins.<\/p>\n<p>Dia 18\/04 | quinta-feira | \u00e0s 14h<\/p>\n<p>Sal\u00e3o Nobre do IFCS\/UFRJ<\/p>\n<p>Largo de S\u00e3o Francisco de Paula, n\u00ba 01, 2\u00ba andar | Rio de Janeiro<\/p>\n","protected":false},"excerpt":{"rendered":"\nDebates MARX: a cria\u00e7\u00e3o destruidora no Rio de Janeiro\n<a class=\"moretag\" href=\"https:\/\/pcb.org.br\/portal2\/4611\"> <\/a>","protected":false},"author":1,"featured_media":0,"comment_status":"open","ping_status":"open","sticky":false,"template":"","format":"standard","meta":{"jetpack_post_was_ever_published":false,"_jetpack_newsletter_access":"","_jetpack_dont_email_post_to_subs":false,"_jetpack_newsletter_tier_id":0,"_jetpack_memberships_contains_paywalled_content":false,"_jetpack_memberships_contains_paid_content":false,"footnotes":"","jetpack_publicize_message":"","jetpack_publicize_feature_enabled":true,"jetpack_social_post_already_shared":false,"jetpack_social_options":{"image_generator_settings":{"template":"highway","default_image_id":0,"font":"","enabled":false},"version":2}},"categories":[33],"tags":[],"class_list":["post-4611","post","type-post","status-publish","format-standard","hentry","category-c34-marxismo"],"jetpack_publicize_connections":[],"jetpack_featured_media_url":"","jetpack_shortlink":"https:\/\/wp.me\/p659gw-1cn","jetpack-related-posts":[],"jetpack_likes_enabled":true,"jetpack_sharing_enabled":true,"_links":{"self":[{"href":"https:\/\/pcb.org.br\/portal2\/wp-json\/wp\/v2\/posts\/4611","targetHints":{"allow":["GET"]}}],"collection":[{"href":"https:\/\/pcb.org.br\/portal2\/wp-json\/wp\/v2\/posts"}],"about":[{"href":"https:\/\/pcb.org.br\/portal2\/wp-json\/wp\/v2\/types\/post"}],"author":[{"embeddable":true,"href":"https:\/\/pcb.org.br\/portal2\/wp-json\/wp\/v2\/users\/1"}],"replies":[{"embeddable":true,"href":"https:\/\/pcb.org.br\/portal2\/wp-json\/wp\/v2\/comments?post=4611"}],"version-history":[{"count":0,"href":"https:\/\/pcb.org.br\/portal2\/wp-json\/wp\/v2\/posts\/4611\/revisions"}],"wp:attachment":[{"href":"https:\/\/pcb.org.br\/portal2\/wp-json\/wp\/v2\/media?parent=4611"}],"wp:term":[{"taxonomy":"category","embeddable":true,"href":"https:\/\/pcb.org.br\/portal2\/wp-json\/wp\/v2\/categories?post=4611"},{"taxonomy":"post_tag","embeddable":true,"href":"https:\/\/pcb.org.br\/portal2\/wp-json\/wp\/v2\/tags?post=4611"}],"curies":[{"name":"wp","href":"https:\/\/api.w.org\/{rel}","templated":true}]}}