{"id":4613,"date":"2013-04-11T16:59:43","date_gmt":"2013-04-11T16:59:43","guid":{"rendered":"http:\/\/pcb.org.br\/portal2\/?p=4613"},"modified":"2013-04-11T16:59:43","modified_gmt":"2013-04-11T16:59:43","slug":"video-apresenta-vinculos-entre-capriles-e-mercenarios-salvadorenhos","status":"publish","type":"post","link":"https:\/\/pcb.org.br\/portal2\/4613","title":{"rendered":"V\u00eddeo apresenta v\u00ednculos entre Capriles e mercen\u00e1rios salvadorenhos"},"content":{"rendered":"\n<p>RNV \u2013\u00a0VENEZUELA\u00a0\u00a009\/04\/2013 O ministro para o Interior e Justi\u00e7a da Venezuela, N\u00e9stor Reverol, informou hoje que o Governo praticar\u00e1 \u201cnas pr\u00f3ximas horas\u201d, alguns procedimentos para deter dois grupos de mercen\u00e1rios que tentariam gerar caos e desestabiliza\u00e7\u00e3o frente \u00e0s elei\u00e7\u00f5es de 14 de abril.<\/p>\n<p>\u201cN\u00f3s vamos continuar aprofundando as investiga\u00e7\u00f5es que sejam necess\u00e1rias. Vamos realizar um conjunto de procedimentos nas pr\u00f3ximas horas e n\u00e3o se descartam algumas pris\u00f5es. Vamos defender, custe o que custar, o legado que nos deixou nosso eterno e supremo comandante Hugo Ch\u00e1vez Fr\u00edas, como \u00e9 o caso da independ\u00eancia\u201d.<\/p>\n<p>\u201cCapriles conseguiu arranjar lugares seguros para seu pessoal&#8230; a equipe chegou, segundo me disseram, e est\u00e1 trabalhando em grupos para desorientar o voto\u201d. Este \u00e9 o trecho em que se escuta, claramente, o di\u00e1logo telef\u00f4nico entre o ex-coronel da For\u00e7a Armada de El Salvador (FAES), David Koch Arana, que se encontra na Venezuela, e o dirigente do partido direitista salvadorenho ARENA, Roberto D\u2019Aubuisson, realizada nos dias 23 e 25 de mar\u00e7o de 2013.<\/p>\n<p><em>\u201c\u00c9 por isso que temos lan\u00e7ado m\u00e3o de todos os mecanismos de intelig\u00eancia para realizar os procedimentos que sejam necess\u00e1rios para preservar a paz no pa\u00eds\u201d, precisou Reverol na coletiva de imprensa transmitida pela Venezuela de Televisi\u00f3n.<\/em><\/p>\n<p>Ainda assim, destacou que as pessoas entraram ao pa\u00eds em dois grupos e, inclusive, difundiu \u00e1udios das conversas entre os pretensos mercen\u00e1rios.<\/p>\n<p>Fonte:\u00a0<a href=\"http:\/\/www.youtube.com\/watch?v=89n1nJW8i2Y\" target=\"_blank\">http:\/\/www.youtube.com\/watch?v=89n1nJW8i2Y<\/a><\/p>\n<p>Tradu\u00e7\u00e3o: Partido Comunista Brasileiro (PCB)<\/p>\n","protected":false},"excerpt":{"rendered":"  \n<a class=\"moretag\" href=\"https:\/\/pcb.org.br\/portal2\/4613\"> <\/a>","protected":false},"author":1,"featured_media":0,"comment_status":"open","ping_status":"open","sticky":false,"template":"","format":"standard","meta":{"jetpack_post_was_ever_published":false,"_jetpack_newsletter_access":"","_jetpack_dont_email_post_to_subs":false,"_jetpack_newsletter_tier_id":0,"_jetpack_memberships_contains_paywalled_content":false,"_jetpack_memberships_contains_paid_content":false,"footnotes":"","jetpack_publicize_message":"","jetpack_publicize_feature_enabled":true,"jetpack_social_post_already_shared":false,"jetpack_social_options":{"image_generator_settings":{"template":"highway","default_image_id":0,"font":"","enabled":false},"version":2}},"categories":[45],"tags":[],"class_list":["post-4613","post","type-post","status-publish","format-standard","hentry","category-c54-venezuela"],"jetpack_publicize_connections":[],"jetpack_featured_media_url":"","jetpack_shortlink":"https:\/\/wp.me\/p659gw-1cp","jetpack-related-posts":[],"jetpack_likes_enabled":true,"jetpack_sharing_enabled":true,"_links":{"self":[{"href":"https:\/\/pcb.org.br\/portal2\/wp-json\/wp\/v2\/posts\/4613","targetHints":{"allow":["GET"]}}],"collection":[{"href":"https:\/\/pcb.org.br\/portal2\/wp-json\/wp\/v2\/posts"}],"about":[{"href":"https:\/\/pcb.org.br\/portal2\/wp-json\/wp\/v2\/types\/post"}],"author":[{"embeddable":true,"href":"https:\/\/pcb.org.br\/portal2\/wp-json\/wp\/v2\/users\/1"}],"replies":[{"embeddable":true,"href":"https:\/\/pcb.org.br\/portal2\/wp-json\/wp\/v2\/comments?post=4613"}],"version-history":[{"count":0,"href":"https:\/\/pcb.org.br\/portal2\/wp-json\/wp\/v2\/posts\/4613\/revisions"}],"wp:attachment":[{"href":"https:\/\/pcb.org.br\/portal2\/wp-json\/wp\/v2\/media?parent=4613"}],"wp:term":[{"taxonomy":"category","embeddable":true,"href":"https:\/\/pcb.org.br\/portal2\/wp-json\/wp\/v2\/categories?post=4613"},{"taxonomy":"post_tag","embeddable":true,"href":"https:\/\/pcb.org.br\/portal2\/wp-json\/wp\/v2\/tags?post=4613"}],"curies":[{"name":"wp","href":"https:\/\/api.w.org\/{rel}","templated":true}]}}