{"id":4634,"date":"2013-04-15T18:50:42","date_gmt":"2013-04-15T18:50:42","guid":{"rendered":"http:\/\/pcb.org.br\/portal2\/?p=4634"},"modified":"2013-04-15T18:50:42","modified_gmt":"2013-04-15T18:50:42","slug":"debate-sobre-filme-palestino-q5-camaras-quebradasq-na-abi","status":"publish","type":"post","link":"https:\/\/pcb.org.br\/portal2\/4634","title":{"rendered":"DEBATE SOBRE FILME PALESTINO &#8220;5 C\u00c2MARAS QUEBRADAS&#8221; NA ABI"},"content":{"rendered":"\n<p>A\u00a0<strong>Comiss\u00e3o de Defesa da Liberdade de Imprensa e Direitos Humanos da ABI<\/strong> vai promover neste\u00a0<strong>dia 16, 3.\u00aa feira, \u00e0s 18h30<\/strong>, a exibi\u00e7\u00e3o do filme\u00a0<strong>\u201c5 C\u00e2maras Quebradas\u201d<\/strong>, de Emad Burnat e Guy Davidi, seguida de debate com a participa\u00e7\u00e3o do cineasta\u00a0<strong>Silvio Tendler<\/strong>;\u00a0da jornalista\u00a0<strong>Baby Siqueira Abra\u00e3o<\/strong>, correspondente do jornal\u00a0<em>Brasil de Fato<\/em> na Cisjord\u00e2nia;\u00a0do jornalista\u00a0<strong>Mario Augusto Jakobskind<\/strong><strong>, <\/strong>Presidente da Comiss\u00e3o de Defesa da Liberdade de Imprensa e Direitos Humanos;\u00a0e do cartunista\u00a0<strong>Carlos Latuff<\/strong>. O filme conta a hist\u00f3ria de \u00a0Emad Burnat, um agricultor palestino que vive em Bil\u2019in, na Cisjord\u00e2nia, que comprou uma c\u00e2mera em 2005 para acompanhar o crescimento de seu filho Gibreel. Na mesma \u00e9poca o ex\u00e9rcito israelense iniciou a constru\u00e7\u00e3o de um muro entre Bil\u2019in e um assentamento de colonos judeus. As grava\u00e7\u00f5es, de car\u00e1ter familiar, documentam os protestos dos moradores da regi\u00e3o palestina contra o bloqueio, originando o document\u00e1rio, que levou cinco anos para ficar pronto, usou recursos m\u00ednimos e equipamento amador. Burnat teve suas c\u00e2meras quebradas cinco vezes por soldados israelenses. Uma delas salvou a vida dele. O tiro entrou pela lente quando ele estava rodando. A bala continua dentro da c\u00e2mera. Vizinhos mortos, protestos contra as for\u00e7as israelenses e imagens de m\u00e1quinas de demoli\u00e7\u00e3o fazem parte do cen\u00e1rio da produ\u00e7\u00e3o, que conquistou o\u00a0<strong>pr\u00eamio de melhor dire\u00e7\u00e3o no Festival de Sundance em 2012<\/strong>, e foi\u00a0<strong>indicado ao Oscar 2013, na categoria Document\u00e1rio<\/strong>. Ao chegar a Los Angeles, nos EUA, para participar da cerim\u00f4nia do Oscar, Burnat foi detido por cerca de 40 minutos na imigra\u00e7\u00e3o. Os oficiais exigiram que ele comprovasse sua candidatura \u00e0 premia\u00e7\u00e3o.<\/p>\n","protected":false},"excerpt":{"rendered":"\n<a class=\"moretag\" href=\"https:\/\/pcb.org.br\/portal2\/4634\"> <\/a>","protected":false},"author":1,"featured_media":0,"comment_status":"open","ping_status":"open","sticky":false,"template":"","format":"standard","meta":{"jetpack_post_was_ever_published":false,"_jetpack_newsletter_access":"","_jetpack_dont_email_post_to_subs":false,"_jetpack_newsletter_tier_id":0,"_jetpack_memberships_contains_paywalled_content":false,"_jetpack_memberships_contains_paid_content":false,"footnotes":"","jetpack_publicize_message":"","jetpack_publicize_feature_enabled":true,"jetpack_social_post_already_shared":false,"jetpack_social_options":{"image_generator_settings":{"template":"highway","default_image_id":0,"font":"","enabled":false},"version":2}},"categories":[78],"tags":[],"class_list":["post-4634","post","type-post","status-publish","format-standard","hentry","category-c91-solidariedade-a-palestina"],"jetpack_publicize_connections":[],"jetpack_featured_media_url":"","jetpack_shortlink":"https:\/\/wp.me\/p659gw-1cK","jetpack-related-posts":[],"jetpack_likes_enabled":true,"jetpack_sharing_enabled":true,"_links":{"self":[{"href":"https:\/\/pcb.org.br\/portal2\/wp-json\/wp\/v2\/posts\/4634","targetHints":{"allow":["GET"]}}],"collection":[{"href":"https:\/\/pcb.org.br\/portal2\/wp-json\/wp\/v2\/posts"}],"about":[{"href":"https:\/\/pcb.org.br\/portal2\/wp-json\/wp\/v2\/types\/post"}],"author":[{"embeddable":true,"href":"https:\/\/pcb.org.br\/portal2\/wp-json\/wp\/v2\/users\/1"}],"replies":[{"embeddable":true,"href":"https:\/\/pcb.org.br\/portal2\/wp-json\/wp\/v2\/comments?post=4634"}],"version-history":[{"count":0,"href":"https:\/\/pcb.org.br\/portal2\/wp-json\/wp\/v2\/posts\/4634\/revisions"}],"wp:attachment":[{"href":"https:\/\/pcb.org.br\/portal2\/wp-json\/wp\/v2\/media?parent=4634"}],"wp:term":[{"taxonomy":"category","embeddable":true,"href":"https:\/\/pcb.org.br\/portal2\/wp-json\/wp\/v2\/categories?post=4634"},{"taxonomy":"post_tag","embeddable":true,"href":"https:\/\/pcb.org.br\/portal2\/wp-json\/wp\/v2\/tags?post=4634"}],"curies":[{"name":"wp","href":"https:\/\/api.w.org\/{rel}","templated":true}]}}