{"id":4635,"date":"2013-04-15T19:13:51","date_gmt":"2013-04-15T19:13:51","guid":{"rendered":"http:\/\/pcb.org.br\/portal2\/?p=4635"},"modified":"2013-04-15T19:13:51","modified_gmt":"2013-04-15T19:13:51","slug":"renuncia-de-premie-gera-incerteza-na-palestina","status":"publish","type":"post","link":"https:\/\/pcb.org.br\/portal2\/4635","title":{"rendered":"Ren\u00fancia de premi\u00ea gera incerteza na Palestina"},"content":{"rendered":"\n<p>O primeiro-ministro da Palestina, Salam Fayyad, vai deixar o posto, criando um v\u00e1cuo de lideran\u00e7a na regi\u00e3o num momento em que os EUA tentam reiniciar negocia\u00e7\u00f5es de paz e o governo palestino enfrenta uma crise financeira.<\/p>\n<p>Fayyad apresentou a sua ren\u00fancia no s\u00e1bado e o presidente da Palestina, Mahmoud Abbas, a aceitou. Boatos sobre a sa\u00edda iminente de Fayyad vinham circulando na m\u00eddia desde quinta-feira. Atribui-se a Fayyad, um ex-economista do Fundo Monet\u00e1rio Internacional admirado pelos governos ocidentais, um papel importante nas amplas reformas de prepara\u00e7\u00e3o para tornar a Palestina um Estado.<\/p>\n<p>Ao defender que os palestinos poderiam formar as institui\u00e7\u00f5es necess\u00e1rias \u00e0 sua independ\u00eancia apesar das restri\u00e7\u00f5es impostas pela ocupa\u00e7\u00e3o militar de Israel, Fayyad ganhou elogios de palestinos e israelenses, que frequentemente o comparam a David Ben Gurion, o fundador e ex-primeiro ministro do Estado judeu.<\/p>\n<p>Fayyad instituiu a transpar\u00eancia fiscal, ap\u00f3s anos de m\u00e1 administra\u00e7\u00e3o dos bilh\u00f5es de d\u00f3lares em ajuda estrangeira, e reformulou as for\u00e7as de seguran\u00e7a para restaurar a lei e a ordem nas cidades da Cisjord\u00e2nia, que ficaram em estado ca\u00f3tico durante os levantes palestinos de dez anos atr\u00e1s.<\/p>\n<p>Mas o sucesso de Fayyad, um pol\u00edtico independente, provocou atritos com pol\u00edticos do partido de Abbas, o Fatah, e o pr\u00f3prio presidente. Muitos do Fatah discordavam das decis\u00f5es de Fayyad e o consideravam um advers\u00e1rio potencial, segundo analistas.<\/p>\n<p>&#8220;\u00c9 um acontecimento muito s\u00e9rio&#8221;, disse Ghassan Khatib, um ex-porta-voz do governo que respondia a Fayyad. &#8220;A ren\u00fancia dele est\u00e1 gerando muitas preocupa\u00e7\u00f5es entre os palestinos porque sua lideran\u00e7a era associada \u00e0 melhora do desempenho financeiro da Autoridade Palestina [&#8230;] Muita gente receia que a aus\u00eancia dele possa levar \u00e0 deteriora\u00e7\u00e3o&#8221;.<\/p>\n<p>No m\u00eas passado, o presidente americano, Barack Obama, elogiou Fayyad durante uma viagem \u00e0 regi\u00e3o. Na semana passada, o Secret\u00e1rio de Estado dos EUA, John Kerry, disse que seu pa\u00eds apoiaria um pacote econ\u00f4mico para os palestinos como forma de estimular o crescimento e melhorar o ambiente para o recome\u00e7o das estagnadas negocia\u00e7\u00f5es de paz.<\/p>\n<p>A ren\u00fancia \u00e9 um alerta de como a falta de progresso nas negocia\u00e7\u00f5es pol\u00edticas p\u00f5e em perigo a posi\u00e7\u00e3o de tecnocratas reformadores, disse Daoud Kuttab, um jornalista e analista pol\u00edtico palestino.<\/p>\n<p>&#8220;Ela representa a derrota do conceito de que \u00e9 necess\u00e1rio desenvolvimento s\u00f3cio-econ\u00f4mico em vez de, ou mesmo junto com, o pol\u00edtico. Ela desmente a alega\u00e7\u00e3o de Israel de que, se os palestinos se concentrassem em construir a Palestina, em vez de atacar Israel, tudo seria resolvido&#8221;, escreveu Kuttab. O que tornava Fayyad &#8220;\u00fanico tem logicamente uma dura\u00e7\u00e3o limitada e, sem progressos, os abutres dos partidos pol\u00edticos [a maioria do Fatah] foram incans\u00e1veis nos seus ataques a ele&#8221;.<\/p>\n<p>Fayyad serviu como primeiro-ministro por quase seis anos, desde que o Hamas assumiu o governo da Faixa de Gaza e Abbas reconstituiu o seu na Cisjord\u00e2nia ao nomear Fayyad. Durante as negocia\u00e7\u00f5es entre Fatah e Hamas para eliminar as diverg\u00eancias quanto \u00e0 cria\u00e7\u00e3o de um governo nacional \u00fanico, Abbas insistiu na perman\u00eancia de Fayyad como premi\u00ea, mesmo sob a oposi\u00e7\u00e3o do Hamas, que havia criticado Fayyad por encorajar a coopera\u00e7\u00e3o entre as for\u00e7as de seguran\u00e7a de Israel e da Palestina contra os isl\u00e2micos da Cisjord\u00e2nia. Fayyad quis entregar o cargo para n\u00e3o ser um obst\u00e1culo \u00e0 reconcilia\u00e7\u00e3o, mas Abbas recusou.<\/p>\n<p>Recentemente, a tens\u00e3o cresceu. Em meados de 2012, a decis\u00e3o do governo palestino de aumentar impostos e acabar com alguns subs\u00eddios provocou greves e protestos contra o governo. Muitos sindicalistas e manifestantes pr\u00f3-Fatah acusaram Fayyad.<\/p>\n<p>O premi\u00ea tamb\u00e9m vinha lutando com uma crise de liquidez fiscal causada pelas doa\u00e7\u00f5es externas insuficientes e pelas san\u00e7\u00f5es econ\u00f4micas de Israel, o que for\u00e7ou o governo a atrasar o pagamento dos sal\u00e1rios do funcionalismo.<\/p>\n<p>Um comunicado da ag\u00eancia de not\u00edcias oficial da Palestina, a Wafa, disse que Abbas pediu a Fayyad para continuar como chefe de um governo provis\u00f3rio at\u00e9 que a forma\u00e7\u00e3o de um novo governo seja conclu\u00edda.<\/p>\n<hr \/>\n<p>Infla\u00e7\u00e3o tem mais impacto no juro futuro<\/p>\n<p>Valor Econ\u00f4mico<\/p>\n<p>Representantes do Banco Central t\u00eam dito que a mudan\u00e7a na comunica\u00e7\u00e3o da autoridade monet\u00e1ria j\u00e1 provocou um aperto das condi\u00e7\u00f5es financeiras mesmo antes de uma eventual alta de juros. Mas uma an\u00e1lise detalhada dos dados mostra que a infla\u00e7\u00e3o fora do controle \u00e9 o que mais tem puxado os juros futuros neste ano.<\/p>\n<p>Desde 14 de janeiro, v\u00e9spera da primeira reuni\u00e3o do Comit\u00ea de Pol\u00edtica Monet\u00e1ria (Copom) do BC deste ano, o juro futuro real embutido nos contratos de swap entre a taxa DI e a prefixada de 360 dias subiu 0,88 ponto percentual. Cerca de metade dessa alta (0,46 ponto percentual) ocorreu em dias em que foram divulgados \u00edndices de infla\u00e7\u00e3o, o IPCA e o IPCA-15, maiores do que o esperado.<\/p>\n<p>Nos dias em que o Copom mandou mensagens ao mercado, nas atas e comunicados das reuni\u00f5es e o relat\u00f3rio de infla\u00e7\u00e3o, os juros futuros subiram um total de 0,24 ponto percentual. Na sexta-feira, uma entrevista coletiva do presidente do BC, Alexandre Tombini, no Rio, provocou uma alta de mais 0,22 ponto percentual na taxa. Ele disse que o BC acompanha &#8220;atentamente&#8221; todos os indicadores econ\u00f4micos, usando uma palavra que no passado indicou o in\u00edcio de ciclos de alta na taxa b\u00e1sica de juros.<\/p>\n<p>Um \u00fanico participante do mercado teve influ\u00eancia sobre os juros futuros t\u00e3o grande quanto o Banco Central. Em 15 de fevereiro, o s\u00f3cio da Mau\u00e1 Sekular Investimentos, Luiz Fernando Figueiredo, concedeu uma entrevista ao Valor PRO, servi\u00e7o de informa\u00e7\u00e3o em tempo real do Valor, prevendo um aperto monet\u00e1rio. Os juros futuros subiram 0,23 ponto percentual em apenas um dia. Figueiredo \u00e9 visto pelo mercado como pr\u00f3ximo de Tombini, por terem trabalhado juntos no BC.<\/p>\n<p>Os dados colocam em xeque a vis\u00e3o de que a comunica\u00e7\u00e3o do BC, por si s\u00f3, tem um efeito central para alterar as condi\u00e7\u00f5es monet\u00e1rias da economia e para conter as press\u00f5es inflacion\u00e1rias. Tamb\u00e9m corrobora d\u00favidas de que o BC seria capaz de manter as condi\u00e7\u00f5es restritivas sem levar a cabo altas na taxa b\u00e1sica &#8211; estrat\u00e9gia que o mercado chama de &#8220;manter os juros altos no gog\u00f3&#8221;.<\/p>\n<p>Economistas do pr\u00f3prio Banco Central, em seus estudos, t\u00eam examinado o real poder da comunica\u00e7\u00e3o da institui\u00e7\u00e3o sobre os juros futuros. Um dos mais completos desses trabalhos, intitulado &#8220;O Impacto da Comunica\u00e7\u00e3o do Banco Central do Brasil sobre o Mercado Financeiro&#8221;, de Marcio Janot e Daniel El-Jaick de Souza Mota, n\u00e3o encontrou evid\u00eancias de que os comunicados, as atas e o relat\u00f3rio de infla\u00e7\u00e3o do Banco Central afetam significativamente a inclina\u00e7\u00e3o da curva de juros. A infla\u00e7\u00e3o medida pelo IPCA tem um peso maior.<\/p>\n<p>Mais importante ainda para definir a inclina\u00e7\u00e3o dos juros futuros s\u00e3o as surpresas na alta da taxa b\u00e1sica, conclui o estudo. Por esse princ\u00edpio, pronunciamentos como o de Tombini na sexta-feira t\u00eam impacto mais forte nos juros porque sinalizam a inten\u00e7\u00e3o de passar da conversa para a a\u00e7\u00e3o.<\/p>\n<p>Desde fins de mar\u00e7o, Tombini vem afirmando que a comunica\u00e7\u00e3o do Banco Central n\u00e3o \u00e9 apenas uma forma de preparar para uma eventual alta de juros.<\/p>\n<p>&#8220;Essa mudan\u00e7a na comunica\u00e7\u00e3o do Banco Central \u00e9 parte integrante da condu\u00e7\u00e3o da pol\u00edtica monet\u00e1ria&#8221;, disse Tombini. &#8221; N\u00f3s j\u00e1 tivemos algum impacto nas condi\u00e7\u00f5es financeiras e monet\u00e1rias em fun\u00e7\u00e3o dessa altera\u00e7\u00e3o na postura. Se olhar as taxas de um ano, subiram 100 pontos.&#8221;<\/p>\n<p>De fato, de janeiro para c\u00e1, a comunica\u00e7\u00e3o do Banco Central teve alguma repercuss\u00e3o no aumento dos juros futuros. Em 7 de mar\u00e7o, por exemplo, os juros subiram 0,13 ponto percentual, em virtude do comunicado divulgado na reuni\u00e3o do Copom encerrada na noite anterior que indicou poss\u00edvel alta nos juros. No entanto, o IPCA de fevereiro, divulgado um dia depois, ficou acima do esperado e teve um efeito ainda mais forte sobre os juros, que subiram 0,2 ponto percentual naquele dia.<\/p>\n<p>Em alguns momentos, a comunica\u00e7\u00e3o do BC levou \u00e0 queda nos juros futuros. \u00c9 o caso da ata da reuni\u00e3o do Copom de mar\u00e7o. Os juros futuros ca\u00edram 0,02 ponto percentual no dia da divulga\u00e7\u00e3o desse documento, que pregava &#8220;cautela&#8221; no manejo da pol\u00edtica monet\u00e1ria. No dia do depoimento de Tombini na Comiss\u00e3o de Assuntos Econ\u00f4micos (CAE), a taxa apresentou um recuo de 0,03 ponto percentual.<\/p>\n<p>Ru\u00eddos produzidos por outros setores do governo tamb\u00e9m levaram \u00e0 queda &#8211; e mais volatilidade &#8211; nos juros futuros. Em 11 de mar\u00e7o, por exemplo, o an\u00fancio do corte de tributos sobre a cesta b\u00e1sica levou o mercado a entender que havia restri\u00e7\u00f5es no governo a uma eventual eleva\u00e7\u00e3o dos juros b\u00e1sicos. Os juros futuros recuaram 0,12 ponto percentual naquele dia.<\/p>\n<p>Declara\u00e7\u00e3o da presidente Dilma Rousseff na \u00c1frica do Sul questionando a validade de esfriar a economia para baixar a infla\u00e7\u00e3o levou a questionamentos sobre a autonomia do Banco Central para fazer um aperto monet\u00e1rio, estimulando uma queda de 0,05 ponto percentual nos juros futuros.<\/p>\n<hr \/>\n<p>Ind\u00fastria acaba com esperan\u00e7a de alta de pre\u00e7o<\/p>\n<p>O Estado de S. Paulo<\/p>\n<p>O produtor de laranja, que prev\u00ea aumento de pre\u00e7o este ano em raz\u00e3o de uma safra menor, vai ter de dormir um pouco mais preocupado. Representantes das ind\u00fastrias argumentam que a queda no consumo mundial somado ao alto estoque impedem um reajuste no valor pago ao produtor.<\/p>\n<p>Segundo a Associa\u00e7\u00e3o Nacional dos Exportadores de Sucos C\u00edtricos (CitrasBR), a demanda por suco de laranja vem caindo. Nos \u00faltimos cinco anos, cerca de 220 milh\u00f5es de caixas da fruta deixaram de ser exportadas na forma de suco. A queda na venda seria em raz\u00e3o da concorr\u00eancia com outras bebidas como energ\u00e9ticos, isot\u00f4nicos, sucos diversos e at\u00e9 \u00e1gua &#8211; que agora j\u00e1 \u00e9 comercializada tamb\u00e9m em sabores.<\/p>\n<p>A ind\u00fastria tamb\u00e9m alega que comprou e processou toda a laranja poss\u00edvel, o que resultou no aumento dos estoques ainda em 2011. E que depois disso n\u00e3o tinha espa\u00e7o f\u00edsico para acomodar mais suco. Segundo a CitrusBR, cerca de 20 milh\u00f5es de caixas ficaram sem comprador e simplesmente apodreceram no pomar.<\/p>\n<p>A entidade &#8211; que representa o setor industrial &#8211; informa em nota que uma auditoria constatou que o estoque \u00e9 de 1.114 toneladas de suco concentrado, o que &#8220;corresponde a mais do que todo o consumo no ano de 2012&#8221;. Para 2013, a Citrus estima a safra em 281 milh\u00f5es de caixas, 22% menor que a do ano passado.<\/p>\n<hr \/>\n<p>Ind\u00fastria acaba com esperan\u00e7a de alta de pre\u00e7o<\/p>\n<p>O Estado de S. Paulo<\/p>\n<p>O produtor de laranja, que prev\u00ea aumento de pre\u00e7o este ano em raz\u00e3o de uma safra menor, vai ter de dormir um pouco mais preocupado. Representantes das ind\u00fastrias argumentam que a queda no consumo mundial somado ao alto estoque impedem um reajuste no valor pago ao produtor.<\/p>\n<p>Segundo a Associa\u00e7\u00e3o Nacional dos Exportadores de Sucos C\u00edtricos (CitrasBR), a demanda por suco de laranja vem caindo. Nos \u00faltimos cinco anos, cerca de 220 milh\u00f5es de caixas da fruta deixaram de ser exportadas na forma de suco. A queda na venda seria em raz\u00e3o da concorr\u00eancia com outras bebidas como energ\u00e9ticos, isot\u00f4nicos, sucos diversos e at\u00e9 \u00e1gua &#8211; que agora j\u00e1 \u00e9 comercializada tamb\u00e9m em sabores.<\/p>\n<p>A ind\u00fastria tamb\u00e9m alega que comprou e processou toda a laranja poss\u00edvel, o que resultou no aumento dos estoques ainda em 2011. E que depois disso n\u00e3o tinha espa\u00e7o f\u00edsico para acomodar mais suco. Segundo a CitrusBR, cerca de 20 milh\u00f5es de caixas ficaram sem comprador e simplesmente apodreceram no pomar.<\/p>\n<p>A entidade &#8211; que representa o setor industrial &#8211; informa em nota que uma auditoria constatou que o estoque \u00e9 de 1.114 toneladas de suco concentrado, o que &#8220;corresponde a mais do que todo o consumo no ano de 2012&#8221;. Para 2013, a Citrus estima a safra em 281 milh\u00f5es de caixas, 22% menor que a do ano passado.<\/p>\n<hr \/>\n<p>40 grandes projetos de infraestrutura<\/p>\n<p>O Estado de S. Paulo<\/p>\n<p>Um grande projeto de &#8220;reconstru\u00e7\u00e3o&#8221; da infraestrutura nacional (como \u00e9 chamado por seus autores) que vai demandar investimentos da ordem de R$ 50 bih\u00f5es para come\u00e7ar est\u00e1 sendo posto em marcha nesse outono, sendo previsto seu t\u00e9rmino em 2018.<\/p>\n<p>Trata-se de um grande plano de governo, para estimular o crescimento e o desenvolvimento, atrav\u00e9s da melhoria da infraestrutura nacional, que est\u00e1 carecendo de urgentes interven\u00e7\u00f5es.<\/p>\n<p>S\u00e3o 40 grandes projetos no total, come\u00e7ando por um programa de investimentos em ferrovias como nunca foi feito no pa\u00eds desde os anos 1900, com toda a remodela\u00e7\u00e3o da malha ferrovi\u00e1ria para transporte de cargas e passageiros, inclus\u00e3o de trens de alta velocidade e viabiliza\u00e7\u00e3o das grandes linhas atravessando as regi\u00f5es norte-sul e leste-oeste.<\/p>\n<p>Depois os projetos de telecomunica\u00e7\u00e3o, atrav\u00e9s do barateamento dos custos de utiliza\u00e7\u00e3o, moderniza\u00e7\u00e3o da banda larga para se tornar acess\u00edvel em todo o pa\u00eds e tornar-se a mais r\u00e1pida existente em toda a regi\u00e3o, o mesmo acontecendo com a telefonia m\u00f3vel que receber\u00e1 investimentos e nova tecnologia como 4G.<\/p>\n<p>Cuidando das ferrovias e telecomunica\u00e7\u00f5es, vir\u00e3o em seguida as rodovias onde est\u00e3o previstas igualmente obras de toda natureza, come\u00e7ando pela renova\u00e7\u00e3o e atualiza\u00e7\u00e3o de toda a malha existente, assim como o lan\u00e7amento de um grande projeto de concess\u00e3o de novas autoestradas, buscando solucionar os gargalos e congestionamentos existentes. \u00a0 \u00a0.<\/p>\n<p>A seq\u00fc\u00eancia desse grande projeto de governo vem com as interven\u00e7\u00f5es nos portos, aeroportos e metr\u00f4s urbanos nas grandes cidades. Nesse ponto h\u00e1 projetos de novos portos j\u00e1 em implanta\u00e7\u00e3o, sendo que um deles vai aumentar a capacidade atual para mais 500 mil containers. A conclus\u00e3o das obras est\u00e1 prevista para 2015. O diagn\u00f3stico \u00e9 que o setor de portos precisa ser modernizado, n\u00e3o apenas na sua infraestrutura,; mas sobretudo na rela\u00e7\u00e3o do pessoal empregado com as novas t\u00e9cnicas de log\u00edstica e manuseio de cargas.<\/p>\n<p>Nos aeroportos, a ideia \u00e9 renovar e expandir os atuais com investimentos, via concess\u00f5es e participa\u00e7\u00e3o da iniciativa privada, de mais de R$ 18 bilh\u00f5es e a abertura de novos hubs, como alternativa para o desvio das rotas dos aer\u00f3dromos j\u00e1 congestionados e gera\u00e7\u00e3o de novos polos de desenvolvimento. A seguran\u00e7a de voo \u00e9 uma das preocupa\u00e7\u00f5es do projeto e a melhor aparelhagem dos aer\u00f3dromos \u00e9 tamb\u00e9m uma de suas prioridades. N\u00e3o adianta nada reformar e melhorar as esta\u00e7\u00f5es de embarque e desembarque e n\u00e3o cuidar dos equipamentos de controle de voo, radares e todo o sistema de prote\u00e7\u00e3o de voo.<\/p>\n<p>Os metr\u00f4s urbanos ter\u00e3o a prioridade do governo e esse trabalho come\u00e7ar\u00e1 com a amplia\u00e7\u00e3o e moderniza\u00e7\u00e3o urgente das redes atualmente existentes nas grandes cidades e cria\u00e7\u00e3o de novas linhas, devendo o governo financiar ou proporcionar as garantias necess\u00e1rias para que os munic\u00edpios possam contrair os financiamentos necess\u00e1rios a tal projeto.<\/p>\n<p>Trata-se de um grande esfor\u00e7o conjunto dos diversos n\u00edveis de governo para viabilizar e possibilitar o funcionamento a curto prazo dos metr\u00f4s urbanos, sempre contando com a parceria da iniciativa privada.<\/p>\n<p>Ainda dentro desse super plano de infraestrutura, o governo volta seus olhos para a gera\u00e7\u00e3o de energia limpa, seja via incentivo \u00e0 gera\u00e7\u00e3o e\u00f3lica e tamb\u00e9m \u00e0s novas fontes existentes, assim como na moderniza\u00e7\u00e3o das linhas de transmiss\u00e3o atuais e de todo o sistema el\u00e9trico nacional, realizando os investimentos necess\u00e1rios para amplia\u00e7\u00e3o da capacidade, atendendo a demanda que dever\u00e1 vir ap\u00f3s a crise. Preocupam-se os autores do projeto com o volume de perdas no transporte de energia e a atual inefici\u00eancia constatada, que acaba contribuindo para os altos custos atuais suportados pelos consumidores em geral.<\/p>\n<p>Finalmente, h\u00e1 todo um projeto para proteger as grandes cidades das inunda\u00e7\u00f5es recorrentes e das suas conseq\u00fc\u00eancias, estando em implanta\u00e7\u00e3o nesse momento 93 projetos de conten\u00e7\u00e3o de inunda\u00e7\u00f5es onde anualmente estas ocorrem. Um levantamento dos custos suportados pelo governo no p\u00f3s cat\u00e1strofes naturais revelou ser muito mais econ\u00f4mico agir por preven\u00e7\u00e3o, al\u00e9m de salvar vidas e evitar os traumas delas oriundos para a popula\u00e7\u00e3o atingida.<\/p>\n<p>Tudo isso ser\u00e1 feito n\u00e3o no Brasil, infelizmente, onde tanto necessitamos urgentemente, mas surpreendam-se porque trata-se de um projeto do governo ingl\u00eas! N\u00f3s brasileiros quando vamos a Inglaterra admiramos sua organiza\u00e7\u00e3o e sua infraestrutura que \u00e9 muitas vezes superior \u00e0 do Brasil e os ingleses est\u00e3o preocupados em melhor\u00e1-la e fazendo grande esfor\u00e7o de investimento em plena crise europeia.<\/p>\n","protected":false},"excerpt":{"rendered":"Valor Econ\u00f4mico\n<a class=\"moretag\" href=\"https:\/\/pcb.org.br\/portal2\/4635\"> <\/a>","protected":false},"author":1,"featured_media":0,"comment_status":"open","ping_status":"open","sticky":false,"template":"","format":"standard","meta":{"jetpack_post_was_ever_published":false,"_jetpack_newsletter_access":"","_jetpack_dont_email_post_to_subs":false,"_jetpack_newsletter_tier_id":0,"_jetpack_memberships_contains_paywalled_content":false,"_jetpack_memberships_contains_paid_content":false,"footnotes":"","jetpack_publicize_message":"","jetpack_publicize_feature_enabled":true,"jetpack_social_post_already_shared":false,"jetpack_social_options":{"image_generator_settings":{"template":"highway","default_image_id":0,"font":"","enabled":false},"version":2}},"categories":[106],"tags":[],"class_list":["post-4635","post","type-post","status-publish","format-standard","hentry","category-c119-olhovivo"],"jetpack_publicize_connections":[],"jetpack_featured_media_url":"","jetpack_shortlink":"https:\/\/wp.me\/p659gw-1cL","jetpack-related-posts":[],"jetpack_likes_enabled":true,"jetpack_sharing_enabled":true,"_links":{"self":[{"href":"https:\/\/pcb.org.br\/portal2\/wp-json\/wp\/v2\/posts\/4635","targetHints":{"allow":["GET"]}}],"collection":[{"href":"https:\/\/pcb.org.br\/portal2\/wp-json\/wp\/v2\/posts"}],"about":[{"href":"https:\/\/pcb.org.br\/portal2\/wp-json\/wp\/v2\/types\/post"}],"author":[{"embeddable":true,"href":"https:\/\/pcb.org.br\/portal2\/wp-json\/wp\/v2\/users\/1"}],"replies":[{"embeddable":true,"href":"https:\/\/pcb.org.br\/portal2\/wp-json\/wp\/v2\/comments?post=4635"}],"version-history":[{"count":0,"href":"https:\/\/pcb.org.br\/portal2\/wp-json\/wp\/v2\/posts\/4635\/revisions"}],"wp:attachment":[{"href":"https:\/\/pcb.org.br\/portal2\/wp-json\/wp\/v2\/media?parent=4635"}],"wp:term":[{"taxonomy":"category","embeddable":true,"href":"https:\/\/pcb.org.br\/portal2\/wp-json\/wp\/v2\/categories?post=4635"},{"taxonomy":"post_tag","embeddable":true,"href":"https:\/\/pcb.org.br\/portal2\/wp-json\/wp\/v2\/tags?post=4635"}],"curies":[{"name":"wp","href":"https:\/\/api.w.org\/{rel}","templated":true}]}}