{"id":4665,"date":"2013-04-19T15:17:03","date_gmt":"2013-04-19T15:17:03","guid":{"rendered":"http:\/\/pcb.org.br\/portal2\/?p=4665"},"modified":"2013-04-19T15:17:03","modified_gmt":"2013-04-19T15:17:03","slug":"maduro-triunfou-a-revolucao-bolivariana-continua-2","status":"publish","type":"post","link":"https:\/\/pcb.org.br\/portal2\/4665","title":{"rendered":"Maduro triunfou, a Revolu\u00e7\u00e3o Bolivariana continua"},"content":{"rendered":"\n<p>Nicol\u00e1s Maduro ganhou e \u00e9, sem nenhum tipo de d\u00favida, o novo presidente leg\u00edtimo da Rep\u00fablica Bolivariana da Venezuela. Seu triunfo se d\u00e1 nos marcos de um processo eleitoral de absoluta transpar\u00eancia, algo com que concordam todos os acompanhantes e observadores internacionais presentes no pa\u00eds.<\/p>\n<p>Todavia, a oposi\u00e7\u00e3o direitista e pr\u00f3-imperialista capitaneada por Humberto Capriles Radonski desafia a intelig\u00eancia geral e desconhece os resultados, pondo em pr\u00e1tica um plano previamente acordado com seus mandat\u00e1rios provenientes de Miami e de Washington. A partir desta decis\u00e3o, amea\u00e7am gerar um clima de aberta desestabiliza\u00e7\u00e3o contra o processo democr\u00e1tico e revolucion\u00e1rio bolivariano, contando para isso com o conhecido apoio da matriz de meios de comunica\u00e7\u00e3o habituais e com a instala\u00e7\u00e3o de bols\u00f5es de viol\u00eancia e sabotagem, como tem ocorrido nos dias que antecederam as elei\u00e7\u00f5es.<\/p>\n<p>Frente a este panorama de insubordina\u00e7\u00e3o aberta contra o resultado eleitoral e ante as amea\u00e7as de inger\u00eancia externa que atente contra a soberania popular, \u00e9 necess\u00e1rio redobrar os esfor\u00e7os para respaldar a Revolu\u00e7\u00e3o Bolivariana e sua continuidade. Defender a Venezuela hoje \u00e9 defender a n\u00f3s mesmos para seguir trabalhando na constru\u00e7\u00e3o da P\u00e1tria Grande de nossa Am\u00e9rica.<\/p>\n<p>Os abaixo-assinados, reconhecedores de que a Revolu\u00e7\u00e3o Bolivariana gerou avan\u00e7os de grande profundidade em seu pr\u00f3prio pa\u00eds, ao mesmo tempo que conseguiu integrar a Am\u00e9rica Latina e o Caribe em uma frente compacta de oposi\u00e7\u00e3o aos des\u00edgnios do imperialismo e do capitalismo depredador, respaldamos abertamente o triunfo de Nicol\u00e1s Maduro, assim como tamb\u00e9m repudiamos as tentativas desestabilizadoras da direita olig\u00e1rquica venezuelana e de seus tutores internacionais.<\/p>\n<p>Qualquer agress\u00e3o contra a Venezuela Bolivariana ser\u00e1 sentida como uma agress\u00e3o a n\u00f3s pr\u00f3prios.<\/p>\n<p>Quaisquer tentativas de desconhecimento interno e externo dos resultados eleitorais dever\u00e3o ser respondidas com a unidade dos povos da Am\u00e9rica Latina e Caribe, respaldando a legitimidade constitucional expressa majoritariamente nas urnas.<\/p>\n<p><strong>Maduro j\u00e1 \u00e9 Presidente!<\/strong><\/p>\n<p><strong>O povo seguir\u00e1 governando!<\/strong><\/p>\n<p><strong>Por mais Revolu\u00e7\u00e3o e Socialismo!<\/strong><\/p>\n<p><strong>Ch\u00e1vez vive, a luta continua!<\/strong><\/p>\n<p>Assinaturas:<\/p>\n<p>ARGENTINA<\/p>\n<p>CARLOS AZN\u00c1REZ, DIRECTOR DE RESUMEN\u00a0LATINOAMERICANO<\/p>\n<p>LITO BORELLO, COORDINADOR NACIONAL DE LA\u00a0ORGANIZACI\u00d3N SOCIAL Y POL\u00cdTICA LOS PIBES<\/p>\n<p>MARCELO NONO FRONDIZI, AGRUPACI\u00d3N ENVAR EL\u00a0KADRI, PERONISMO DE BASE, Y SECRETARIO ADJUNTO CTA<\/p>\n<p>STELLA CALLONI PERIODISTA Y ESCRITORA<\/p>\n<p>NORBERTO GALASSO, CORRIENTE POL\u00cdTICA\u00a0ENRIQUE SANTOS DISC\u00c9POLO<\/p>\n<p>ROBERTO ANDR\u00c9S GALLARDO, JUEZ DE LA CIUDAD\u00a0DE BUENOS AIRES<\/p>\n<p>ENCUENTRO NACIONAL POPULAR LATINOAMERICANO\u00a0&#8211; MESA NACIONAL<\/p>\n<p>CORRIENTE POL\u00cdTICA 17 DE AGOSTO, ARGENTINA<\/p>\n<p>MOVIMIENTO NACIONAL CAMPESINO INDIGENA-V\u00cdA\u00a0CAMPESINA<\/p>\n<p>CASA DE LA AMISTAD ARGENTINO-CUBANA<\/p>\n<p>LUIS D&#8217;EL\u00cdA Y RAFAEL ARAYA MASRY. PARTIDO\u00a0MILES<\/p>\n<p>NADIA MARTINEZ, DIRECTORA FM RIACHUELO<\/p>\n<p>VALERIA PESCE, PRENSA COORDINACI\u00d3N\u00a0LATINOAMERICANA DE MOVIMIENTOS TERRITORIALES URBANOS &#8211; CAP\u00cdTULO ARGENTINA<\/p>\n<p>MOVIMIENTO 22 DE AGOSTO<\/p>\n<p>CECILIA MARIANA P\u00c9RSICO, CENTRO COMUNITARIO\u00a0COPITOS, LA BOCA<\/p>\n<p>RUB\u00c9N FANESI, AGRUPACI\u00d3N ENVAR EL KADRI,\u00a0PERONISMO DE BASE<\/p>\n<p>GUILLERMO VARELA, AGRUPACI\u00d3N ENVAR EL\u00a0KADRI, PERONISMO DE BASE<\/p>\n<p>MAR\u00cdA TORRELLAS, PERIODISTA, RESUMEN\u00a0LATINOAMERICANO<\/p>\n<p>NORMAN BRISKI, ACTOR<\/p>\n<p>VICENTE ZITO LEMA, ESCRITOR, POETA<\/p>\n<p>CLAUDIO KATZ, ECONOMISTA<\/p>\n<p>MARIANO MOLINA, DOCENTE Y PERIODISTA<\/p>\n<p>ALBERTO FERRARI, PERIODISTA<\/p>\n<p>FACUNDO TABOADA, ESPACIO DE PARTICIPACI\u00d3N\u00a0POPULAR EL HORMIGUERO<\/p>\n<p>FEDERICO TABOADA, AGRUPACI\u00d3N &#8220;EVA\u00a0PER\u00d3N&#8221; DE AVELLANEDA<\/p>\n<p>FORO SOCIAL MUNDIAL-TUCUMAN<\/p>\n<p>EL SUR NO ESPERA EN EL FRENTE PARA LA\u00a0VICTORIA<\/p>\n<p>COLECTIVO POL\u00cdTICO CULTURAL PUEBLO TANGO<\/p>\n<p>CARTA ABIERTA COMUNA 12<\/p>\n<p>FRENTE DE ORGANIZACIONES KIRCHNERISTAS<\/p>\n<p>ASAMBLEA DE JUAN B. JUSTO Y CORRIENTES<\/p>\n<p>LA JABONER\u00cdA<\/p>\n<p>CASA DE ENCUENTRO MART\u00cdN OSO CISNEROS<\/p>\n<p>LIA MENDEZ, PARTIDO HUMANISTA<\/p>\n<p>LIC. LIA DEL VALLE<\/p>\n<p>ING. JUAN MINGHETTI- MIEMBRO DEL CIEYS\u00a0(CENTRO INVESTIGACIONES ECON\u00d3MICAS Y SOCIALES)<\/p>\n<p>CIEYS (CENTRO INVESTIGACIONES ECON\u00d3MICAS Y\u00a0SOCIALES)<\/p>\n<p>OSCAR NATALICHIO-MIEMBRO DEL CIEYS (CENTRO\u00a0INVESTIGACIONES ECON\u00d3MICAS Y SOCIALES)<\/p>\n<p>JORGE SOR-MIEMBRO DEL CIEYS (CENTRO\u00a0INVESTIGACIONES ECON\u00d3MICAS Y SOCIALES)<\/p>\n<p>ANIBAL ALTIERI-MIEMBRO DEL CIEYS (CENTRO\u00a0INVESTIGACIONES ECON\u00d3MICAS Y SOCIALES)<\/p>\n<p>LUIS GORDIN-MIEMBRO DEL CIEYS (CENTRO INVESTIGACIONES\u00a0ECON\u00d3MICAS Y SOCIALES)<\/p>\n<p>GUILLERMO ESQUINAZI-MIEMBRO DEL CIEYS\u00a0(CENTRO INVESTIGACIONES ECON\u00d3MICAS Y SOCIALES)<\/p>\n<p>ANA MAR\u00cdA RAMB, ESCRITORA. SECRETARIA DE\u00a0AUNA (ASOCIACI\u00d3N PARA LA UNIDAD DE NUESTRA AM\u00c9RICA)<\/p>\n<p>ELISA AMANDA MATA, MILITANTE<\/p>\n<p>NITA SILVESTRINI, OPERADORA EN PSICOLOG\u00cdA\u00a0SOCIAL, PRESIDENTE DE AUNA, ASOCIACI\u00d3N PARA LA UNIDAD DE NUESTRA AM\u00c9RICA<\/p>\n<p>AGRUPACI\u00d3N EVITA SIEMPRE<\/p>\n<p>FLORA WAJSGLUS. DOCENTE. SECRETARIA DE LA\u00a0ASOCIACI\u00d3N CIVIL Y CULTURAL &#8220;VORW\u00c4RTS&#8221;<\/p>\n<p>ABEL FERN\u00c1NDEZ, FUNDACI\u00d3N DE LA CIUDAD\u00a0NUEVA<\/p>\n<p>CENTRO POL\u00cdTICO Y SOCIAL \u201cPOR\u201d<\/p>\n<p>AGRUPACI\u00d3N POL\u00cdTICO-CULTURAL SABALEROS DEL\u00a0REMANSO<\/p>\n<p>ALEJANDRO FORNI, SECRETARIO GRAL.\u00a0FEDERACI\u00d3N JUVENIL COMUNISTA<\/p>\n<p>MOVIMIENTO POPULAR LA DIGNIDAD<\/p>\n<p>EDUARDO LUCITA, ECONOMISTA<\/p>\n<p>PERI\u00d3DICO RESUMEN LATINOAMERICANO\u00a0(ARGENTINA, CUBA, URUGUAY, VENEZUELA, EUROPA)<\/p>\n<p>HUELLAS DE ESPERANZA \u2013 MISIONES<\/p>\n<p>FABI\u00c1N FELMAN, MILITANCIA MODELO NACIONAL\u00a0FEDERAL Y LATINOAMERICANO<\/p>\n<p>ABEL FERN\u00c1NDEZ, FUNDACI\u00d3N DE LA CIUDAD\u00a0NUEVA<\/p>\n<p>LISANDRO REYNOSO, CENTRO POPULAR DE\u00a0DESARROLLO.<\/p>\n<p>GERARDO CODINA, AGRUPACI\u00d3N PERONIMO DEL\u00a0NUEVO SIGLO<\/p>\n<p>COMIT\u00c9 ARGENTINO POR LA LIBERTAD DE LOS\u00a0CINCO<\/p>\n<p>ALFREDO GRANDE, M\u00c9DICO, PSIQUIATRA,\u00a0ESCRITOR<\/p>\n<p>SILVINA KINDGARD<\/p>\n<p>ARGENIS FRANCO, TRABAJADOR SIDER\u00daRGICO<\/p>\n<p>CARLOS PRADO, PERIODISTA, PROGRAMA RADIAL\u00a0BAJO EL\u00a0\u00a0VOLC\u00c1N, FM LA TRIBU<\/p>\n<p>SHEIJ ABDUL KARIM PAZ, DIRECTOR DE LA\u00a0MEZQUITA AT-TAUHID<\/p>\n<p>NECHI DORADO, PERIODISTA, ESCRITORA<\/p>\n<p>SERGIO ORTIZ, SEC. GRAL.\u00a0\u00a0DEL PARTIDO DE LA LIBERACI\u00d3N (PL)<\/p>\n<p>CNEL. (R)\u00a0\u00a0JOS\u00c9 LUIS GARCIA, CEMIDA<\/p>\n<p>PROF. ELSA M. BRUZZONE, CEMIDA.<\/p>\n<p>COMIT\u00c9 INTERNACIONAL POR LA LIBERTAD DE\u00a0LOS CINCO<\/p>\n<p>MARTA SPERONI, CONDUCTORA DEL PROGRAMA\u00a0RADIAL ROMPIENDO MUROS, FM FLORES<\/p>\n<p>ALEJANDRO JUSIM, TROVADOR EN CANTO DE\u00a0TODOS<\/p>\n<p>PAULA FERR\u00c9, TROVADORA EN CANTO DE TODOS<\/p>\n<p>ALEJANDRA RABINOVICH, MILITANTE DDHH,\u00a0TROVADORA CANTO DE TODOS<\/p>\n<p>ANTONIO PUIGJAN\u00c9, SACERDOTE CAPUCHINO, EX-PRESO\u00a0POL\u00cdTICO<\/p>\n<p>JOS\u00c9 HUERTA CASTILLO<\/p>\n<p>MIGUEL ANGEL CERIZOLA, PARTIDO DE LA\u00a0VICTORIA, LA REARTE ESPACIO K<\/p>\n<p>EMILIO PUCHOL, PSICOANALISTA<\/p>\n<p>YUSUF JALIL PRESIDENTE ASOCIACI\u00d3N \u00c1RABE\u00a0ARGENTINA ISL\u00c1MICA\u00a0\u00a0Y SECRETARIO GENERAL\u00a0MEZQUITA AT TAUHID<\/p>\n<p>MARIANA ANTONIETTA, AGRUPACI\u00d3N DE\u00a0GRADUADOS CONSTRUCCI\u00d3N DE LA FCNYM, UNIVERSIDAD NACIONAL DE LA PLATA<\/p>\n<p>DANIEL ALBERTO CHIARENZA, INVESTIGADOR\u00a0HIST\u00d3RICO, ESCRITOR.<\/p>\n<p>MALCOM AQUILES<\/p>\n<p>CARLOS LAFFORGUE &#8211; PARTIDO MEMORIA Y\u00a0MOVILIZACI\u00d3N, ARGENTINA<\/p>\n<p>NORBERTO CHAMPA GALIOTTI, MULTISECTORIAL\u00a0DE SOLIDARIDAD CON VENEZUELA &#8211; ROSARIO &#8211; ARGENTINA<\/p>\n<p>LOIS P\u00c9REZ LEIRA, ESCRITOR Y CINEASTA.<\/p>\n<p>DANIEL VIL\u00c1, PERIODISTA, DOCENTE,<\/p>\n<p>LIDIA BEATRIZ DONNINI\u00a0\u00a0INTEGRANTE DEL COMIT\u00c9 ARGENTINO POR LA\u00a0LIBERTAD DE LOS CINCO<\/p>\n<p>MARCOS SALOM\u00d3N, PERIODISTA, RESISTENCIA,\u00a0PROVINCIA DEL CHACO<\/p>\n<p>JULIO FLORES, ARTISTA VISUAL Y DOCENTE\u00a0UNIVERSITARIO<\/p>\n<p>ADRIANA VEGA, ESCRITORA Y PERIODISTA,\u00a0PRESIDENTA ACUJOMA<\/p>\n<p>YADIRA MICOLTA VICTORIA, COMUNICADORA\u00a0SOCIAL-PERIODISTA<\/p>\n<p>DIANA REBUFFO, CANTANTE<\/p>\n<p>PERI\u00d3DICO PRIMERA P\u00c1GINA, MIGUEL E.\u00a0GERMINO, DIRECTOR<\/p>\n<p>MIKEL ITULAIN, ESCRITOR.<\/p>\n<p>SILVIA RODR\u00cdGUEZ<\/p>\n<p>DANIEL A. STRAG\u00c1<\/p>\n<p>DARWIN SU\u00c1REZ BUSTAMANTE<\/p>\n<p>MAR\u00cdA DE LOS \u00c1NGELES QUERALES<\/p>\n<p>LUIS HELLER<\/p>\n<p>MARTA PACHECO<\/p>\n<p>SILVINA ROMANO, C\u00d3RDOBA<\/p>\n<p>JORGE L. ELIZONDO, ABOGADO, DOCENTE\u00a0UNIVERSIDAD NACIONAL DE ROSARIO<\/p>\n<p>IN\u00c9S M. NU\u00d1EZ BLANCO, INDEPENDIENTE.<\/p>\n<p>GALVARINO ORELLANA, SECRETARIO GENERAL\u00a0FRENTE CULTURAL BOLIVARIANO INTERNACIONAL<\/p>\n<p>ALEJANDRA CENTENO RAMIREZ<\/p>\n<p>RICARDO GIL SORIA, ACTOR<\/p>\n<p>MAR\u00cdA GARC\u00cdA<\/p>\n<p>GUSTAVO DE JESUS ZULETA CORREA<\/p>\n<p>MARIA CRISTINA ESTIVARIZ, ILUSTRADORA\u00a0CIENT\u00cdFICA, MIEMBRO DEL CONICET<\/p>\n<p>ESTELA SIM\u00d3N, ARQUITECTA<\/p>\n<p>MAR\u00cdA LAURA V\u00c1ZQUEZ, CINEASTA\u00a0DOCUMENTALISTA<\/p>\n<p>VICTORIA MACIEL PSICOANALISTA<\/p>\n<p>JOS\u00c9 MAR\u00cdA TORREZ P\u00c9REZ<\/p>\n<p>MARISOL DE LA RIVERA, M\u00c9DICA<\/p>\n<p>VANIA MARTINIC PAPIC<\/p>\n<p>MANUEL TAIBO<\/p>\n<p>BERNARDO BEN\u00cdTEZ, \u00a1YA BASTA ! MOVIMIENTO\u00a0CONTRA LA CORRUPCI\u00d3N POL\u00cdTICO-EMPRESARIAL<\/p>\n<p>SUSANA OVIEDO, ACTRIZ<\/p>\n<p>JULIETA LINARES<\/p>\n<p>ALINE CASTRO, COORDINADORA DE RED POR T\u00cd\u00a0AM\u00c9RICA, VICE-COORDINADORA DE HERMES INTERNACIONAL<\/p>\n<p>PROF. JUAN CARLOS S\u00c1NCHEZ, DIRECTOR\u00a0EDITORIAL GACETILLAS ARGENTINAS<\/p>\n<p>GLADYS QUIROGA, COMIT\u00c9 ARGENTINO POR\u00a0\u00a0LA LIBERTAD DE LOS CINCO<\/p>\n<p>PATRICIO PA\u00cdS GARAY<\/p>\n<p>MABEL MAIDANA<\/p>\n<p>SANTIAGO PLAZA<\/p>\n<p>ARIEL MAGIRENA<\/p>\n<p>DOMINGO MERLINO<\/p>\n<p>COMISI\u00d3N NICOL\u00c1S CASULLO EN CARTA ABIERTA<\/p>\n<p>CARLOS PALACIOS CARTA ABIERTA COMUNA 12<\/p>\n<p>H\u00c9CTOR S\u00c1NCHEZ &#8211; PERIODISTA AGENCIA T\u00c9LAM\u00a0Y RADIO GR\u00c1FICA<\/p>\n<p>CELINA NOEM\u00cd OTERO<\/p>\n<p>DORA SALAS, PERIODISTA<\/p>\n<p>MONS. JORGE A. ARREGUI, SECRETARIO-CONSEJO\u00a0DIRECTIVO, CONFEDERACION DE IGLESIAS CAT\u00d3LICAS APOST\u00d3LICAS Y ORTODOXAS (NO\u00a0ROMANAS)<\/p>\n<p>ALFREDO MORENO, ASOCIACI\u00d3N VECINAL\u00a0BARRACAS LEZAMA<\/p>\n<p>F\u00c1TIMA CABRERA, EDUCADORA POPULAR, COORD.\u00a0PAEBYT, REPRESENTANTE DDHH<\/p>\n<p>\u00c9LIDA VIEITES, EDUCADORA POPULAR<\/p>\n<p>DAR\u00cdO CALLEJAS, EDUCADOR ADULTOS<\/p>\n<p>JORGE PARD\u00c9S, PARTIDO HUMANISTA<\/p>\n<p>ALBERTO GONZ\u00c1LEZ ARZAC, ABOGADO<\/p>\n<p>MARIANA GALLI BASUALDO, ABOGADA<\/p>\n<p>DELIA BASUALDO BAY\u00c1, ABOGADA<\/p>\n<p>ADRI\u00c1N ERNESTO GALLI BASUALDO, ABOGADO<\/p>\n<p>LIDO IACOMINNI, CARTA ABIERTA, SAN TELMO K<\/p>\n<p>COOPERATIVA DE VIVIENDA LOS PIBES<\/p>\n<p>COOPERATIVA DE TRABAJO FEDERAL LOS PIBES<\/p>\n<p>JUAN MANUEL KARG, LICENCIADO CIENCIAS\u00a0POLITICAS\u00a0\u00a0UBA<\/p>\n<p>MAREA POPULAR<\/p>\n<p>JORGE LEWINGER, PERIODISTA<\/p>\n<p>JUVENTUD GRAFICA BONAERENSE<\/p>\n<p>HECTOR CARRICA, SECRETARIO DE DDHH DE ATE<\/p>\n<p>MARIA DEL VALLE, COOP.HOTEL BAUEN<\/p>\n<p>MARCELO RUARTE, COOP.HOTEL BAUEN<\/p>\n<p>MANUEL BERTOLDI, FRENTE POPULAR DARIO\u00a0SANTILLAN CORRIENTE NACIONAL<\/p>\n<p>EMILIO RIVERA, SEC GRAL, LA SIMON BOLIVAR<\/p>\n<p>CLAUDIA CAMBA, FUNDACION UMMED<\/p>\n<p>FEDERICO ORCHANI, FRENTE POPULAR DARIO\u00a0SANTILLAN<\/p>\n<p>AGRUPACION KIKI LEZCANO<\/p>\n<p>ESTHER SOSA, SEC. GRAL PARTIDO HUMANISTA\u00a0ARGENTINA<\/p>\n<p>CORRIENTE DEL PUEBLO, OLA<\/p>\n<p>RICARDO E. SADIEL<\/p>\n<p>VICTORIO PAULON \u201cCTA\u201d<\/p>\n<p>DIEGO RODRIGUEZ, V AGRUPACION LA NUNCA\u00a0MENOS<\/p>\n<p>PABLO REYNES, CTA NACIONAL<\/p>\n<p>NORBERTO GONZALO, CULTURA, CTA<\/p>\n<p>JULIO VEGA, SEC DDNNASOC.PERS.AERONAUTICOS<\/p>\n<p>ROBERTO PIANELI, SEC.GRAL.METRODELEGADOS<\/p>\n<p>ANDRES BERCUM, SEC GRAL SITUBA\u201dCTA\u201d<\/p>\n<p>CIUDAD DE BS .AS \u201cCTA\u201d<\/p>\n<p>AGRUPACION RODOLFO PUIGGROS, TRABAJADORES\u00a0\u201cUBA\u201d<\/p>\n<p>PABLO REYNES, SEC DDHH2 CTA NACIONAL<\/p>\n<p>JULIO VEGA, SEC DDHH APA<\/p>\n<p>NORBERTO GONZALO CULTURA CTA<\/p>\n<p>MPR QUEBRACHO<\/p>\n<p>CTD ANIBAL VERON<\/p>\n<p>CORRIENTES DE TRABAJADORES 19 DE DICIEMBRE<\/p>\n<p>MIVIMIENTO ESTUDIANTIL LIBERACION<\/p>\n<p>WIRACOCHA\u00a0\u00a0GRUPO DE REFLEXION RURAL<\/p>\n<p>ALBA DE LOS MOVIMIENTOS SOCIALES<\/p>\n<p>PATRICIO ECHEGORAY, PCA<\/p>\n<p>VICTOR KOT, PCA<\/p>\n<p>AGRUPACION, LA SIMON BOLIVAR<\/p>\n<p>ROBERTO PIANELLI, SEC.GRSL\u00a0METRODELEGADOS\u00a0\u00a0AIGITS<\/p>\n<p>ANDRES BERCUM, SEC.GRAL SITUA CTA<\/p>\n<p>ALFREDO ARGENTO<\/p>\n<p>ALBERTO MAS COMIT\u00c9 POR LA LIBERACION DE\u00a0LOS 5<\/p>\n<p>SAN TELMO K<\/p>\n<p>LIDO IACONINI, CARTA ABIERTA INTERNACIONAL<\/p>\n<p>NAJE EB AMADO, SEC GRAL PC PARAGUAY FRENTE\u00a0IGUAZU<\/p>\n<p>GRAZIA CIVININI, CARTA ABIERTA\u00a0INTERNACIONAL<\/p>\n<p>GLADIS-QUIROGA, INTEGRANTE COMIT\u00c9\u00a0ARGENTINO POR LA LIBERTAD DE LOS 5<\/p>\n<p>MOVIMIENTO EVITA, SP EVITA CTEP<\/p>\n<p>FRANCISCO BARBA GUTIERREZ, INTENDENTE DE\u00a0QUILMES<\/p>\n<p>RADIO GRAFICA FM 89.3<\/p>\n<p>MARIA REIGADA, MOVIMIENTO MAYO<\/p>\n<p>VICTORIO-PAULON, CTA<\/p>\n<p>MARTA PINTO, PC ARGENTINA<\/p>\n<p>CARLOS OVIEDO, CORRIENTE PERONISTA POR EL\u00a0PROYECTO NACIONAL<\/p>\n<p>AGRUPACION LUCIA CULLEN, TRABAJO SOCIAL\u00a0UBA<\/p>\n<p>MARIA JOSE CARRAO, SEC JUVENIL CTA\u00a0PCIA\u00a0\u00a0DE BS AS<\/p>\n<p>ALFREDO ARGENTO<\/p>\n<p>CARLOS OVIEDO, CORRIENTE PERONISTA POR EL\u00a0PROYECTO NACIONAL<\/p>\n<p>ELMA BEATRIZ ROSADO<\/p>\n<p>FUNDACI\u00d3N FILIBERTO OJEDA\u00a0R\u00cdOS<\/p>\n<p>PUERTO RICO\u00a0LUIS A.DIAZ<\/p>\n<p>SARA\u00a0ROSENBERG<\/p>\n<p>REVISTA CARACOLEANDO<\/p>\n<p>AGRUP. J.W.COOKE (MORENO)<\/p>\n<p>MAGDALENA RODR\u00cdGUEZ, BACHILLERATO DE\u00a0EDUCACI\u00d3N POPULAR TINTA Y BARRO, ONCE, CABA<\/p>\n<p>ROBERTO PERD\u00cdA<\/p>\n<p>ORGANIZACIONES LIBRES DEL PUEBLO<\/p>\n<p>RACHEL FERN\u00c1NDEZ-TRUJILLO, BOLIVARIANA\u00a0EGRESADA DEL CONVENIO FUNDAYACUHO \/ UNTREF &#8211; ARGENTINA.<\/p>\n<p>COOPERATIVA AGROPECUARIA SAN JAVIER LTDA.\u00a0DE SAN JAVIER, R\u00cdO NEGRO, ARGENTINA<\/p>\n<p>SILVIA EMILIA MART\u00cdNEZ,\u00a0LICENCIADA EN TRABAJO SOCIAL, ARGENTINA<\/p>\n<p>PATRICIA ALVAREZ RUEDA, SINDICATO\u00a0LAB PAIS VASCO<\/p>\n<p>CLAUDIO FERNANDEZ<\/p>\n<p>BERNARDO\u00a0ALBERTE (H.).<\/p>\n<p>DANIEL ALIX<\/p>\n<p>EDGARDO\u00a0E. DATRI: DOCENTE Y ESCRITOR (NEUQU\u00c9N &#8211; ARGENTINA)<\/p>\n<p>CARMEN\u00a0ALICIA PAOLONE, DOCENTE (NEUQU\u00c9N &#8211; ARGENTINA)<\/p>\n<p>ARIANA\u00a0DATRI, PSIC\u00d3LOGA Y DOCENTE (NEUQU\u00c9N &#8211; ARGENTINA)<\/p>\n<p>PATRICIA \u00a0BORGARINI, ARGENTINA<\/p>\n<p>JORGE ARISTOBULO SPROVIERI, LA MATANZA,\u00a0ARGENTINA<\/p>\n<p>MARIA BEATRIZ GORDO, LOMAS DEL MIRADOR,\u00a0PCIA\u00a0<a href=\"http:\/\/bs.as\/\" target=\"_blank\">BS.AS<\/a>., ARGENTINA<\/p>\n<p>ALFREDO BAUER, ESCRITOR<\/p>\n<p>GERTRUDIS NEUMANN, DOCENTE<\/p>\n<p>KIKE DORDAL PERIODISTA-DOCENTE\u00a0<a href=\"http:\/\/www.cazadoresdezonceras.com.ar\/\" target=\"_blank\">WWW.CAZADORESDEZONCERAS.COM.AR<\/a><\/p>\n<p>ANDR\u00c9S BERCUM<\/p>\n<p>SECRETARIO GRAL DEL SITUBA &#8211; CTA<\/p>\n<p>AGRUPACI\u00d3N RODOLFO PUIGGR\u00d3S<\/p>\n<p>TRABAJADORES UNIVERSITARIOS DE LA\u00a0UBA<\/p>\n<p>MARIANA OLIVA AMABE AMALIA\u00a0MOLINARI LICENCIADA EN GESTI\u00d3N CULTURAL. MIEMBRA DE CARTAABIERTA<\/p>\n<p>CLAUDIA CARUSSO, PERIODISTA,\u00a0SECRETARIA NACIONAL DE GENERO DE MOVIMIENTO OCTUBRES<\/p>\n<p>SECRETARIA GENERAL DEL FRENTE NACIONAL\u00a0DE MUJERES OCTUBRES<\/p>\n<p>ANDONI BASERRIGORRI- EDITOR DE\u00a0<a href=\"http:\/\/boltxe.info\/\" target=\"_blank\">BOLTXE.INFO<\/a><\/p>\n<p>CARLOS ALEJANDRO MACAGNO<\/p>\n<p>JOAQU\u00cdN\u00a0ESCOBAR,\u00a0PRESIDENTE\u00a0FRENTE GRANDE\u00a0DISTRITO AVELLANEDA, DIRECTOR GENERAL DE ECONOM\u00cdA SOCIAL Y SOLIDARIA,\u00a0MUNICIPALIDAD DE AVELLANEDA<\/p>\n<p>FLORENCIA COPLEY, PERIODISTA \/\u00a0REALIZADORA AUDIOVISUAL \u2013 ARGENTINA<\/p>\n<p>FRENTE DE MUJERES OCTUBRES, ANA\u00a0VALENTINO \u2013 SECRETARIA<\/p>\n<p>GUIDO VACCAREZZA, MALABARISTA Y\u00a0BAILARIN, ARGENTINA<\/p>\n<p>MAR\u00cdA IVANA SALEMI, RESPONSABLE\u00a0DE POL\u00cdTICA INTERNACIONAL DEL MOVIMIENTO OCTUBRES -NUEVO ENCUENTRO<\/p>\n<p>ALICIA ORLANDO<\/p>\n<p>ASAMBLEA POPULAR PLAZA DORREGO, SAN TELMO<\/p>\n<p>DORA SCIOSCIA, LOS\u00a0TEQUES-EDO.MIRANDA<\/p>\n<p>GRUPO PADRE PEPE DE LA SIERRA- VILLA 21-24<\/p>\n<p>CASA DE AMISTAD ARGENTINO-CUBANA\u00a0DE BUENOS AIRES<\/p>\n<p>LIC. MARIANO VENTURINI, MIEMBRO DE LA\u00a0CORRIENTE POLITICA ENRIQUE SANTOS DISCEPOLO<\/p>\n<p>MANUEL\u00a0BERTOLDI, FRENTE POPULAR DARIO SANTILLAN CN \/\/ MOVIMIENTOS SOCIALES HACIA EL\u00a0ALBA<\/p>\n<p>LAURA\u00a0CALIGARIS, PRODUCTORA DE RADIO Y TV. -ARGENTINA-<\/p>\n<p>CARLOS\u00a0&#8220;CALICA&#8221; FERRER, CRO. DEL 2\u00ba VIAJE EN MOTO CON EL CHE -ARGENTINA-<\/p>\n<p>MARIA ROSA OLANO N.E. CABA<\/p>\n<p>ABEL LANGER PSICOANALISTA<\/p>\n<p>ANA TOR\u00cdO VERGEL<\/p>\n<p>GABRIEL CODERCH D\u00cdAZ<\/p>\n<p>CARLOS ECHEGARAY<\/p>\n<p>HORACIO\u00a0CHITARRONI (CORRIENTE POL\u00cdTICA ENRIQUE SANTOS DISC\u00c9POLO)<\/p>\n<p>JAQUELINE AGUIAR, PERIODISTA,\u00a0ARGENTINA<\/p>\n<p>COLECTIVO INTERNACIONAL OJOS PARA LA PAZ<\/p>\n<p>VIVIANA G\u00d3MEZ (RELACIONES DE TRABAJO\u00a0&#8211; FSOC-UBA)<\/p>\n<p>SILVIA MADIA, MILITANTE<\/p>\n<p>NANA SALINAS, ESTUDIANTE\u00a0UNIVERSITARIA<\/p>\n<p>JOSEBA LEIZEAGA ARRIAGA,\u00a0ILUSTRADOR, EUSKAL HERRIA<\/p>\n<p>SILVIA ETCHEBARNE (DOCENTE)<\/p>\n<p>MANUEL BERTOLDI, FRENTE POPULAR\u00a0DARIO SANTILLAN CN \/\/ MOVIMIENTOS SOCIALES HACIA EL ALBA<\/p>\n<p>RUB\u00c9N H. GUZZETTI<\/p>\n<p>ADRIANA\u00a0ARISMENDI-D\u00cdAZ. \u00a0BECARIA FUNDAYACUCHO EN ARGENTINA.<\/p>\n<p>PERI\u00d3DICO PRIMERA P\u00c1GINA, MIGUEL E.\u00a0GERMINO, DIRECTOR<\/p>\n<p>FERNANDO LAVAY\u00c9N, CORRIENTE SOCIALISTA DE\u00a0LA IZQUIERDA NACIONAL<\/p>\n<p>JAIME SORIN<\/p>\n<p>LINDOLFO\u00a0L.BERTINAT ABOGADO<\/p>\n<p>LUIS A. DIA FERNANDO LAVAY\u00c9N<\/p>\n<p>CORRIENTE SOCIALISTA DE LA\u00a0IZQUIERDA NACIONAL<\/p>\n<p>CARMEN\u00a0DUARTE LAFUENTE, MILITANTE<\/p>\n<p>ELSA\u00a0CALABR\u00d2<\/p>\n<p>FEDERICOFINGER<\/p>\n<p>CARLOS HUGO\u00a0BETANCURT- ENCUENTRO SOCIAL ALTERNATIVO<\/p>\n<p>CARLOS\u00a0JULI\u00c1. COORDINADOR &#8220;GRITO ARGENTINO&#8221;<\/p>\n<p>MARIO\u00a0HERNANDEZ. PERIODISTA<\/p>\n<p>ARNALDO LALO PINON, REPRESENTANTE DEL\u00a0PARTI DE GAUCHE EN ARGENTINA<\/p>\n<p>EDWIN ROLANDO CH\u00c0VEZ, ABOGADO Y NOTARIO<\/p>\n<p>CARLOS JULI\u00c1, CORDINADOR &#8220;GRITO\u00a0ARGENTINO&#8221;<\/p>\n<p>ELSA CALABR\u00d3<\/p>\n<p>JOS\u00c9 CHEO SANCHEZ, RESOLVER, RED DE\u00a0SOLIDARUIDAD CON VENEZUELA REVOLUCIONARIA<\/p>\n<p>ALBERTO MU\u00d1OZ ANDRADE<\/p>\n<p>SARA\u00a0ROSENBERG- ESCRITORA<\/p>\n<p>AGRUPACION KIEN KIERE HOIR KE OIGA<\/p>\n<p>C\u00c9SAR BENAVIDES<\/p>\n<p>ANGELES LARCADE POSSE, DOCENTE<\/p>\n<p>LILY, MOVIMIENTO 26 DE JULIO<\/p>\n<p>VLADIMIR GALD\u00c1MEZ GARCIA<\/p>\n<p>NORBERTO GANCI, DIRECTOR &#8220;EL CLUB DE LA\u00a0PLUMA&#8221;, CORDOBA<\/p>\n<p>ANGEL\u00cdN POZO<\/p>\n<p>LEONOR CORT\u00c9S BOL\u00cdVAR<\/p>\n<p>CECILIA NUNEZ<\/p>\n<p>ANA IN\u00c9S L\u00d3PEZ ACCOTTO, SOCI\u00d3LOGA Y PERIODISTA<\/p>\n<p>MEMORIA F\u00c9RTIL<\/p>\n<p>LINDOLFO L.BERTINAT ABOGADO, ROSARIO<\/p>\n<p>ANA MAR\u00cdA ARAYA<\/p>\n<p>HORACIO A. L\u00d3PEZ. ESCRITOR, SUBDIRECTOR CENTRO\u00a0CULTURAL DE LA COOPERACI\u00d3N<\/p>\n<p>B\u00c9LGICA<\/p>\n<p>TOON\u00a0MONDELAERS, MILITANTE<\/p>\n<p>BOLIVIA<\/p>\n<p>ALEJANDRO DAUS\u00c1, TE\u00d3LOGO<\/p>\n<p>MAR\u00cdA EUGENIA CLAROS, DIRECTORA PERI\u00d3DICO\u00a0VISI\u00d3N Z<\/p>\n<p>PATRICIA JIM\u00c9NEZ TORRES<\/p>\n<p>BRASIL<\/p>\n<p>ANITA LEOCADIA PRESTES &#8211; HISTORIADORA E\u00a0PROFESSORA DA UNIVERSIDADE FEDERAL DO RIO DE JANEIRO, BRASIL<\/p>\n<p>MONTSERRAT PONSA TARR\u00c9S. RED DE\u00a0INTELECTUALES Y ARTISTAS DEL MUNDO EN DEFENSA DE LA HUMANIDAD, CAP\u00cdTULO R\u00cdO<\/p>\n<p>M\u00c1RIO AUGUSTO JAKOBSKIND, PERIODISTA &#8211; RIO\u00a0DE JANEIRO<\/p>\n<p>AURELIO FERNANDES &#8211; MEMBRO DA COORDENA\u00c7\u00c3O\u00a0POL\u00cdTICA NACIONAL DAS BRIGADAS POPULARES E MEMBRO DO CONSELHO EDITORIAL DO\u00a0JORNAL BRASIL DE FATO<\/p>\n<p>BERNARDO MANCANO FERNANDES, GE\u00d3GRAFO<\/p>\n<p>MILTON C\u00c9SAR SENA S\u00c1BIO, HISTORIADOR<\/p>\n<p>COMIT\u00ca PR\u00d3-HAITI<\/p>\n<p>REDE AUT\u00d4NOMA DE DEFESA AOS AMEA\u00c7ADOS DE\u00a0MORTE<\/p>\n<p>COMIT\u00ca REVOLUCION\u00c1RIO IND\u00cdGENA<\/p>\n<p>RAFAEL TRAMM PRESIDENTE UNI\u00c3O CULTURAL\u00a0PELA AMIZADE DOS POVOS S\u00c3O PAULO<\/p>\n<p>IVAN PINHEIRO &#8211; SECRET\u00c1RIO GERAL\u00a0DO PCB (PARTIDO COMUNISTA BRASILEIRO)<\/p>\n<p>VINICIUS BANDERA<\/p>\n<p>HUGO BELARMINO DE MORAIS,\u00a0ADVOGADO POPULAR E PROFESSOR UNIVERSIT\u00c1RIO JOS\u00c9 HENRIQUE DUARTE NETO &#8211;\u00a0PROFESSOR\/IFPE\/RECIFE<\/p>\n<p>URDA ALICE KLUEGER-ESCRITORA\u00a0E HISTORIADORA<\/p>\n<p>JO\u00c3O LUIZ\u00a0DUBOC PINAUD-PRESIDENTE DA CASA DA AM\u00c9RICA\u00a0LATINA-<\/p>\n<p>CABO VERDE<\/p>\n<p>LARA FERRERO G\u00d3MEZ, BI\u00d3LOGA<\/p>\n<p>CANADA<\/p>\n<p>DANIEL SANTO<\/p>\n<p>AMPARO TORRES. ARTISTA,\u00a0RESIDENTE EN TORONTO-CANADA.<\/p>\n<p>JACQUES COUTURE,\u00a0QUEBEC<\/p>\n<p>CARLOS ANGULO-RIVAS, POETA Y ESCRITOR\u00a0PERUANO DESDE CANAD\u00c1<\/p>\n<p>CATALUNYA<\/p>\n<p>ROBERT MORRAL SEGARRA, EDUCADOR\u00a0SOCIAL-MILITANTE DE LA CUP (IZQUIERDA INDEPENDENTISTA CATALANA)<\/p>\n<p>ANTONI INFANTE, MDT<\/p>\n<p>COLOMBIA<\/p>\n<p>JAVIER A. CALDER\u00d3N CASTILLO, COMISI\u00d3N DE\u00a0RELACIONES INTERNACIONALES DEL MOVIMIENTO POL\u00cdTICO Y SOCIAL MARCHA PATRI\u00d3TICA<\/p>\n<p>FRANCISCO S\u00c1NCHEZ JIM\u00c9NEZ, ESCRITOR<\/p>\n<p>LUIS FERNANDO GARC\u00cdA N\u00da\u00d1EZ<\/p>\n<p>LUPERCIO BARBOSA PARRADO<\/p>\n<p>STELLA GONZ\u00c1LEZ DE LE\u00d3N, CALI<\/p>\n<p>JUAN PABLO CRUZ ESCOBAR &#8211;<\/p>\n<p>CARLOS A RUBIEL ANTONIO GALLO P.,\u00a0BOGOT\u00c1<\/p>\n<p>RTURO\u00a0JARAMILLO, ESCRITOR<\/p>\n<p>LEONOR ESGUERRA<\/p>\n<p>COSTA\u00a0RICA<\/p>\n<p>CIRCULO BOLIVARIANO YAMILETH\u00a0L\u00d3PEZ<\/p>\n<p>MARLENE\u00a0MORA- ABOGADA<\/p>\n<p>TRINO\u00a0BARRANTES ARAYA, PARTIDO VANGUARDIA POPULAR<\/p>\n<p>GRACIELA\u00a0BLANCO MART\u00c9N, PSIC\u00d3LOGA<\/p>\n<p>CUBA<\/p>\n<p>JAVIER SALADO, EDITOR<\/p>\n<p>GRACIELA RAM\u00cdREZ, COORDINADORA DEL COMIT\u00c9\u00a0INTERNACIONAL POR LOS 5<\/p>\n<p>REV. LUIS CARLOS MARRERO CHASBAR, GRUPO DE\u00a0REFLEXI\u00d3N Y SOLIDARIDAD OSCAR. A. ROMERO<\/p>\n<p>MARIV\u00cd RODR\u00cdGUEZ TRIANA, DOCENTE CINE<\/p>\n<p>PEDRO MART\u00cdNEZ\u00a0P\u00cdREZ, PERIODISTA<\/p>\n<p>CARLOS BALMASEDA ESPINOSA,\u00a0PROFESOR UNIVERSIDAD AGRARIA DE LA HABANA,<\/p>\n<p>MAYRA BARZAGA GARCIA,<\/p>\n<p>OLGA LIDIA P\u00c9REZ, POETA Y\u00a0PERIODISTA<\/p>\n<p>YOLANDA BERASAIN \u2013 CUBA<\/p>\n<p>NELVIS WILSON \u2013 CUBA<\/p>\n<p>YASMANY ZURITA SIAM, UJC CUBA<\/p>\n<p>ROSA CARLOTA VARGAS FORONDA, COMIT\u00c9 INTERNACIONAL POR LOS 5.<\/p>\n<p>ANA TERESA N\u00c1POLES DISOTUAR, DELEGADA DEL INSTITUTO CUBANO DE AMISTAD CON\u00a0LOS PUEBLOS EN GUANT\u00c1NAMO<\/p>\n<p>CHILE<\/p>\n<p>PABLO RUIZ, OBSERVATORIO DE LA ESCUELA DE\u00a0LAS AM\u00c9RICAS<\/p>\n<p>PARTIDO IGUALDAD &#8211; SANTIAGO DE CHILE<\/p>\n<p>JULIO CAMPOS AVILA, POETA, ESCRITOR<\/p>\n<p>MANUEL OLATE, DISE\u00d1ADOR,\u00a0INTERNACIONALISTA, MOV. CONTINENTAL BOLIVARIANO<\/p>\n<p>ALEXIS QUIROZ FIGUEROA SOCIOLOGO\u00a0UNIVERISDAD ARCIS, DIRIGENTE NACIONAL MOVIMIENTO PATRIOTICO MANUEL RODRIGUEZ\u00a0MPMR<\/p>\n<p>GINO STRAFORINI, RESP. RELAC.\u00a0INTERNACIONALES MIR, MIEMBRO DEL FORO DE SAO PAULO<\/p>\n<p>ADRIANA OSSA<\/p>\n<p>RUTH GARC\u00cdA<\/p>\n<p>EEUU<\/p>\n<p>DRA. BERTA JOUBERT-CECI, CENTRO DE ACCI\u00d3N\u00a0INTERNACIONAL<\/p>\n<p>DR. MICHAEL\u00a0DERHAM, PROGRAMME LEADER SPANISH AND LATIN AMERICAN STUDIES, NORTHUMBRIA LANGUAGE\u00a0CENTRE, NEWCASTLE -UPON-TYNE<\/p>\n<p>FERNANDO VELAZQUEZ, DIRECTOR DEL PROYECTO\u00a0INFORMATIVO PACIFICA Y PRODUCTOR EJECUTIVO DEL SEMANARIO EL SUR EN EL NORTE,\u00a0CALIFORNIA<\/p>\n<p>ESPA\u00d1A<\/p>\n<p>SUSANA BOLIS<\/p>\n<p>AITOR OTADUY PAZ, MADRID (MILITANTE DE LA\u00a0IZQUIERDA CASTELLANA)<\/p>\n<p>MONTSERRAT PONSA TARR\u00c9S, PERIODISTAS,\u00a0CATALUNYA<\/p>\n<p>JOSE ANTONIO NAVARRO HARO, MIEMBRO DEL\u00a0PCPE<\/p>\n<p>PURIFICACI\u00d3N GONZ\u00c1LEZ DE LA BLANCA,\u00a0ABOGADA<\/p>\n<p>\u00c1FRICA GARC\u00cdA [ACTIVISTA\u00a0INTERNACIONALISTA]<\/p>\n<p>JUAN DIEGO GARC\u00cdA<\/p>\n<p>FERNANDO MANZANERA [T\u00c9CNICO]<\/p>\n<p>MIGUEL NAVARRO, ARQUITECTO<\/p>\n<p>SANTIAGO GONZ\u00c1LEZ, ABOGADO<\/p>\n<p>XAVIER ASENSIO CASTRO, ABOGADO<\/p>\n<p>CLEMENTE RAMIREZ JIMENEZ, ABOGADO<\/p>\n<p>ROSA SANCHEZ GALLEGO, PEDAGOGA<\/p>\n<p>RICARDO SANCHEZ GALLEGO<\/p>\n<p>MARCELO DANIEL LARROSA MENDEZ, DELEGADO\u00a0DEL SINDICATO DE SAMAN VERGARA.<\/p>\n<p>DANIEL TORREIRO ENRIQUE- MURCIA,<\/p>\n<p>TITA MANRIQUE GARC\u00cdA, PROFESORA D\u00a0EINTANTIL. BUSTARVIEJO.<\/p>\n<p>JES\u00daS MART\u00cdNEZ DE DIOS, M\u00c9DICO DE FAMILIA.\u00a0BUSTARVIEJO.<\/p>\n<p>JES\u00daS RAMOS SAT ANDALUCIA<\/p>\n<p>GERM\u00c1N GUSTAVO RODR\u00cdGUEZ VALENCIA<\/p>\n<p>JORGE ETXEBARRIA GARCIA-\u00a0CANTABRIA<\/p>\n<p>CARLOS PELAYO GAGO GARCIA<\/p>\n<p>FRANCIA<\/p>\n<p>VIRGILIO PONCE &#8211; COORDINADORA DE CUBANOS\u00a0RESIDENTES EN FRANCIA<\/p>\n<p>MARIA PIEDAD OSSABA, DIRECTORA DE LA PLUMA\u00a0(<a href=\"http:\/\/www.lapluma.net\/\" target=\"_blank\">WWW.LAPLUMA.NET<\/a>)<\/p>\n<p>MARIO OSSABA, ARTISTA PLASTICO<\/p>\n<p>JEAN LUC MELENCHON, DIPUTADO EUROPEO Y\u00a0PRESIDENTE DEL PARTI DE GAUCHE<\/p>\n<p>CELINE MENESES, SECRETARIA DEL BLOQUE DE\u00a0IZQUIERDA DEL PARLAMENTO EUROPEO, RESPONSABLE INTERNACIONAL DEL PARTI DE GAUCHE<\/p>\n<p>GUATEMALA<\/p>\n<p>FRANCISCO GARZARO, ESCRITURA, POES\u00cdA<\/p>\n<p>PERCY FRANCISCO ALVARADO GODOY, ESCRITOR Y\u00a0PERIODISTA<\/p>\n<p>CESAR FIORINI,<\/p>\n<p>CARLOS FIGUEROA IBARRA<\/p>\n<p>CARMEN CAMEY HERRERA<\/p>\n<p>LIDIA SANTOS<\/p>\n<p>HECTOR NUILA<\/p>\n<p>MIGUEL ANGEL SANDOVAL<\/p>\n<p>\u00c1NGEL SANCHEZ &#8211; SECRETARIO GENERAL DE URNG<\/p>\n<p>WALDA BARRIOS<\/p>\n<p>ALBA ESTELA MALDONADO<\/p>\n<p>SILVIA SOL\u00d3RZANO<\/p>\n<p>MAYRA GODOY<\/p>\n<p>JUAN RAM\u00d3N RUIZ<\/p>\n<p>JOS\u00c9 ASTURIAS<\/p>\n<p>RUB\u00c9N SANCHEZ<\/p>\n<p>HUMBERTO MORALES<\/p>\n<p>EDUARDO SALAM<\/p>\n<p>DAVID\u00a0MAJANO\u00a0\u00a0POETA Y FOT\u00d3GRAFO<\/p>\n<p>SERGIO ARG\u00dcELLO, PSIC\u00d3LOGO ESCRITOR<\/p>\n<p>JORGE F. GONZALEZ RIOS<\/p>\n<p>HONDURAS<\/p>\n<p>ROBERTO QUESADA, ESCRITOR Y PERIODISTA<\/p>\n<p>SAMUEL FRANCISCO SANTOS<\/p>\n<p>ITALIA<\/p>\n<p>CARLOS TAP MARINELLA CORREGGIA, ITALIA<\/p>\n<p>RED NO WAR, ITALIA<\/p>\n<p>IA MOLINA (MEDICO) MILAN<\/p>\n<p>M\u00c9XICO<\/p>\n<p>FERNANDO BUEN ABAD DOM\u00cdNGUEZ<\/p>\n<p>PATRICIA BARBA \u00c1VILA, COORDINADORA GENERAL\u00a0DE LA RED HERMES<\/p>\n<p>FABIOLA S\u00c1NCHEZ, ASESOR PARLAMENTARIO\u00a0GRUPO PARLAMENTARIO PRD IZQUIERDA DF<\/p>\n<p>PATRICIA RUIZ<\/p>\n<p>ARMANDO\u00a0FRANCISCO HIGUERA DEL REYO<\/p>\n<p>ARMANDO\u00a0FRANCISCO HIGUERA DEL REYO, ASESOR T\u00c9CNICO EN ELECTR\u00d3NICA<\/p>\n<p>ALFREDO\u00a0CESAR DACHARY<\/p>\n<p>NICARAGUA<\/p>\n<p>SALAH AHMINE, RED NICARAGUA_SOCIALISTA<\/p>\n<p>PANAMA<\/p>\n<p>FRANKLIN LEDEZMA CANDANEDO, PERIODISTA Y ESCRITOR<\/p>\n<p>PA\u00cdS VASCO<\/p>\n<p>ALFONSO SASTRE, DRAMATURGO Y ESCRITOR,\u00a0EUSKAL HERRIA<\/p>\n<p>EVA SASTRE FOREST, EDITORA, EUSKAL HERRIA<\/p>\n<p>JES\u00daS VALENCIA, INTERNACIONALISTA VASCO<\/p>\n<p>IGOR URRUTIKOETXEA (SECRETARIO GENERAL DE\u00a0LA UNI\u00d3N INTERNACIONAL DE SINDICATOS DEL METAL Y LA MINER\u00cdA -UIS MM-, Y\u00a0SECRETARIO\u00a0DE RELACIONES INTERNACIONALES DE LAB,<\/p>\n<p>AITOR ALDASORO SUKIA,\u00a0\u00a0MILITANTE VASCO<\/p>\n<p>GAIZKA RIAL, OBRERO DE EUSKAL HERRIA.<\/p>\n<p>ANTXON MENDIZABAL\u00a0\u00a0PROFESOR TITULAR DE LA UNIVERSIDAD DEL<\/p>\n<p>I\u00d1AKI ERRAZKIN, PERIODISTA Y ESCRITOR<\/p>\n<p>ARGI\u00d1E MUNARRIZ, EUSKAL HERRIA<\/p>\n<p>JOSEBA GONZALEZ PEREDA, SINDICATO VASCO\u00a0LAB<\/p>\n<p>ANNIE PUYO PROFESORA<\/p>\n<p>EUSKAL\u00a0HERRIA-TRABAJADOR METAL\u00daRGICO-MILITANTE\u00a0INTERNACIONALISTA.<\/p>\n<p>XARLO ETCHEZAHARRETA<\/p>\n<p>SANTI\u00a0ANGULO MARTIN, PROFESOR<\/p>\n<p>PARAGUAY<\/p>\n<p>VICENTE\u00a0\u00a0BRUNETTI, ESCRITOR, INVESTIGADOR Y CONSULTOR INTERNACIONAL EN\u00a0COMUNICACI\u00d3N Y EDUCACI\u00d3N<\/p>\n<p>GUILLERMO PINI, PERIODISTA\u00a0\u00a0ARGENTINO, RESIDENTE EN PARAGUAY<\/p>\n<p>AMADO NAJEEB, PARTIDO COMUNISTA PARAGUAY,\u00a0FRENTE GUAZ\u00da<\/p>\n<p>PER\u00da<\/p>\n<p>WINSTON ORRILLO, PREMIO NACIONAL DE\u00a0CULTURA DEL PER\u00da<\/p>\n<p>EZEQUIEL ROBLES, PRESIDENTE DE LA ASOCIACI\u00d3N\u00a0DE DEFENSA DE LA VIDA, LIMA<\/p>\n<p>JUAN ROJAS VARGAS<\/p>\n<p>ARTURO CORCUERA<\/p>\n<p>HILDEBRANDO P\u00c9REZ GRANDE<\/p>\n<p>OSWALDO REINOSO<\/p>\n<p>LINDA LEMA TUCKER<\/p>\n<p>MARCELA P\u00c9REZ SILVA<\/p>\n<p>REINALDO NARANJO<\/p>\n<p>FANNY PALACIOS IZQUIERDO<\/p>\n<p>H\u00c9CTOR BEJAR R.<\/p>\n<p>ETNA VELARDE PERALES<\/p>\n<p>GUSTAVO ESPINOZA M.<\/p>\n<p>ISAAC HUMALA<\/p>\n<p>ELENA TASSO DE HUMALA<\/p>\n<p>ROSINA VALC\u00c1RCEL<\/p>\n<p>LUC\u00cdA LULLI<\/p>\n<p>JOS\u00c9 LUIS AYALA<\/p>\n<p>CARLOS ALBERTO OSTOLAZA<\/p>\n<p>EVER AUGUSTO ARRACUE<\/p>\n<p>ROSARIO ARROYO<\/p>\n<p>GERM\u00c1N CARNERO ROQUE<\/p>\n<p>BRUNO PORTUGUEZ NOLASCO<\/p>\n<p>FEDERICO GARC\u00cdA<\/p>\n<p>PILAR ROCA<\/p>\n<p>MARGOT PALOMINO<\/p>\n<p>EDUARDO ARROYO LAGUNA<\/p>\n<p>JOS\u00c9 ROUILL\u00d3N DELGADO<\/p>\n<p>ALEJANDO MELGAR<\/p>\n<p>ANA MAR\u00cdA INTILI<\/p>\n<p>JUAN CRIST\u00d3BAL<\/p>\n<p>DELFINA PAREDES<\/p>\n<p>MAINOR FREIRE<\/p>\n<p>JORGE LUIS RONCAL<\/p>\n<p>LEO CASAS<\/p>\n<p>DEBORA ZAMBRANO<\/p>\n<p>BLADIMIRO GUEVARA<\/p>\n<p>GRACE G\u00c1LVEZ N.<\/p>\n<p>ALEXIS VELARDE P.<\/p>\n<p>NADIA PODLESKIS<\/p>\n<p>HUMBERTO NAPOLE\u00d3N V\u00cdLCHEZ MU\u00d1OZ CASA DE LA\u00a0AMISTAD PER\u00da .CUBA.<\/p>\n<p>POLONIA<\/p>\n<p>IRENA KAMI\u00d1SKA<\/p>\n<p>PORTUGAL<\/p>\n<p>JORGE FIGUEIREDO,\u00a0<a href=\"http:\/\/resistir.info\/\" target=\"_blank\">HTTP:\/\/RESISTIR.INFO<\/a><\/p>\n<p>PUERTO RICO<\/p>\n<p>JUAN CAMACHO<\/p>\n<p>MILAGROS RIVERA<\/p>\n<p>REPUBLICA DOMINICANA<\/p>\n<p>AM\u00cdN O. MARTINEZ, PROFESOR DE ECONOM\u00cdA\u00a0UNIV. AUT\u00d3NOMA DE SANTO<\/p>\n<p>DOMINGO<\/p>\n<p>SUECIA<\/p>\n<p>EMILIO RUIZ<\/p>\n<p>CLAUDIO ALVAREZ\u00a0ILICH GALD\u00c1MEZ<\/p>\n<p>RUTH CARTAYA- COORDINADORA DE\u00a0RESOLVER<\/p>\n<p>JOS\u00c9\u00a0ANTONIO MART\u00cdN P\u00c9REZ-\u00a0GRANADA<\/p>\n<p>ALBERTO\u00a0MU\u00d1OZ ANDRADE<\/p>\n<p>KERSTIN\u00a0SUMELIUS<\/p>\n<p>SUIZA<\/p>\n<p>TERESA CASTRO, OSCAR NASCIMENTO Y JULIO\u00a0AVELLA GARC\u00cdA, COMIT\u00c9\u00a0\u00a0DE LA ASOCIACI\u00d3N\u00a0AIPAZCOMUN<\/p>\n<p>T\u00daNEZ<\/p>\n<p>DR. RASHID SHERIF, MIEMBRO DEL FRENTE\u00a0POPULAR<\/p>\n<p>UNION EUROPEA<\/p>\n<p>MAITE\u00a0MOLA, RESPONSABLE DE INTERNACIONAL PCE, VICEPRESIDENTA DE PARTIDO DE LA\u00a0IZQUIERDA EUROPEA<\/p>\n<p>URUGUAY<\/p>\n<p>GLORIA SELLERA<\/p>\n<p>JORGE DANIEL D\u00cdAZ, COMUNICADOR<\/p>\n<p>GUSTAVO ESMORIS, ESCRITOR<\/p>\n<p>JORGE DANIEL DIAZ &#8211; COMUNICADOR &#8211;<\/p>\n<p>JORGE ZABALZA,<\/p>\n<p>RADIO LA ZURDA &#8211; EMISORA WEB<\/p>\n<p>COLECTIVO DEL BLOG NOTICIAS\u00a0URUGUAYAS<\/p>\n<p>JOS\u00c9 LUIS TR\u00cdAS,<\/p>\n<p>HUGO BERVEJILLO, ESCRITOR,\u00a0MALV\u00cdN, MONTEVIDEO,<\/p>\n<p>VENEZUELA<\/p>\n<p>BUZ\u00d3N DE MIRANDA, VENEZUELA<\/p>\n<p>LUIS EDUARDO ACOSTA AN\u00c9S,\u00a0VOCERO DEL NODO INSULAR\u00a0DE LA RED NACIONAL DE TEATRO Y CIRCO DE VENEZUELA<\/p>\n<p>YASMINA RAUSEO ROJAS, EDUCADORA.\u00a0VENEZOLANA BOLIVARIANA<\/p>\n<p>EDGAR TORO PROFESOR UNIVERSITARIO\u00a0UCV FAC. DE INGENIERIA<\/p>\n<p>Siguen las firmas\u2026<\/p>\n<p>Para sumar su firma, escribir a:<\/p>\n<p><a href=\"mailto:vamos.maduro@gmail.com\" target=\"_blank\">vamos.maduro@gmail.com<\/a><\/p>\n","protected":false},"excerpt":{"rendered":"\nO povo venezuelano expressou-se neste \u00faltimo domingo, democraticamente, nas urnas, e deu o triunfo a quem representa o legado do Comandante Hugo Ch\u00e1vez.\n<a class=\"moretag\" href=\"https:\/\/pcb.org.br\/portal2\/4665\"> <\/a>","protected":false},"author":1,"featured_media":0,"comment_status":"open","ping_status":"open","sticky":false,"template":"","format":"standard","meta":{"jetpack_post_was_ever_published":false,"_jetpack_newsletter_access":"","_jetpack_dont_email_post_to_subs":false,"_jetpack_newsletter_tier_id":0,"_jetpack_memberships_contains_paywalled_content":false,"_jetpack_memberships_contains_paid_content":false,"footnotes":"","jetpack_publicize_message":"","jetpack_publicize_feature_enabled":true,"jetpack_social_post_already_shared":false,"jetpack_social_options":{"image_generator_settings":{"template":"highway","default_image_id":0,"font":"","enabled":false},"version":2}},"categories":[45],"tags":[],"class_list":["post-4665","post","type-post","status-publish","format-standard","hentry","category-c54-venezuela"],"jetpack_publicize_connections":[],"jetpack_featured_media_url":"","jetpack_shortlink":"https:\/\/wp.me\/p659gw-1df","jetpack-related-posts":[],"jetpack_likes_enabled":true,"jetpack_sharing_enabled":true,"_links":{"self":[{"href":"https:\/\/pcb.org.br\/portal2\/wp-json\/wp\/v2\/posts\/4665","targetHints":{"allow":["GET"]}}],"collection":[{"href":"https:\/\/pcb.org.br\/portal2\/wp-json\/wp\/v2\/posts"}],"about":[{"href":"https:\/\/pcb.org.br\/portal2\/wp-json\/wp\/v2\/types\/post"}],"author":[{"embeddable":true,"href":"https:\/\/pcb.org.br\/portal2\/wp-json\/wp\/v2\/users\/1"}],"replies":[{"embeddable":true,"href":"https:\/\/pcb.org.br\/portal2\/wp-json\/wp\/v2\/comments?post=4665"}],"version-history":[{"count":0,"href":"https:\/\/pcb.org.br\/portal2\/wp-json\/wp\/v2\/posts\/4665\/revisions"}],"wp:attachment":[{"href":"https:\/\/pcb.org.br\/portal2\/wp-json\/wp\/v2\/media?parent=4665"}],"wp:term":[{"taxonomy":"category","embeddable":true,"href":"https:\/\/pcb.org.br\/portal2\/wp-json\/wp\/v2\/categories?post=4665"},{"taxonomy":"post_tag","embeddable":true,"href":"https:\/\/pcb.org.br\/portal2\/wp-json\/wp\/v2\/tags?post=4665"}],"curies":[{"name":"wp","href":"https:\/\/api.w.org\/{rel}","templated":true}]}}