{"id":467,"date":"2010-05-16T23:21:22","date_gmt":"2010-05-16T23:21:22","guid":{"rendered":"http:\/\/pcb.org.br\/portal2\/?p=467"},"modified":"2010-05-16T23:21:22","modified_gmt":"2010-05-16T23:21:22","slug":"ivan-pinheiro-em-fortaleza","status":"publish","type":"post","link":"https:\/\/pcb.org.br\/portal2\/467","title":{"rendered":"Ivan Pinheiro em Fortaleza"},"content":{"rendered":"\n<p>Ainda no dia 05, na sede do partido, em Fortaleza, Ivan participou de reuni\u00e3o do Comit\u00ea Regional ampliada com militantes.<\/p>\n<p>Nesta reuni\u00e3o, o camarada fez uma an\u00e1lise da conjuntura e exp\u00f4s os motivos da candidatura pr\u00f3pria do partido e tamb\u00e9m deu informa\u00e7\u00f5es importantes para a milit\u00e2ncia comunista do Cear\u00e1 sobre o quadro eleitoral no resto de Pa\u00eds.<\/p>\n<p>Os membros do Comit\u00ea Regional e o conjunto dos militantes, presentes \u00e0 reuni\u00e3o, reafirmaram em suas falas a necessidade hist\u00f3rica do partido marchar com candidaturas pr\u00f3prias em todos os n\u00edveis. Expuseram o quadro eleitoral do Cear\u00e1 e que o partido lan\u00e7ar\u00e1 candidatos a Governador e Senador.<\/p>\n<p>No dia 06 pela manh\u00e3, Ivan participou de entrevista em programa pol\u00edtico na r\u00e1dio Cidade e de entrevista coletiva no Comit\u00ea de Imprensa da Assembl\u00e9ia Legislativa. \u00c0s 10 horas do mesmo dia foi feita visita a uma ocupa\u00e7\u00e3o urbana do MST, onde lideran\u00e7as do movimento reuniram os membros da ocupa\u00e7\u00e3o numa tenda para que o Secret\u00e1rio Geral do PCB pudesse fazer uma fala.<\/p>\n<p>Neste mesmo dia, o camarada Ivan participou de uma entrevista de 1 hora no programa \u201cCena P\u00fablica\u201d da TV assembl\u00e9ia, que foi ao ar no dia 07, \u00e0s\u00a0 19 horas. Ainda no dia 06, \u00e0s 19 horas, aconteceu no audit\u00f3rio do Sindicato dos Comerci\u00e1rios de Fortaleza o lan\u00e7amento do livro com as resolu\u00e7\u00f5es do XIV congresso do PCB e o lan\u00e7amento da pr\u00e9-candidatura do Partido a presidente da Rep\u00fablica.<\/p>\n<p>Nesta atividade, o audit\u00f3rio estava praticamente lotado de militantes, simpatizantes e amigos do partido. Em todas as interven\u00e7\u00f5es, o Secret\u00e1rio Geral do PCB, Ivan Pinheiro, fez quest\u00e3o de afirmar que n\u00e3o estava vindo lan\u00e7ar somente candidaturas, mas propostas pol\u00edticas que v\u00e3o balizar a campanha do PCB e que apontam os rumos da luta anticapitalista.<\/p>\n<p>Participaram da mesa, o Vereador Wilton, do PCB de S\u00e3o Luiz do Curu, Gilvan Rocha da dire\u00e7\u00e3o Estadual do PSOL e o militante Leidiano, da Consulta Popular<\/p>\n","protected":false},"excerpt":{"rendered":"\n\n\nCr\u00e9dito: PCB\nVeja mais fotos&#8230;\n\n\n\n\nIvan Pinheiro, pr\u00e9-candidato do PCB, esteve em Fortaleza de 05 a 07 de maio.\n<a class=\"moretag\" href=\"https:\/\/pcb.org.br\/portal2\/467\"> <\/a>","protected":false},"author":1,"featured_media":0,"comment_status":"open","ping_status":"open","sticky":false,"template":"","format":"standard","meta":{"jetpack_post_was_ever_published":false,"_jetpack_newsletter_access":"","_jetpack_dont_email_post_to_subs":false,"_jetpack_newsletter_tier_id":0,"_jetpack_memberships_contains_paywalled_content":false,"_jetpack_memberships_contains_paid_content":false,"footnotes":"","jetpack_publicize_message":"","jetpack_publicize_feature_enabled":true,"jetpack_social_post_already_shared":false,"jetpack_social_options":{"image_generator_settings":{"template":"highway","default_image_id":0,"font":"","enabled":false},"version":2}},"categories":[62],"tags":[],"class_list":["post-467","post","type-post","status-publish","format-standard","hentry","category-c73-eleicoes-2010"],"jetpack_publicize_connections":[],"jetpack_featured_media_url":"","jetpack_shortlink":"https:\/\/wp.me\/p659gw-7x","jetpack-related-posts":[],"jetpack_likes_enabled":true,"jetpack_sharing_enabled":true,"_links":{"self":[{"href":"https:\/\/pcb.org.br\/portal2\/wp-json\/wp\/v2\/posts\/467","targetHints":{"allow":["GET"]}}],"collection":[{"href":"https:\/\/pcb.org.br\/portal2\/wp-json\/wp\/v2\/posts"}],"about":[{"href":"https:\/\/pcb.org.br\/portal2\/wp-json\/wp\/v2\/types\/post"}],"author":[{"embeddable":true,"href":"https:\/\/pcb.org.br\/portal2\/wp-json\/wp\/v2\/users\/1"}],"replies":[{"embeddable":true,"href":"https:\/\/pcb.org.br\/portal2\/wp-json\/wp\/v2\/comments?post=467"}],"version-history":[{"count":0,"href":"https:\/\/pcb.org.br\/portal2\/wp-json\/wp\/v2\/posts\/467\/revisions"}],"wp:attachment":[{"href":"https:\/\/pcb.org.br\/portal2\/wp-json\/wp\/v2\/media?parent=467"}],"wp:term":[{"taxonomy":"category","embeddable":true,"href":"https:\/\/pcb.org.br\/portal2\/wp-json\/wp\/v2\/categories?post=467"},{"taxonomy":"post_tag","embeddable":true,"href":"https:\/\/pcb.org.br\/portal2\/wp-json\/wp\/v2\/tags?post=467"}],"curies":[{"name":"wp","href":"https:\/\/api.w.org\/{rel}","templated":true}]}}